{"id":272687,"date":"2025-07-25T11:49:12","date_gmt":"2025-07-25T11:49:12","guid":{"rendered":"https:\/\/www.europesays.com\/fr\/272687\/"},"modified":"2025-07-25T11:49:12","modified_gmt":"2025-07-25T11:49:12","slug":"en-allemagne-le-soutien-a-israel-passe-de-plus-en-plus-mal","status":"publish","type":"post","link":"https:\/\/www.europesays.com\/fr\/272687\/","title":{"rendered":"En Allemagne, le soutien \u00e0 Isra\u00ebl passe de plus en plus mal"},"content":{"rendered":"<p>\u00ab\u00a0Isol\u00e9e\u00a0\u00bb, le mot revient sans cesse pour qualifier l\u2019Allemagne et sa politique envers Isra\u00ebl. Or cet isolement devrait encore se renforcer avec l\u2019annonce jeudi par le pr\u00e9sident Emmanuel Macron de vouloir reconna\u00eetre en septembre l\u2019\u00c9tat palestinien. Pour l\u2019Allemagne, le sujet est tr\u00e8s sensible. Favorable \u00e0 une solution \u00e0 deux \u00c9tats, ce pays a d\u00e9j\u00e0 dit par le pass\u00e9 vouloir reconna\u00eetre un \u00c9tat palestinien, au mieux en cours de n\u00e9gociations de paix, au plus tard \u00e0 l\u2019issue de telles n\u00e9gociations. Ce vendredi, <a href=\"https:\/\/www.la-croix.com\/international\/paris-et-berlin-tentent-de-faire-decoller-l-avion-de-combat-du-futur-20250723\" data-tracking=\"inpage_click\" data-tracking-action=\"suivre un lien dans l&#039;article\" data-tracking-category=\"engagement\" rel=\"nofollow noopener\" target=\"_blank\">le porte-parole du chancelier Friedrich Merz<\/a>, Stefan Kornelius, a r\u00e9agi en d\u00e9clarant qu\u2019il n\u2019y aurait \u00ab\u00a0pas de reconnaissance \u00e0 court terme\u00a0\u00bb, et en r\u00e9p\u00e9tant la ligne habituelle de Berlin.<\/p>\n<p>Cet article est r\u00e9serv\u00e9 aux abonn\u00e9s<\/p>\n<p>\n                    Vous souhaitez lire la suite\u00a0? Abonnez-vous sans engagement \u00e0 notre offre num\u00e9rique\n                <\/p>\n<p>                <a href=\"https:\/\/www.la-croix.com\/abonnement\" class=\"default-paywall__subscribe-button\" data-tracking=\"cta_click\" data-tracking-action=\"voir la page abonnement\" data-tracking-category=\"abonnement\" rel=\"nofollow noopener\" target=\"_blank\">Je m&rsquo;abonne<\/a><\/p>\n","protected":false},"excerpt":{"rendered":"\u00ab\u00a0Isol\u00e9e\u00a0\u00bb, le mot revient sans cesse pour qualifier l\u2019Allemagne et sa politique envers Isra\u00ebl. Or cet isolement devrait&hellip;\n","protected":false},"author":2,"featured_media":272688,"comment_status":"","ping_status":"","sticky":false,"template":"","format":"standard","meta":{"footnotes":""},"categories":[1587],"tags":[11,672,1804,1805,1803,1777,674,1801,12,1802],"class_list":{"0":"post-272687","1":"post","2":"type-post","3":"status-publish","4":"format-standard","5":"has-post-thumbnail","7":"category-allemagne","8":"tag-actualites","9":"tag-allemagne","10":"tag-bundesrepublik-deutschland","11":"tag-de","12":"tag-deutschland","13":"tag-eu","14":"tag-europe","15":"tag-germany","16":"tag-news","17":"tag-republique-federale-dallemagne"},"share_on_mastodon":{"url":"https:\/\/pubeurope.com\/@fr\/114913723655653779","error":""},"_links":{"self":[{"href":"https:\/\/www.europesays.com\/fr\/wp-json\/wp\/v2\/posts\/272687","targetHints":{"allow":["GET"]}}],"collection":[{"href":"https:\/\/www.europesays.com\/fr\/wp-json\/wp\/v2\/posts"}],"about":[{"href":"https:\/\/www.europesays.com\/fr\/wp-json\/wp\/v2\/types\/post"}],"author":[{"embeddable":true,"href":"https:\/\/www.europesays.com\/fr\/wp-json\/wp\/v2\/users\/2"}],"replies":[{"embeddable":true,"href":"https:\/\/www.europesays.com\/fr\/wp-json\/wp\/v2\/comments?post=272687"}],"version-history":[{"count":0,"href":"https:\/\/www.europesays.com\/fr\/wp-json\/wp\/v2\/posts\/272687\/revisions"}],"wp:featuredmedia":[{"embeddable":true,"href":"https:\/\/www.europesays.com\/fr\/wp-json\/wp\/v2\/media\/272688"}],"wp:attachment":[{"href":"https:\/\/www.europesays.com\/fr\/wp-json\/wp\/v2\/media?parent=272687"}],"wp:term":[{"taxonomy":"category","embeddable":true,"href":"https:\/\/www.europesays.com\/fr\/wp-json\/wp\/v2\/categories?post=272687"},{"taxonomy":"post_tag","embeddable":true,"href":"https:\/\/www.europesays.com\/fr\/wp-json\/wp\/v2\/tags?post=272687"}],"curies":[{"name":"wp","href":"https:\/\/api.w.org\/{rel}","templated":true}]}}