{"id":272699,"date":"2025-07-25T11:55:18","date_gmt":"2025-07-25T11:55:18","guid":{"rendered":"https:\/\/www.europesays.com\/fr\/272699\/"},"modified":"2025-07-25T11:55:18","modified_gmt":"2025-07-25T11:55:18","slug":"le-liv-golf-va-cesser-de-payer-les-amendes-du-dp-world-tour-et-ce-nest-pas-bon-signe-pour-la-ryder-cup-2027-en-irlande","status":"publish","type":"post","link":"https:\/\/www.europesays.com\/fr\/272699\/","title":{"rendered":"Le LIV Golf va cesser de payer les amendes du DP World Tour et ce n\u2019est pas bon signe pour la Ryder Cup 2027 en Irlande"},"content":{"rendered":"<p>\t\t\t\t\t\t<img width=\"770\" height=\"557\" src=\"https:\/\/www.europesays.com\/fr\/wp-content\/uploads\/2025\/07\/rahmhatton-770x557.jpg\" class=\"img-responsive wp-post-image\" alt=\"\" decoding=\"async\" fetchpriority=\"high\"  \/>\t\t\t\t\t<\/p>\n<p>\t\t\t\t\t\t Partager cet article <\/p>\n<p class=\"screen-reader-text juiz_sps_maybe_hidden_text\">Partager la publication \u00ab\u00a0Le LIV Golf va cesser de payer les amendes du DP World Tour et ce n\u2019est pas bon signe pour la Ryder Cup 2027 en Irlande\u00a0\u00bb<\/p>\n<p><strong>Selon les informations publi\u00e9es en milieu de semaine par le Telegraph Sport, la direction du LIV Golf ne paiera plus \u00e0 partir de la saison prochaine les amendes du DP World Tour afin que certains de leurs joueurs dissidents conservent leur membership avec le Tour europ\u00e9en. Ce qui n\u2019est pas franchement une bonne nouvelle pour Ryder Cup Europe qui recevra l\u2019\u00e9preuve en 2027 \u00e0 Adare, en R\u00e9publique d\u2019Irlande.<\/strong><\/p>\n<p>\t\t\t\t<img loading=\"lazy\" decoding=\"async\" src=\"data:image\/svg+xml,%3Csvg%20xmlns=\" http:=\"\" attributionsrc=\"\" border=\"0\" height=\"1\" width=\"1\" alt=\"Advertisement\" data-lazy-src=\"https:\/\/www.europesays.com\/fr\/wp-content\/uploads\/2025\/06\/B33661776.421948095;dc_trk_aid=614321628;dc_trk_cid=235413172;ord=[timestamp];dc_lat=;dc_rdid=;tag_f.gif\"\/><\/p>\n<p>\t\t\t\t\t<a id=\"174697\" href=\"https:\/\/ad.doubleclick.net\/ddm\/trackclk\/N6600.3770024GOLFPLANATE\/B33661776.421948095;dc_trk_aid=614321628;dc_trk_cid=235413172;dc_lat=;dc_rdid=;tag_for_child_directed_treatment=;tfua=;gdpr=${GDPR};gdpr_consent=${GDPR_CONSENT_755};ltd=;dc_tdv=1\" target=\"_blank\" rel=\"sponsorised nofollow noopener\"><img decoding=\"async\" src=\"data:image\/svg+xml,%3Csvg%20xmlns=\" http:=\"\" class=\"img-responsive\" alt=\"\" data-lazy-src=\"https:\/\/www.europesays.com\/fr\/wp-content\/uploads\/2025\/06\/amundi-e01-retraite-2506-1170x275-1.jpg\"\/><\/a><\/p>\n<p>C\u2019est termin\u00e9 ! Le <strong>LIV Golf<\/strong> a d\u00e9cid\u00e9 de fermer les vannes. Selon le Telegraph Sport, le Circuit dissident a inform\u00e9 ses joueurs qu\u2019il cesserait \u00e0 partir de la saison prochaine de payer les amendes du <strong>DP World Tour<\/strong> pour que ceux-ci demeurent membres de leur circuit initial.<\/p>\n<p>C\u2019est \u00e9videmment une mauvaise nouvelle pour <strong>Ryder Cup Europe<\/strong> puisque les membres de l\u2019\u00e9quipe europ\u00e9enne de <strong>Ryder Cup<\/strong> doivent \u00eatre obligatoirement affili\u00e9s au DP World Tour pour esp\u00e9rer participer \u00e0 l\u2019\u00e9v\u00e9nement biennal. Ainsi, des joueurs comme <strong>Jon Rahm<\/strong>, <strong>Tyrrell<\/strong> <strong>Hatton<\/strong>, <strong>Adrian Meronk<\/strong>, <strong>Tom McKibbin<\/strong> et tout r\u00e9cemment <strong>Sergio Garcia<\/strong> ont pu conserver leur membership gr\u00e2ce aux paiements des amendes par le LIV Golf.<\/p>\n<p>\t\t\t\t\t<a id=\"174987\" href=\"https:\/\/www.sudfrancegolf.com\/fr\/\" target=\"_blank\" rel=\"sponsorised nofollow noopener\"><img decoding=\"async\" src=\"data:image\/svg+xml,%3Csvg%20xmlns=\" http:=\"\" class=\"img-responsive\" alt=\"\" data-lazy-src=\"https:\/\/www.europesays.com\/fr\/wp-content\/uploads\/2025\/06\/giesudfrancegolf-e02-egolf-pass-2025-v2-1170x275-1.gif\"\/><\/a><br \/>\n8 \u00e0 10 millions d\u2019euros d\u2019amendes impay\u00e9es<\/p>\n<p>Pour rappel, en avril 2023, le Tour europ\u00e9en avait remport\u00e9 au Tribunal un arbitrage qui lui permettait de sanctionner financi\u00e8rement tout joueur n\u2019ayant pas re\u00e7u l\u2019autorisation du DP World Tour d\u2019\u00e9voluer sur un autre Circuit. Sous le coup de cette d\u00e9cision de justice, Jon Rahm et Tyrrell Hatton ont, depuis, fait appel de cette d\u00e9cision. Appel qui sera d\u2019ailleurs examin\u00e9 en audience juste apr\u00e8s la 45e Ryder Cup pr\u00e9vue du 26 au 28 septembre 2025 \u00e0 <strong>Bethpage Black<\/strong> (New York).<\/p>\n<p>Toujours selon le Telegraph Sport, la Ligue saoudienne aura d\u00e9j\u00e0 vers\u00e9 15 millions d\u2019euros au DP World alors qu\u2019il resterait entre 8 \u00e0 10 millions d\u2019euros d\u2019amendes impay\u00e9es. Sur ce dernier point, le Telegraph Sport ajoute que le manager de Jon Rahm a clairement expliqu\u00e9 dans une lettre adress\u00e9e au Directeur du Tour europ\u00e9en, l\u2019Anglais <strong>Guy Kinnings<\/strong>, que le golfeur espagnol n\u2019avait aucune intention de payer les amendes encore en cours. Signalons tout de m\u00eame que le Basque avait encaiss\u00e9 un ch\u00e8que d\u2019environ 500 millions de dollars pour rejoindre en d\u00e9cembre 2023 le LIV Golf.<\/p>\n<blockquote><p>\nSans accord en vue, un \u00e9norme probl\u00e8me se profile<\/p>\n<p>Une source proche du dossier au DP World Tour<\/p>\n<\/blockquote>\n<p>\u00ab Il y aurait de l\u2019indignation si le Tour c\u00e9dait, souligne aupr\u00e8s du Telegraph Sport une source proche du dossier. Le fait est que le Tour s\u2019attendait \u00e0 ce que les n\u00e9gociations de paix entre le PGA Tour et les Saoudiens soient d\u00e9j\u00e0 termin\u00e9es, alors il a repouss\u00e9 la question, convaincu que cela n\u2019aurait aucune importance. Mais sans accord en vue, un \u00e9norme probl\u00e8me se profile. \u00bb<\/p>\n<p>Sans aucun changement de cap dans les prochains mois du DP World Tour sur cette question \u00e9pineuse des amendes toujours non pay\u00e9es, il est clair que le visage de l\u2019\u00e9quipe europ\u00e9enne de Ryder Cup pour l\u2019\u00e9dition 2027 \u00e0 <strong>Adare<\/strong>, en R\u00e9publique d\u2019Irlande, pourrait \u00eatre sensiblement d\u00e9figur\u00e9.<\/p>\n<p>Affaire \u00e0 suivre, donc\u00a0!<\/p>\n<p>\t\t\t\t\t<a id=\"180473\" href=\"https:\/\/eu.ping.com\/fr-fr\/clubs\/irons\/idi\" target=\"_blank\" rel=\"sponsorised nofollow noopener\"><img decoding=\"async\" src=\"data:image\/svg+xml,%3Csvg%20xmlns=\" http:=\"\" class=\"img-responsive\" alt=\"\" data-lazy-src=\"https:\/\/www.europesays.com\/fr\/wp-content\/uploads\/2025\/07\/ping-e07-fers-idi-1170x275-1.jpg\"\/><\/a><\/p>\n<p>Photo : ROSS KINNAIRD \/ GETTY IMAGES EUROPE \/ Getty Images via AFP<\/p>\n","protected":false},"excerpt":{"rendered":"Partager cet article Partager la publication \u00ab\u00a0Le LIV Golf va cesser de payer les amendes du DP World&hellip;\n","protected":false},"author":2,"featured_media":272700,"comment_status":"","ping_status":"","sticky":false,"template":"","format":"standard","meta":{"footnotes":""},"categories":[1418],"tags":[1011,27,1472,60],"class_list":{"0":"post-272699","1":"post","2":"type-post","3":"status-publish","4":"format-standard","5":"has-post-thumbnail","7":"category-golf","8":"tag-fr","9":"tag-france","10":"tag-golf","11":"tag-sports"},"share_on_mastodon":{"url":"https:\/\/pubeurope.com\/@fr\/114913746792728819","error":""},"_links":{"self":[{"href":"https:\/\/www.europesays.com\/fr\/wp-json\/wp\/v2\/posts\/272699","targetHints":{"allow":["GET"]}}],"collection":[{"href":"https:\/\/www.europesays.com\/fr\/wp-json\/wp\/v2\/posts"}],"about":[{"href":"https:\/\/www.europesays.com\/fr\/wp-json\/wp\/v2\/types\/post"}],"author":[{"embeddable":true,"href":"https:\/\/www.europesays.com\/fr\/wp-json\/wp\/v2\/users\/2"}],"replies":[{"embeddable":true,"href":"https:\/\/www.europesays.com\/fr\/wp-json\/wp\/v2\/comments?post=272699"}],"version-history":[{"count":0,"href":"https:\/\/www.europesays.com\/fr\/wp-json\/wp\/v2\/posts\/272699\/revisions"}],"wp:featuredmedia":[{"embeddable":true,"href":"https:\/\/www.europesays.com\/fr\/wp-json\/wp\/v2\/media\/272700"}],"wp:attachment":[{"href":"https:\/\/www.europesays.com\/fr\/wp-json\/wp\/v2\/media?parent=272699"}],"wp:term":[{"taxonomy":"category","embeddable":true,"href":"https:\/\/www.europesays.com\/fr\/wp-json\/wp\/v2\/categories?post=272699"},{"taxonomy":"post_tag","embeddable":true,"href":"https:\/\/www.europesays.com\/fr\/wp-json\/wp\/v2\/tags?post=272699"}],"curies":[{"name":"wp","href":"https:\/\/api.w.org\/{rel}","templated":true}]}}