{"id":272701,"date":"2025-07-25T11:57:09","date_gmt":"2025-07-25T11:57:09","guid":{"rendered":"https:\/\/www.europesays.com\/fr\/272701\/"},"modified":"2025-07-25T11:57:09","modified_gmt":"2025-07-25T11:57:09","slug":"anthony-bouthier-revele-la-raison-de-son-depart-de-montpellier-pour-le-rc-vannes","status":"publish","type":"post","link":"https:\/\/www.europesays.com\/fr\/272701\/","title":{"rendered":"Anthony Bouthier r\u00e9v\u00e8le la raison de son d\u00e9part de Montpellier pour le RC Vannes !"},"content":{"rendered":"<p>L\u2019arri\u00e8re international fran\u00e7ais Anthony Bouthier a fait son grand retour \u00e0 Vannes, cet \u00e9t\u00e9.<\/p>\n<p>Celui qui avait quitt\u00e9 le club Breton en 2019 afin de rejoindre Montpellier a d\u00e9cid\u00e9, cette fois-ci, de faire le chemin inverse.<\/p>\n<p><strong>Interrog\u00e9 via <a href=\"https:\/\/www.rugbyrama.fr\/2025\/07\/25\/pro-d2-meme-a-33-ans-je-suis-loin-detre-fini-promet-anthony-bouthier-qui-retrouve-le-maillot-de-vannes-12843941.php\" rel=\"nofollow noopener\" target=\"_blank\">Midi Olympique<\/a>, Anthony Bouthier a racont\u00e9 son retour \u00e0 Vannes. Extrait:<\/strong><\/p>\n<p>Bien, tr\u00e8s bien, j\u2019ai commenc\u00e9 il y a bient\u00f4t trois semaines, tr\u00e8s bien accueilli, bien int\u00e9gr\u00e9 aussi, vraiment un bon groupe donc tr\u00e8s content d\u2019\u00eatre de retour.<\/p>\n<p><strong>Il explique d\u00e9couvrir de nouvelles choses \u00e9tant donn\u00e9 que l\u2019effectif a \u00e9norm\u00e9ment \u00e9volu\u00e9. Extrait:<\/strong><\/p>\n<p>Un peu quand m\u00eame parce qu\u2019il n\u2019y a que cinq ou six joueurs avec lesquels j\u2019ai jou\u00e9 et un peu de membres du staff qui sont\u00a0rest\u00e9s mais beaucoup qui ont chang\u00e9. Les locaux, les infrastructures aussi ont chang\u00e9, c\u2019est un peu comme un nouveau club.<\/p>\n<p><strong>Il a \u00e9galement d\u00e9couvert les nouveaux locaux du RCV. Extrait:<\/strong><\/p>\n<p>C\u2019est vraiment tr\u00e8s professionnel. Travailler dans un endroit comme \u00e7a, c\u2019est vrai que c\u2019est super au quotidien, on peut vraiment trouver la performance et on le voit au quotidien c\u2019est vraiment un plaisir de pouvoir s\u2019entra\u00eener dans un milieu comme \u00e7a.<\/p>\n<p>Moi, j\u2019ai connu la petite salle de muscu, puis le pr\u00e9fabriqu\u00e9 pour en arriver \u00e0 ce grand centre (le D\u2019Aucy Park, centre d\u2019excellence). Petit \u00e0 petit, ils ont gravi les \u00e9chelons et aujourd\u2019hui ils sont \u00e0 la place qu\u2019ils devaient avoir depuis tant d\u2019ann\u00e9es. C\u2019est tout \u00e0 leur honneur, ils m\u00e9ritent cette place l\u00e0 et c\u2019est \u00e0 nous, joueurs, de conforter \u00e7a et m\u00eame pousser un peu plus loin dans leur envie.\u00a0<\/p>\n<p><strong>Dans la foul\u00e9e, Anthony Bouthier a expliqu\u00e9 sa d\u00e9cision de quitter Montpellier pour revenir \u00e0 Vannes. Extrait:<\/strong><\/p>\n<p>Pour moi, c\u2019\u00e9tait la fin d\u2019un cycle \u00e0 Montpellier. J\u2019avais envie de voir autre chose, un dernier projet, un dernier d\u00e9fi aussi avant de m\u2019arr\u00eater. Aujourd\u2019hui j\u2019ai 33 ans, j\u2019avais envie de voir autre chose, j\u2019ai eu l\u2019opportunit\u00e9 de Vannes aussi et je savais que, je connaissais un peu l\u2019endroit, le milieu, envie de retrouver un peu ces valeurs l\u00e0 aussi, bretonnes, qui sont vraiment fortes. Voil\u00e0, \u00e7a a \u00e9t\u00e9 un choix assez rapide mais facile \u00e0 faire en m\u00eame temps.<\/p>\n<p>J\u2019ai grandi ici en tant que joueur de rugby et ce club m\u2019a beaucoup apport\u00e9, c\u2019est pour \u00e7a aussi que j\u2019ai eu envie de revenir. C\u2019\u00e9tait peut \u00eatre \u00e9crit que je devais finir ici et d\u2019apporter le maximum. M\u00eame \u00e0 33 ans, je suis loin d\u2019\u00eatre fini. Aujourd\u2019hui, ce qui me galvanise, c\u2019est de rejouer pour le RCV et donc vibrer \u00e0 nouveau comme on a pu vibrer quand j\u2019\u00e9tais l\u00e0 en 2019. C\u2019est un club qui vaut la peine de se donner au maximum \u00e0 chaque match et le public le rend bien aussi. Donc \u00e7a donne envie de se d\u00e9foncer \u00e0 chaque sortie.<\/p>\n","protected":false},"excerpt":{"rendered":"L\u2019arri\u00e8re international fran\u00e7ais Anthony Bouthier a fait son grand retour \u00e0 Vannes, cet \u00e9t\u00e9. Celui qui avait quitt\u00e9&hellip;\n","protected":false},"author":2,"featured_media":272702,"comment_status":"","ping_status":"","sticky":false,"template":"","format":"standard","meta":{"footnotes":""},"categories":[1416],"tags":[1011,27,479,1468,60],"class_list":{"0":"post-272701","1":"post","2":"type-post","3":"status-publish","4":"format-standard","5":"has-post-thumbnail","7":"category-rugby","8":"tag-fr","9":"tag-france","10":"tag-rugby","11":"tag-rugby-football","12":"tag-sports"},"share_on_mastodon":{"url":"https:\/\/pubeurope.com\/@fr\/114913754676071168","error":""},"_links":{"self":[{"href":"https:\/\/www.europesays.com\/fr\/wp-json\/wp\/v2\/posts\/272701","targetHints":{"allow":["GET"]}}],"collection":[{"href":"https:\/\/www.europesays.com\/fr\/wp-json\/wp\/v2\/posts"}],"about":[{"href":"https:\/\/www.europesays.com\/fr\/wp-json\/wp\/v2\/types\/post"}],"author":[{"embeddable":true,"href":"https:\/\/www.europesays.com\/fr\/wp-json\/wp\/v2\/users\/2"}],"replies":[{"embeddable":true,"href":"https:\/\/www.europesays.com\/fr\/wp-json\/wp\/v2\/comments?post=272701"}],"version-history":[{"count":0,"href":"https:\/\/www.europesays.com\/fr\/wp-json\/wp\/v2\/posts\/272701\/revisions"}],"wp:featuredmedia":[{"embeddable":true,"href":"https:\/\/www.europesays.com\/fr\/wp-json\/wp\/v2\/media\/272702"}],"wp:attachment":[{"href":"https:\/\/www.europesays.com\/fr\/wp-json\/wp\/v2\/media?parent=272701"}],"wp:term":[{"taxonomy":"category","embeddable":true,"href":"https:\/\/www.europesays.com\/fr\/wp-json\/wp\/v2\/categories?post=272701"},{"taxonomy":"post_tag","embeddable":true,"href":"https:\/\/www.europesays.com\/fr\/wp-json\/wp\/v2\/tags?post=272701"}],"curies":[{"name":"wp","href":"https:\/\/api.w.org\/{rel}","templated":true}]}}