{"id":272703,"date":"2025-07-25T11:58:11","date_gmt":"2025-07-25T11:58:11","guid":{"rendered":"https:\/\/www.europesays.com\/fr\/272703\/"},"modified":"2025-07-25T11:58:11","modified_gmt":"2025-07-25T11:58:11","slug":"je-ne-mattendais-pas-a-ce-quils-arrivent-aussi-vite-apres-le-big-3-declare-thiem-sur-sinner-et-alcaraz","status":"publish","type":"post","link":"https:\/\/www.europesays.com\/fr\/272703\/","title":{"rendered":"\u00ab Je ne m\u2019attendais pas \u00e0 ce qu\u2019ils arrivent aussi vite apr\u00e8s le Big 3 \u00bb, d\u00e9clare Thiem sur Sinner et Alcaraz"},"content":{"rendered":"<p>                <img decoding=\"async\" src=\"https:\/\/www.europesays.com\/fr\/wp-content\/uploads\/2025\/07\/fxwS.jpg\" alt=\"\u00ab Je ne m\u2019attendais pas \u00e0 ce qu\u2019ils arrivent aussi vite apr\u00e8s le Big 3 \u00bb, d\u00e9clare Thiem sur Sinner et Alcaraz\"\/><\/p>\n<p>Dominic Thiem voit d\u00e9sormais le tennis avec un \u0153il de spectateur, lui qui a pris sa retraite apr\u00e8s le tournoi de Vienne en octobre 2024.<\/p>\n<p><strong>Durant l&rsquo;h\u00e9g\u00e9monie du Big 3, l\u2019Autrichien est parvenu \u00e0 remporter un Grand Chelem, l\u2019US Open en 2020.<\/strong><\/p>\n<p><strong>Il s\u2019est exprim\u00e9 sur Carlos Alcaraz et Jannik Sinner, vainqueurs d\u00e9j\u00e0 \u00e0 eux deux de neuf Grands Chelems.<\/strong><\/p>\n<p>Pour Cronache Di Tennis, il d\u00e9clare : \u00ab Les finales de  Roland-Garros et de Wimbledon  ont \u00e9t\u00e9 incroyables. Ils ont plac\u00e9 la barre plus haut que ce \u00e0 quoi nous \u00e9tions habitu\u00e9s.<\/p>\n<p>Ils jouent de plus en plus vite, mais commettent moins d&rsquo;erreurs et se d\u00e9placent de mieux en mieux. Je ne m&rsquo;attendais pas \u00e0 ce que deux talents de notre g\u00e9n\u00e9ration arrivent aussi vite apr\u00e8s le Big 3. Et Novak continue de jouer.<\/p>\n<p>Aujourd&rsquo;hui, ils ont trop d&rsquo;avance. Ils peuvent aussi perdre : on l&rsquo;a vu avec Grigor Dimitrov \u00e0 Wimbledon, ou m\u00eame Alexander Zverev, Taylor Fritz et Jack Draper, s&rsquo;ils jouent parfaitement.<\/p>\n<p>Je doute qu&rsquo;ils remportent tous les tournois du Grand Chelem dans les dix prochaines ann\u00e9es, mais aujourd&rsquo;hui, ils ont une longueur d&rsquo;avance sur tout le monde.<\/p>\n<p>J&rsquo;aurais aim\u00e9 jouer \u00e0 mon apog\u00e9e contre Alcaraz et Sinner. Je ne sais pas comment cela se serait termin\u00e9, mais on se serait bien amus\u00e9s. \u00bb<\/p>\n","protected":false},"excerpt":{"rendered":"Dominic Thiem voit d\u00e9sormais le tennis avec un \u0153il de spectateur, lui qui a pris sa retraite apr\u00e8s&hellip;\n","protected":false},"author":2,"featured_media":272704,"comment_status":"","ping_status":"","sticky":false,"template":"","format":"standard","meta":{"footnotes":""},"categories":[1415],"tags":[1011,27,60,1467],"class_list":{"0":"post-272703","1":"post","2":"type-post","3":"status-publish","4":"format-standard","5":"has-post-thumbnail","7":"category-tennis","8":"tag-fr","9":"tag-france","10":"tag-sports","11":"tag-tennis"},"share_on_mastodon":{"url":"https:\/\/pubeurope.com\/@fr\/114913758577084199","error":""},"_links":{"self":[{"href":"https:\/\/www.europesays.com\/fr\/wp-json\/wp\/v2\/posts\/272703","targetHints":{"allow":["GET"]}}],"collection":[{"href":"https:\/\/www.europesays.com\/fr\/wp-json\/wp\/v2\/posts"}],"about":[{"href":"https:\/\/www.europesays.com\/fr\/wp-json\/wp\/v2\/types\/post"}],"author":[{"embeddable":true,"href":"https:\/\/www.europesays.com\/fr\/wp-json\/wp\/v2\/users\/2"}],"replies":[{"embeddable":true,"href":"https:\/\/www.europesays.com\/fr\/wp-json\/wp\/v2\/comments?post=272703"}],"version-history":[{"count":0,"href":"https:\/\/www.europesays.com\/fr\/wp-json\/wp\/v2\/posts\/272703\/revisions"}],"wp:featuredmedia":[{"embeddable":true,"href":"https:\/\/www.europesays.com\/fr\/wp-json\/wp\/v2\/media\/272704"}],"wp:attachment":[{"href":"https:\/\/www.europesays.com\/fr\/wp-json\/wp\/v2\/media?parent=272703"}],"wp:term":[{"taxonomy":"category","embeddable":true,"href":"https:\/\/www.europesays.com\/fr\/wp-json\/wp\/v2\/categories?post=272703"},{"taxonomy":"post_tag","embeddable":true,"href":"https:\/\/www.europesays.com\/fr\/wp-json\/wp\/v2\/tags?post=272703"}],"curies":[{"name":"wp","href":"https:\/\/api.w.org\/{rel}","templated":true}]}}