{"id":272707,"date":"2025-07-25T12:01:11","date_gmt":"2025-07-25T12:01:11","guid":{"rendered":"https:\/\/www.europesays.com\/fr\/272707\/"},"modified":"2025-07-25T12:01:11","modified_gmt":"2025-07-25T12:01:11","slug":"hamilton-refuse-de-ne-pas-devenir-champion-du-monde-avec-ferrari","status":"publish","type":"post","link":"https:\/\/www.europesays.com\/fr\/272707\/","title":{"rendered":"Hamilton \u00abrefuse\u00bb de ne pas devenir champion du monde avec Ferrari"},"content":{"rendered":"<p>Interrog\u00e9 par la presse jeudi, Lewis Hamilton a rappel\u00e9 que Ferrari avait eu \u00abdes pilotes fantastiques\u00bb ces vingt derni\u00e8res ann\u00e9es, sans pour autant r\u00e9ussir \u00e0 devenir champion du monde. Une destin\u00e9e auquel se refuse le Britannique.<\/p>\n<p class=\"fig-paragraph\">Ferrari a eu \u00abKimi (R\u00e4ikk\u00f6nen),\u00a0<a href=\"http:\/\/www.lefigaro.fr\/sports\/formule-1\/formule-1-fernando-alonso-la-quarantaine-rugissante-20240228\" data-fig-type=\"NewsFlash\" data-gtm-custom-categorie=\"navigation\" data-gtm-custom-action=\"crossclick\" data-gtm-custom-label=\"Contextuel\" data-gtm-event=\"customEventSPE\" data-fig-domain=\"LEFIGARO\" target=\"_blank\" rel=\"noopener\">Fernando (Alonso)<\/a> \u00a0et Sebastian (Vettel), que des champions du monde mais ils n\u2019ont pas \u00e9t\u00e9 titr\u00e9s avec Ferrari. Je refuse que cela m\u2019arrive\u00bb. Par cette d\u00e9claration forte jeudi en zone mixte,<a href=\"http:\/\/www.lefigaro.fr\/sports\/formule-1\/formule-1-pourquoi-lewis-hamilton-est-il-autant-en-difficulte-chez-ferrari-20250627\" data-fig-type=\"NewsFlash\" data-gtm-custom-categorie=\"navigation\" data-gtm-custom-action=\"crossclick\" data-gtm-custom-label=\"Contextuel\" data-gtm-event=\"customEventSPE\" data-fig-domain=\"LEFIGARO\" target=\"_blank\" rel=\"noopener\">\u00a0Lewis Hamilton<\/a>\u00a0a rappel\u00e9 ses grandes ambitions avec la Scuderia.<\/p>\n<p>\u00abL\u2019\u00e9quipe n\u2019a pas eu le succ\u00e8s qu\u2019elle m\u00e9rite\u00bb<\/p>\n<p class=\"fig-paragraph\">Le Britannique a continu\u00e9 en assurant \u00abvoir \u00e9norm\u00e9ment de potentiel dans cette \u00e9quipe, c\u2019est une \u00e9norme entreprise, il y a beaucoup de composants et ils ne performent pas tous comme ils le devraient. C\u2019est pour \u00e7a que l\u2019\u00e9quipe n\u2019a pas eu le succ\u00e8s qu\u2019elle m\u00e9rite\u00bb.<\/p>\n<p>                                    <a class=\"fig-a11y-skip a11y-hidden\" href=\"#fig-a11y-skip-main-inarticle\"><br \/>\n        Passer la publicit\u00e9<br \/>\n    <\/a><\/p>\n<p class=\"fig-paragraph\">\u00abSi on prend les m\u00eames chemins, on a les m\u00eames r\u00e9sultats donc je pousse l\u2019\u00e9quipe et ils sont \u00e0 l\u2019\u00e9coute\u00bb, a poursuivi Hamilton. Le septuple champion du monde a quand m\u00eame oubli\u00e9 un petit d\u00e9tail\u00a0: R\u00e4ikk\u00f6nen a bien \u00e9t\u00e9 champion du monde en 2007 avec Ferrari, un point devant&#8230; le Britannique.<\/p>\n","protected":false},"excerpt":{"rendered":"Interrog\u00e9 par la presse jeudi, Lewis Hamilton a rappel\u00e9 que Ferrari avait eu \u00abdes pilotes fantastiques\u00bb ces vingt&hellip;\n","protected":false},"author":2,"featured_media":272708,"comment_status":"","ping_status":"","sticky":false,"template":"","format":"standard","meta":{"footnotes":""},"categories":[1412],"tags":[1451,1710,2251,1452,1453,1454,1455,1011,27,38009,1975,12198,60],"class_list":{"0":"post-272707","1":"post","2":"type-post","3":"status-publish","4":"format-standard","5":"has-post-thumbnail","7":"category-f1","8":"tag-f1","9":"tag-fernando-alonso","10":"tag-ferrari","11":"tag-formula-1","12":"tag-formula1","13":"tag-formule-1","14":"tag-formule1","15":"tag-fr","16":"tag-france","17":"tag-kimi-raikkonen","18":"tag-lewis-hamilton","19":"tag-sebastian-vettel","20":"tag-sports"},"share_on_mastodon":{"url":"https:\/\/pubeurope.com\/@fr\/114913770499774596","error":""},"_links":{"self":[{"href":"https:\/\/www.europesays.com\/fr\/wp-json\/wp\/v2\/posts\/272707","targetHints":{"allow":["GET"]}}],"collection":[{"href":"https:\/\/www.europesays.com\/fr\/wp-json\/wp\/v2\/posts"}],"about":[{"href":"https:\/\/www.europesays.com\/fr\/wp-json\/wp\/v2\/types\/post"}],"author":[{"embeddable":true,"href":"https:\/\/www.europesays.com\/fr\/wp-json\/wp\/v2\/users\/2"}],"replies":[{"embeddable":true,"href":"https:\/\/www.europesays.com\/fr\/wp-json\/wp\/v2\/comments?post=272707"}],"version-history":[{"count":0,"href":"https:\/\/www.europesays.com\/fr\/wp-json\/wp\/v2\/posts\/272707\/revisions"}],"wp:featuredmedia":[{"embeddable":true,"href":"https:\/\/www.europesays.com\/fr\/wp-json\/wp\/v2\/media\/272708"}],"wp:attachment":[{"href":"https:\/\/www.europesays.com\/fr\/wp-json\/wp\/v2\/media?parent=272707"}],"wp:term":[{"taxonomy":"category","embeddable":true,"href":"https:\/\/www.europesays.com\/fr\/wp-json\/wp\/v2\/categories?post=272707"},{"taxonomy":"post_tag","embeddable":true,"href":"https:\/\/www.europesays.com\/fr\/wp-json\/wp\/v2\/tags?post=272707"}],"curies":[{"name":"wp","href":"https:\/\/api.w.org\/{rel}","templated":true}]}}