{"id":272711,"date":"2025-07-25T12:03:15","date_gmt":"2025-07-25T12:03:15","guid":{"rendered":"https:\/\/www.europesays.com\/fr\/272711\/"},"modified":"2025-07-25T12:03:15","modified_gmt":"2025-07-25T12:03:15","slug":"pour-hambourg-ol-fonseca-retrouvera-le-banc-de-touche","status":"publish","type":"post","link":"https:\/\/www.europesays.com\/fr\/272711\/","title":{"rendered":"Pour Hambourg &#8211; OL, Fonseca retrouvera le banc de touche"},"content":{"rendered":"<p>                            <img width=\"770\" height=\"433\" src=\"https:\/\/www.europesays.com\/fr\/wp-content\/uploads\/2025\/07\/IMG_3484-770x433.jpg\" class=\"attachment-article size-article wp-post-image\" alt=\"Paulo Fonseca en tribunes lors d'OL - RWDM Brussels\" decoding=\"async\" fetchpriority=\"high\"  \/><\/p>\n<p>Paulo Fonseca en tribunes lors d\u2019OL \u2013 RWDM Brussels (cr\u00e9dit : David Hernandez \/ OetL)<\/p>\n<p>En tribunes contre Villefranche et Molenbeek, Paulo Fonseca va pouvoir rego\u00fbter aux joies du banc de touche. La suspension de l&rsquo;entra\u00eeneur de l&rsquo;OL ne s&rsquo;applique pas \u00e0 l&rsquo;\u00e9tranger.<\/p>\n<p>Comme sur les six derniers mois, il a repris ses habitudes depuis la reprise. Il s&rsquo;en serait bien pass\u00e9, mais pour les deux premiers matchs amicaux, Paulo <strong>Fonseca<\/strong> a pris place dans la tribune du terrain G\u00e9rard <strong>Houllier<\/strong>. Accompagn\u00e9 de son fid\u00e8le adjoint Nelson <strong>Duarte<\/strong>, l&rsquo;entra\u00eeneur a v\u00e9cu de loin et avec plus ou moins de satisfaction les deux premi\u00e8res sorties de l&rsquo;OL contre <strong>Villefranche<\/strong> <a href=\"https:\/\/www.olympique-et-lyonnais.com\/apres-une-deuxieme-periode-plus-consistante-lol-bat-villefranche-1-0,372247.html\" rel=\"nofollow noopener\" target=\"_blank\">(1-0)<\/a> et <strong>Molenbeek<\/strong> <a href=\"https:\/\/www.olympique-et-lyonnais.com\/un-match-sans-but-entre-lol-et-le-rwdm-brussels-0-0,372618.html\" rel=\"nofollow noopener\" target=\"_blank\">(0-0)<\/a>. Malgr\u00e9 le caract\u00e8re amical des oppositions, la lourde suspension suite \u00e0 son front contre front avec Benoit <strong>Millot<\/strong> en mars dernier s&rsquo;applique \u00e9galement pour ces rencontres, si elles se jouent en France.<\/p>\n<p>Une bouff\u00e9e d&rsquo;oxyg\u00e8ne avant de longs mois de purge<\/p>\n<p>La sanction n&rsquo;ayant pas \u00e9t\u00e9 \u00e9tendue \u00e0 la sc\u00e8ne internationale, Paulo Fonseca va pouvoir profiter du stage en Autriche pour retrouver les joies du coaching. Ce samedi (15h), il prendra place sur le banc lyonnais pour le 3e amical contre <strong><a href=\"https:\/\/www.olympique-et-lyonnais.com\/hambourg-ol-un-format-particulier-pour-ce-3e-match-amical,372738.html\" rel=\"nofollow noopener\" target=\"_blank\">Hambourg<\/a><\/strong>. Il en fera de m\u00eame contre <strong>Majorque<\/strong> le 30 juillet, puis \u00e0 l&rsquo;Allianz Arena contre le <strong>Bayern Munich<\/strong> le 2 ao\u00fbt. Un dernier match avant d&rsquo;appliquer de nouveau sa suspension, tr\u00e8s certainement pour l&rsquo;ultime match de pr\u00e9paration qui se tiendra le 9 ao\u00fbt puis pour le retour de la Ligue 1. S&rsquo;il pourra de nouveau intervenir dans les vestiaires \u00e0 partir de la mi-septembre, Paulo <strong>Fonseca<\/strong> ne pourra pas s&rsquo;asseoir sur un banc fran\u00e7ais avant d\u00e9but d\u00e9cembre&#8230;<\/p>\n<p>\t\t\t\t\t<a href=\"https:\/\/www.olympique-et-lyonnais.com\/ruben-kluivert-a-deja-commence-les-entrainements-avec-lol,372865.html\" title=\"Ruben Kluivert a d\u00e9j\u00e0 commenc\u00e9 les entra\u00eenements avec l\u2019OL\" rel=\"nofollow noopener\" target=\"_blank\"><img loading=\"lazy\" width=\"580\" height=\"326\" src=\"https:\/\/www.europesays.com\/fr\/wp-content\/uploads\/2025\/07\/AFP__20241205__alvarezrey-notitle241202_npK0L__v1__HighRes__FcPortoVCasaPiaAcLigaPor-580x326.jpg\" class=\"attachment-actularge size-actularge wp-post-image\" alt=\"Ruben Kluivert, joueur de Casa Pia\" decoding=\"async\"  \/>\t\t\t\t\t<\/a><\/p>\n","protected":false},"excerpt":{"rendered":"Paulo Fonseca en tribunes lors d\u2019OL \u2013 RWDM Brussels (cr\u00e9dit : David Hernandez \/ OetL) En tribunes contre&hellip;\n","protected":false},"author":2,"featured_media":272712,"comment_status":"","ping_status":"","sticky":false,"template":"","format":"standard","meta":{"footnotes":""},"categories":[1410],"tags":[63,1011,27,241,978,60],"class_list":{"0":"post-272711","1":"post","2":"type-post","3":"status-publish","4":"format-standard","5":"has-post-thumbnail","7":"category-football","8":"tag-football","9":"tag-fr","10":"tag-france","11":"tag-ol","12":"tag-olympique-lyonnais","13":"tag-sports"},"share_on_mastodon":{"url":"https:\/\/pubeurope.com\/@fr\/114913778347738677","error":""},"_links":{"self":[{"href":"https:\/\/www.europesays.com\/fr\/wp-json\/wp\/v2\/posts\/272711","targetHints":{"allow":["GET"]}}],"collection":[{"href":"https:\/\/www.europesays.com\/fr\/wp-json\/wp\/v2\/posts"}],"about":[{"href":"https:\/\/www.europesays.com\/fr\/wp-json\/wp\/v2\/types\/post"}],"author":[{"embeddable":true,"href":"https:\/\/www.europesays.com\/fr\/wp-json\/wp\/v2\/users\/2"}],"replies":[{"embeddable":true,"href":"https:\/\/www.europesays.com\/fr\/wp-json\/wp\/v2\/comments?post=272711"}],"version-history":[{"count":0,"href":"https:\/\/www.europesays.com\/fr\/wp-json\/wp\/v2\/posts\/272711\/revisions"}],"wp:featuredmedia":[{"embeddable":true,"href":"https:\/\/www.europesays.com\/fr\/wp-json\/wp\/v2\/media\/272712"}],"wp:attachment":[{"href":"https:\/\/www.europesays.com\/fr\/wp-json\/wp\/v2\/media?parent=272711"}],"wp:term":[{"taxonomy":"category","embeddable":true,"href":"https:\/\/www.europesays.com\/fr\/wp-json\/wp\/v2\/categories?post=272711"},{"taxonomy":"post_tag","embeddable":true,"href":"https:\/\/www.europesays.com\/fr\/wp-json\/wp\/v2\/tags?post=272711"}],"curies":[{"name":"wp","href":"https:\/\/api.w.org\/{rel}","templated":true}]}}