{"id":272713,"date":"2025-07-25T12:04:11","date_gmt":"2025-07-25T12:04:11","guid":{"rendered":"https:\/\/www.europesays.com\/fr\/272713\/"},"modified":"2025-07-25T12:04:11","modified_gmt":"2025-07-25T12:04:11","slug":"cet-homme-stoique-et-renfrogne-qui-gache-la-video-danniversaire-de-jennifer-lopez","status":"publish","type":"post","link":"https:\/\/www.europesays.com\/fr\/272713\/","title":{"rendered":"Cet homme sto\u00efque et renfrogn\u00e9 qui g\u00e2che la vid\u00e9o d\u2019anniversaire de Jennifer Lopez"},"content":{"rendered":"<p>Le soir de son 56e anniversaire, Jennifer Lopez, euphorique, s\u2019est longuement d\u00e9hanch\u00e9e devant son g\u00e2teau, sous le regard circonspect d\u2019un homme rest\u00e9 sto\u00efque tout au long des festivit\u00e9s.<\/p>\n<p class=\"fig-paragraph\">Une salle, deux ambiances. Ce jeudi 24 juillet,\u00a0<a href=\"https:\/\/madame.lefigaro.fr\/tag\/jennifer-lopez\" target=\"_blank\" data-fig-type=\"Keyword\" rel=\"sponsored noopener\" data-gtm-custom-categorie=\"navigation\" data-gtm-custom-action=\"crossclick\" data-gtm-custom-label=\"Contextuel\" data-gtm-event=\"customEventSPE\" data-fig-domain=\"MADAME\">Jennifer Lopez<\/a>\u00a0a c\u00e9l\u00e9br\u00e9 son 56e anniversaire au Regnum The Crown Resort, un somptueux palace \u00e0 Antalya, en Turquie. La veille des festivit\u00e9s, la chanteuse enflammait l\u2019immense sc\u00e8ne de la Pearl Event Area, lors d\u2019un concert spectaculaire o\u00f9 elle a encha\u00een\u00e9 les tubes, les chor\u00e9graphies et, bien \u00e9videmment, les tenues. Bref, sept mois apr\u00e8s l\u2019officialisation de son divorce avec\u00a0<a href=\"https:\/\/madame.lefigaro.fr\/tag\/ben-affleck\" target=\"_blank\" data-fig-type=\"Keyword\" rel=\"sponsored noopener\" data-gtm-custom-categorie=\"navigation\" data-gtm-custom-action=\"crossclick\" data-gtm-custom-label=\"Contextuel\" data-gtm-event=\"customEventSPE\" data-fig-domain=\"MADAME\">Ben Affleck<\/a>, la star semble heureuse, \u00e9panouie, bien dans sa t\u00eate et dans son corps.<\/p>\n<p class=\"fig-paragraph\">Les vid\u00e9os de la soir\u00e9e parlent d\u2019elles-m\u00eames\u00a0: on y voit J.Lo, v\u00eatue d\u2019une robe moulante paillet\u00e9e au dos nu vertigineux, danser devant un imposant g\u00e2teau d\u2019anniversaire \u00e0 trois \u00e9tages, entour\u00e9e de ses amis et de son \u00e9quipe, tous aussi euphoriques qu\u2019elle\u2026 \u00e0 l\u2019exception d\u2019un homme aux bras tatou\u00e9s, seul au milieu de la foule \u00e0 rester totalement sto\u00efque, sans un geste, sans un mot. Son visage ferm\u00e9 et son regard sombre cr\u00e9ent une dissonance totale avec l\u2019ambiance festive qui l\u2019entoure.<\/p>\n<p>                                    <a class=\"fig-a11y-skip a11y-hidden\" href=\"#fig-a11y-skip-main-inarticle\"><br \/>\n        Passer la publicit\u00e9<br \/>\n    <\/a><\/p>\n<p>Une nuit dans une suite troglodyte<\/p>\n<p class=\"fig-paragraph\">Qui est cet homme qui n\u2019a visiblement pas pass\u00e9 un bon moment \u00e0 l\u2019anniversaire de J.Lo\u00a0? Un ami\u00a0? Une connaissance\u00a0? Le myst\u00e8re reste entier. S\u2019il n\u2019a pas \u00e9t\u00e9 identifi\u00e9, on peut raisonnablement supposer qu\u2019il s\u2019agit en r\u00e9alit\u00e9 d\u2019un garde du corps de la chanteuse, ce qui expliquerait son comportement s\u00e9rieux, et son regard aux aguets.<\/p>\n<p class=\"fig-paragraph\">Le trouble-f\u00eate n\u2019a pas emp\u00each\u00e9 la chanteuse de passer une soir\u00e9e inoubliable. Elle a profit\u00e9 des c\u00e9l\u00e9brations pour d\u00e9voiler sa nouvelle chanson intitul\u00e9e\u2026\u00a0Birthday\u00a0(anniversaire). Ses amis ont port\u00e9 un toast au champagne en son honneur avant qu\u2019elle ne souffle ses bougies, sous leurs applaudissements. Apr\u00e8s la soir\u00e9e, Jennifer Lopez s\u2019est remise de ses \u00e9motions en se reposant dans la\u00a0Cave Suite\u00a0de la\u00a0Crown Villa\u00a0au Regnum The Crown Resort, un espace de 3.500 m\u00b2 comprenant huit chambres, huit salles de bain, un spa priv\u00e9, une piscine fa\u00e7on caverne avec bar, de grands salons et six dressings. Gr\u00e2ce \u00e0 ses baies vitr\u00e9es, cette suite troglodyte offre une vue \u00e0 couper le souffle sur un luxuriant jardin priv\u00e9.<\/p>\n<p class=\"fig-paragraph\">Le lendemain matin, apr\u00e8s une courte nuit de sommeil, Jennifer Lopez a partag\u00e9 sur son compte Instagram un selfie d\u2019elle au r\u00e9veil, au naturel, les yeux encore gonfl\u00e9s de fatigue mais le sourire aux l\u00e8vres. L\u2019an dernier, la chanteuse, meurtrie par sa s\u00e9paration d\u2019avec Ben Affleck, \u00e0 qui elle avait donn\u00e9 une seconde chance, avait c\u00e9l\u00e9br\u00e9 son anniversaire dans les Hamptons, en toute discr\u00e9tion. Elle semble aujourd\u2019hui avoir retrouv\u00e9 toute sa vitalit\u00e9, sans homme \u00e0 ses c\u00f4t\u00e9s.<\/p>\n","protected":false},"excerpt":{"rendered":"Le soir de son 56e anniversaire, Jennifer Lopez, euphorique, s\u2019est longuement d\u00e9hanch\u00e9e devant son g\u00e2teau, sous le regard&hellip;\n","protected":false},"author":2,"featured_media":272714,"comment_status":"","ping_status":"","sticky":false,"template":"","format":"standard","meta":{"footnotes":""},"categories":[1359],"tags":[3581,58,59,1011,27,3931,973],"class_list":{"0":"post-272713","1":"post","2":"type-post","3":"status-publish","4":"format-standard","5":"has-post-thumbnail","7":"category-people","8":"tag-anniversaire","9":"tag-divertissement","10":"tag-entertainment","11":"tag-fr","12":"tag-france","13":"tag-jennifer-lopez","14":"tag-people"},"share_on_mastodon":{"url":"https:\/\/pubeurope.com\/@fr\/114913782241220322","error":""},"_links":{"self":[{"href":"https:\/\/www.europesays.com\/fr\/wp-json\/wp\/v2\/posts\/272713","targetHints":{"allow":["GET"]}}],"collection":[{"href":"https:\/\/www.europesays.com\/fr\/wp-json\/wp\/v2\/posts"}],"about":[{"href":"https:\/\/www.europesays.com\/fr\/wp-json\/wp\/v2\/types\/post"}],"author":[{"embeddable":true,"href":"https:\/\/www.europesays.com\/fr\/wp-json\/wp\/v2\/users\/2"}],"replies":[{"embeddable":true,"href":"https:\/\/www.europesays.com\/fr\/wp-json\/wp\/v2\/comments?post=272713"}],"version-history":[{"count":0,"href":"https:\/\/www.europesays.com\/fr\/wp-json\/wp\/v2\/posts\/272713\/revisions"}],"wp:featuredmedia":[{"embeddable":true,"href":"https:\/\/www.europesays.com\/fr\/wp-json\/wp\/v2\/media\/272714"}],"wp:attachment":[{"href":"https:\/\/www.europesays.com\/fr\/wp-json\/wp\/v2\/media?parent=272713"}],"wp:term":[{"taxonomy":"category","embeddable":true,"href":"https:\/\/www.europesays.com\/fr\/wp-json\/wp\/v2\/categories?post=272713"},{"taxonomy":"post_tag","embeddable":true,"href":"https:\/\/www.europesays.com\/fr\/wp-json\/wp\/v2\/tags?post=272713"}],"curies":[{"name":"wp","href":"https:\/\/api.w.org\/{rel}","templated":true}]}}