{"id":272715,"date":"2025-07-25T12:05:15","date_gmt":"2025-07-25T12:05:15","guid":{"rendered":"https:\/\/www.europesays.com\/fr\/272715\/"},"modified":"2025-07-25T12:05:15","modified_gmt":"2025-07-25T12:05:15","slug":"gros-etienne-90-ans-sculpteur-de-memoire-et-gardien-du-bois-flotte","status":"publish","type":"post","link":"https:\/\/www.europesays.com\/fr\/272715\/","title":{"rendered":"Gros \u00c9tienne, 90 ans, sculpteur de m\u00e9moire et gardien du bois flott\u00e9"},"content":{"rendered":"<p>Au c\u0153ur du Robert, un artiste discret transforme les vestiges de la mer en \u0153uvres d\u2019art depuis plus de 60 ans. Rencontre avec Gros \u00c9tienne, un sculpteur autodidacte au parcours exceptionnel. Une rencontre inattendue sur les quais du Robert<\/p>\n<p>Ce matin-l\u00e0, en qu\u00eate d\u2019un peu de culture hors des sentiers battus, nous fl\u00e2nions du c\u00f4t\u00e9 des hangars de p\u00eache du Robert, lorsqu\u2019un homme au regard vif nous interpelle.<br \/>\u00ab\u00a0Vous voulez voir quelque chose d\u2019exceptionnel ?\u00a0\u00bb, nous lance-t-il d\u2019un ton assur\u00e9. Intrigu\u00e9es, nous lui demandons de quoi il s\u2019agit. Sa r\u00e9ponse est simple : \u00ab\u00a0C\u2019est une surprise, mais il faut venir chez moi.\u00a0\u00bb<br \/>Sans h\u00e9siter, nous le suivons. L\u2019aventure commence.<\/p>\n<p>Direction Cit\u00e9 Lacroix, un quartier nich\u00e9 en contrebas du bourg, baptis\u00e9 d\u2019apr\u00e8s une croix jadis dress\u00e9e sur la route menant \u00e0 la gendarmerie. \u00c0 l\u2019entr\u00e9e de la maison, une cloche bleue en guise de sonnette nous ram\u00e8ne dans une autre \u00e9poque. Le ton est donn\u00e9.<br \/>D\u00e8s la terrasse, le myst\u00e8re se dissipe peu \u00e0 peu : des objets en bois, vernis pour certains, bruts pour d\u2019autres, envahissent l\u2019espace. Puis, au fond, une porte s\u2019ouvre. Derri\u00e8re elle, une v\u00e9ritable caverne d\u2019Ali Baba.<\/p>\n<p>                                    <img class=\"a-article__image lazy libre\" width=\"800\" height=\"450\" data-src=\"https:\/\/www.europesays.com\/fr\/wp-content\/uploads\/2025\/07\/son-atelier-est-une-caverne-d-ali-baba-6881a6a11fb45442619984.jpg\" style=\"--img-placeholder: url('\/assets\/img\/placeholders\/article-800-450.svg');\" alt=\"\" aria-hidden=\"true\"\/><\/p>\n<p>                L&rsquo;atelier est une v\u00e9.ritable caverne d&rsquo;Ali Baba.<br \/>\n                     \u2022<br \/>\n                            \u00a9Dominique Legros<\/p>\n<p>La pi\u00e8ce d\u00e9borde de sculptures en bois, fruits de d\u00e9cennies de cr\u00e9ation. Chaque \u0153uvre est fa\u00e7onn\u00e9e \u00e0 partir de mati\u00e8res premi\u00e8res ramass\u00e9es sur les plages et \u00eelets du Robert.<\/p>\n<p>\u00ab\u00a0Voici le point de d\u00e9part, la toute premi\u00e8re statue que j\u2019ai sculpt\u00e9e en 1959\u00a0\u00bb, nous dit Gros \u00c9tienne, en d\u00e9signant une pi\u00e8ce \u00e9mouvante. Il avait alors 24 ans.<\/p>\n<p>Aujourd\u2019hui, \u00e0 90 ans, il continue \u00e0 cr\u00e9er avec des outils rudimentaires : couteau, scie, cale \u00e0 poncer, colle. Tout est dans la main, dans le geste, dans l\u2019amour du bois. Des animaux, des meubles, des objets insolites\u2026 chaque morceau raconte une histoire.<\/p>\n<p>                                    <img class=\"a-article__image lazy libre\" width=\"800\" height=\"450\" data-src=\"https:\/\/www.europesays.com\/fr\/wp-content\/uploads\/2025\/07\/exemple-de-sculptures-gros-etienne-6881a60a9d604689715280.jpg\" style=\"--img-placeholder: url('\/assets\/img\/placeholders\/article-800-450.svg');\" alt=\"\" aria-hidden=\"true\"\/><\/p>\n<p>                Exemple de sculptures de Gros Etienne.<br \/>\n                     \u2022<br \/>\n                            \u00a9Dominique Legros<\/p>\n<p>Ancien ouvrier de l\u2019usine du Galion, o\u00f9 il a longtemps coup\u00e9 et transport\u00e9 la canne \u00e0 sucre, Gros \u00c9tienne semble avoir tir\u00e9 de la terre et de la nature une \u00e9nergie in\u00e9puisable.<br \/>Sculpteur autodidacte, il n\u2019a jamais expos\u00e9 ses \u0153uvres dans une galerie. Et pourtant, chacune d\u2019elles t\u00e9moigne de son lien profond avec son environnement.<\/p>\n<p>                                    <img class=\"a-article__image lazy libre\" width=\"800\" height=\"450\" data-src=\"https:\/\/www.europesays.com\/fr\/wp-content\/uploads\/2025\/07\/gros-etienne-et-ses-sculptures-6881a659b13d3321465907.jpg\" style=\"--img-placeholder: url('\/assets\/img\/placeholders\/article-800-450.svg');\" alt=\"\" aria-hidden=\"true\"\/><\/p>\n<p>                Gros Etienne et ses sculptures.<br \/>\n                     \u2022<br \/>\n                            \u00a9Dominique Legros<\/p>\n<p>Son souhait ? Transmettre. Offrir aux jeunes la passion du geste, l\u2019envie de cr\u00e9er, la curiosit\u00e9 d\u2019observer. \u00ab\u00a0Il n\u2019y a rien \u00e0 vendre ici, mais tout \u00e0 regarder\u00a0\u00bb, affirme-t-il simplement. Son atelier, install\u00e9 au bout de sa terrasse, reste ouvert \u00e0 tous.<\/p>\n<p>Gros \u00c9tienne ne cherche pas la gloire. Il veut laisser une trace. De la nature, des rencontres, de la vie.<br \/>\u00c0 travers ses \u0153uvres, c\u2019est tout un pan du patrimoine culturel et environnemental du Robert qui s\u2019inscrit dans la mati\u00e8re, silencieusement. Un tr\u00e9sor vivant, \u00e0 d\u00e9couvrir et \u00e0 partager.<\/p>\n","protected":false},"excerpt":{"rendered":"Au c\u0153ur du Robert, un artiste discret transforme les vestiges de la mer en \u0153uvres d\u2019art depuis plus&hellip;\n","protected":false},"author":2,"featured_media":272716,"comment_status":"","ping_status":"","sticky":false,"template":"","format":"standard","meta":{"footnotes":""},"categories":[1358],"tags":[1348,1384,1385,1386,58,59,1011,27],"class_list":{"0":"post-272715","1":"post","2":"type-post","3":"status-publish","4":"format-standard","5":"has-post-thumbnail","7":"category-arts-et-design","8":"tag-arts","9":"tag-arts-and-design","10":"tag-arts-et-design","11":"tag-design","12":"tag-divertissement","13":"tag-entertainment","14":"tag-fr","15":"tag-france"},"share_on_mastodon":{"url":"https:\/\/pubeurope.com\/@fr\/114913786217554028","error":""},"_links":{"self":[{"href":"https:\/\/www.europesays.com\/fr\/wp-json\/wp\/v2\/posts\/272715","targetHints":{"allow":["GET"]}}],"collection":[{"href":"https:\/\/www.europesays.com\/fr\/wp-json\/wp\/v2\/posts"}],"about":[{"href":"https:\/\/www.europesays.com\/fr\/wp-json\/wp\/v2\/types\/post"}],"author":[{"embeddable":true,"href":"https:\/\/www.europesays.com\/fr\/wp-json\/wp\/v2\/users\/2"}],"replies":[{"embeddable":true,"href":"https:\/\/www.europesays.com\/fr\/wp-json\/wp\/v2\/comments?post=272715"}],"version-history":[{"count":0,"href":"https:\/\/www.europesays.com\/fr\/wp-json\/wp\/v2\/posts\/272715\/revisions"}],"wp:featuredmedia":[{"embeddable":true,"href":"https:\/\/www.europesays.com\/fr\/wp-json\/wp\/v2\/media\/272716"}],"wp:attachment":[{"href":"https:\/\/www.europesays.com\/fr\/wp-json\/wp\/v2\/media?parent=272715"}],"wp:term":[{"taxonomy":"category","embeddable":true,"href":"https:\/\/www.europesays.com\/fr\/wp-json\/wp\/v2\/categories?post=272715"},{"taxonomy":"post_tag","embeddable":true,"href":"https:\/\/www.europesays.com\/fr\/wp-json\/wp\/v2\/tags?post=272715"}],"curies":[{"name":"wp","href":"https:\/\/api.w.org\/{rel}","templated":true}]}}