{"id":272719,"date":"2025-07-25T12:07:11","date_gmt":"2025-07-25T12:07:11","guid":{"rendered":"https:\/\/www.europesays.com\/fr\/272719\/"},"modified":"2025-07-25T12:07:11","modified_gmt":"2025-07-25T12:07:11","slug":"secret-story-2025-mayer-agace-par-une-question-de-christophe-beaugrand-il-quitte-le-plateau-brutalement","status":"publish","type":"post","link":"https:\/\/www.europesays.com\/fr\/272719\/","title":{"rendered":"Secret Story 2025\u00a0: Mayer agac\u00e9 par une question de Christophe Beaugrand, il quitte le plateau brutalement"},"content":{"rendered":"<p>      R\u00e9sum\u00e9<\/p>\n<p>Mayer \u00e9tait pr\u00e9sent sur le plateau du prime de \u00ab\u00a0Secret Story\u00a0\u00bb ce 24 juillet. Toutefois, l&rsquo;ex-candidat a brusquement disparu quelques minutes apr\u00e8s une questions de Christophe Beaugrand qu&rsquo;il ne semble pas avoir dig\u00e9r\u00e9. <\/p>\n<p>        Sommaire<\/p>\n<p>C&rsquo;est le <strong>7\u00a0ao\u00fbt prochain <\/strong>que l&rsquo;on conna\u00eetra le nom du vainqueur de la saison 13 de \u00ab\u00a0Secret Story\u00a0\u00bb. Ils \u00e9taient <strong>quatorze candidats<\/strong> \u00e0 faire leur entr\u00e9e dans la maison des secrets le 10\u00a0juin dernier. D\u00e9sormais, ils ne sont <strong>plus que quatre<\/strong>\u00a0: <a href=\"https:\/\/www.public.fr\/secret-story-aimed-favorise-apres-avoir-collabore-avec-la-production-un-celebre-blogueur-jette-un-enorme-pave-dans-la-mare\" rel=\"nofollow noopener\" target=\"_blank\">A\u00efmed<\/a>, <a href=\"https:\/\/www.public.fr\/jai-ete-voir-la-psy-ethan-secret-story-se-confie-comme-rarement-sur-ses-rapports-douloureux-avec-sa-famille\" rel=\"nofollow noopener\" target=\"_blank\">Ethan<\/a>, Anita et Noah. <strong>Constance<\/strong>, sans que son secret ne soit jamais d\u00e9couvert, <strong>a \u00e9t\u00e9 \u00e9limin\u00e9e<\/strong> lors du dernier prime ce 24\u00a0juillet. Dommage car, dans la soir\u00e9e, elle est devenue <strong>l&rsquo;habitante la plus riche du jeu<\/strong>.<\/p>\n<p>Comment a-t-elle fait\u00a0? Alors que <strong><a href=\"https:\/\/www.public.fr\/pas-forcement-representatif-eliminee-pimprenelle-donne-son-avis-sur-les-cris-de-soutien-du-public-envers-romy\" rel=\"nofollow noopener\" target=\"_blank\">Romy <\/a>a \u00e9t\u00e9 buzz\u00e9e par trois personnes<\/strong>, c&rsquo;est la vraie-fausse ch\u00e9rie de Damien qui a trouv\u00e9 le bon intitul\u00e9 du secret de sa camarade\u00a0: \u00ab\u00a0<strong>Je suis un ph\u00e9nom\u00e8ne viral<\/strong>\u00ab\u00a0. Une vid\u00e9o que <a href=\"https:\/\/www.public.fr\/secret-story-romy-fond-en-larmes-en-evoquant-mayer-la-sequence-ultra-touchante\" rel=\"nofollow noopener\" target=\"_blank\">la jeune femme de 23 ans<\/a> connaissait tr\u00e8s bien et s&rsquo;en amusait m\u00eame avec ses copines plus jeunes. D\u00e9\u00e7ue d&rsquo;avoir quitt\u00e9 l&rsquo;aventure, <a href=\"https:\/\/www.public.fr\/des-petites-merdeuses-harcelement-dans-secret-story-fred-les-anges-atomise-constance-celia-pimprenelle-et-marianne\" rel=\"nofollow noopener\" target=\"_blank\">la Normande<\/a> est toujours particuli\u00e8rement fi\u00e8re d&rsquo;avoir pu d\u00e9nicher <strong>un des secrets les mieux gard\u00e9s jusque-l\u00e0<\/strong>. <\/p>\n<p>Romy qui est apparue <strong>tr\u00e8s \u00e9mue<\/strong> en racontant son histoire. Qui plus est, ces derniers jours ont \u00e9t\u00e9 difficiles pour celle qui d\u00e9sormais \u00ab\u00a0passe \u00e0 la TV\u00a0\u00bb. En effet,<a href=\"https:\/\/www.public.fr\/mayer-secret-story-au-plus-mal-linquietant-message-de-son-ami-damien\" rel=\"nofollow noopener\" target=\"_blank\"> son partenaire de jeu<\/a>, sa moiti\u00e9 au sein de cette aventure, a <strong>d\u00e9cid\u00e9 de quitter \u00ab\u00a0Secret Story<\/strong>\u00a0\u00bb le week-end dernier et \u00e0 la surprise g\u00e9n\u00e9rale. Du coup, ce 24\u00a0juillet, <a href=\"https:\/\/www.public.fr\/a-moment-donne-faut-arreter-une-candidate-de-secret-story-flingue-romy-et-mayer-et-se-fait-dezinguer\" rel=\"nofollow noopener\" target=\"_blank\">l&rsquo;homme de 24 ans<\/a> qui a \u00ab\u00a0<strong>plus de 134 de QI<\/strong>\u00a0\u00bb a \u00e9t\u00e9 invit\u00e9 sur le plateau du prime. S&rsquo;il est arriv\u00e9 avec le sourire, il a vite d\u00e9chant\u00e9.<\/p>\n<p>Secret Story 2025\u00a0: Mayer, cette question est mal pass\u00e9e\u00a0?<\/p>\n<p>Sur le plateau, les deux \u00e9limin\u00e9s de la semaine pass\u00e9e sont arriv\u00e9s en premier sur le plateau. Il s&rsquo;agit d&rsquo;<strong>Adrien et <a href=\"https:\/\/www.google.com\/url?sa=t&amp;source=web&amp;rct=j&amp;opi=89978449&amp;url=https:\/\/vsd.fr\/82190-secret-story-des-photos-de-pimprenelle-avant-la-reconstruction-faciale-retrouvees\/&amp;ved=2ahUKEwjus-iH69eOAxUiWkEAHWXoHIIQFnoECBYQAQ&amp;usg=AOvVaw3oPFugWw57GeKtpPFFCIIN\" rel=\"nofollow noopener\" target=\"_blank\">Pimprenelle<\/a><\/strong>. Puis, Christophe Beaugrand a annonc\u00e9 <strong>la venue de Mayer<\/strong> qui a quitt\u00e9 l&rsquo;aventure en catimini. <a href=\"https:\/\/www.google.com\/url?sa=t&amp;source=web&amp;rct=j&amp;opi=89978449&amp;url=https:\/\/www.public.fr\/mayer-secret-story-annonce-a-son-tour-quil-ne-fera-pas-dautre-emission-de-tele-realite&amp;ved=2ahUKEwiKnYiO69eOAxUSQkEAHYLDH-IQFnoECBgQAQ&amp;usg=AOvVaw0MtDPShCeibmMIRgCXZ7MQ\" rel=\"nofollow noopener\" target=\"_blank\">Le Parisien<\/a> a fait une entr\u00e9e remarqu\u00e9e. <strong>Tout sourire<\/strong>, il a profit\u00e9 de ses premiers instants sous le feu des projecteurs pour <strong>taper dans la main de quelques spectateurs<\/strong> avant de s\u2019asseoir aux c\u00f4t\u00e9s de ses anciens camarades. <\/p>\n<p>Tout semblait bien se d\u00e9rouler jusqu&rsquo;\u00e0 ce que <a href=\"https:\/\/www.google.com\/url?sa=t&amp;source=web&amp;rct=j&amp;opi=89978449&amp;url=https:\/\/vsd.fr\/83260-secret-story-le-compagnon-de-lanimateur-christophe-beaugrand-a-failli-etre-tue\/&amp;ved=2ahUKEwjyt-ie69eOAxUKWUEAHeVKEbEQFnoECCwQAQ&amp;usg=AOvVaw04KafFIhpi3M1y0SxwPq5G\" rel=\"nofollow noopener\" target=\"_blank\">l&rsquo;animateur<\/a> d\u00e9cide de <strong>mettre les pieds dans le plat <\/strong>en lui demandant si <strong>entre lui et Romy<\/strong> ce n&rsquo;\u00e9tait qu&rsquo;une relation amicale. Une sc\u00e8ne g\u00eanante car, \u00e0 ce moment-l\u00e0, <strong>Mayer s&rsquo;est compl\u00e8tement ferm\u00e9<\/strong>. Il n&rsquo;avait visiblement pas du tout envie d&rsquo;\u00eatre interrog\u00e9 sur \u00e7a. \u00ab\u00a0<strong>C\u2019est une tr\u00e8s tr\u00e8s bonne amie<\/strong>\u00a0\u00bb a-t-il simplement l\u00e2ch\u00e9 avant qu&rsquo;un magn\u00e9to soit lanc\u00e9. <\/p>\n<p>De retour en plateau, <strong>Mayer n&rsquo;\u00e9tait alors plus l\u00e0<\/strong> sans qu&rsquo;<strong>aucune explication<\/strong> ne soit donn\u00e9e. Toutefois, l&rsquo;ex-enqu\u00eateur hors pair a fini par revenir. <a href=\"https:\/\/www.google.com\/url?sa=t&amp;source=web&amp;rct=j&amp;opi=89978449&amp;url=https:\/\/vsd.fr\/56923-certains-me-diront-que-lhomophobie-nexiste-pas-christophe-beaugrand-depite\/&amp;ved=2ahUKEwjjuq_j69eOAxXvYEEAHY6-Jq0QFnoECDIQAQ&amp;usg=AOvVaw0vYR4SxiSxs-PitWYKhDeL\" rel=\"nofollow noopener\" target=\"_blank\">Christophe Beaugrand<\/a> a-t-il d\u00fb aller le rattraper in extremis\u00a0?<\/p>\n<p>      Mentionn\u00e9s dans cet article<\/p>\n<p>\u00c0 lire aussi<\/p>\n","protected":false},"excerpt":{"rendered":"R\u00e9sum\u00e9 Mayer \u00e9tait pr\u00e9sent sur le plateau du prime de \u00ab\u00a0Secret Story\u00a0\u00bb ce 24 juillet. Toutefois, l&rsquo;ex-candidat a&hellip;\n","protected":false},"author":2,"featured_media":272720,"comment_status":"","ping_status":"","sticky":false,"template":"","format":"standard","meta":{"footnotes":""},"categories":[1356],"tags":[7006,1376,5410,1193,58,59,1011,27,22247,35122,29901,252,199,1364],"class_list":{"0":"post-272719","1":"post","2":"type-post","3":"status-publish","4":"format-standard","5":"has-post-thumbnail","7":"category-television","8":"tag-amitie","9":"tag-amour","10":"tag-christophe-beaugrand","11":"tag-couple","12":"tag-divertissement","13":"tag-entertainment","14":"tag-fr","15":"tag-france","16":"tag-mayer","17":"tag-romy","18":"tag-secret-story","19":"tag-television","20":"tag-tf1","21":"tag-tv"},"share_on_mastodon":{"url":"https:\/\/pubeurope.com\/@fr\/114913794050602303","error":""},"_links":{"self":[{"href":"https:\/\/www.europesays.com\/fr\/wp-json\/wp\/v2\/posts\/272719","targetHints":{"allow":["GET"]}}],"collection":[{"href":"https:\/\/www.europesays.com\/fr\/wp-json\/wp\/v2\/posts"}],"about":[{"href":"https:\/\/www.europesays.com\/fr\/wp-json\/wp\/v2\/types\/post"}],"author":[{"embeddable":true,"href":"https:\/\/www.europesays.com\/fr\/wp-json\/wp\/v2\/users\/2"}],"replies":[{"embeddable":true,"href":"https:\/\/www.europesays.com\/fr\/wp-json\/wp\/v2\/comments?post=272719"}],"version-history":[{"count":0,"href":"https:\/\/www.europesays.com\/fr\/wp-json\/wp\/v2\/posts\/272719\/revisions"}],"wp:featuredmedia":[{"embeddable":true,"href":"https:\/\/www.europesays.com\/fr\/wp-json\/wp\/v2\/media\/272720"}],"wp:attachment":[{"href":"https:\/\/www.europesays.com\/fr\/wp-json\/wp\/v2\/media?parent=272719"}],"wp:term":[{"taxonomy":"category","embeddable":true,"href":"https:\/\/www.europesays.com\/fr\/wp-json\/wp\/v2\/categories?post=272719"},{"taxonomy":"post_tag","embeddable":true,"href":"https:\/\/www.europesays.com\/fr\/wp-json\/wp\/v2\/tags?post=272719"}],"curies":[{"name":"wp","href":"https:\/\/api.w.org\/{rel}","templated":true}]}}