{"id":27272,"date":"2025-04-15T19:00:32","date_gmt":"2025-04-15T19:00:32","guid":{"rendered":"https:\/\/www.europesays.com\/fr\/27272\/"},"modified":"2025-04-15T19:00:32","modified_gmt":"2025-04-15T19:00:32","slug":"choc-entre-un-poids-lourd-et-une-voiture-pres-de-rouen-deux-hommes-blesses","status":"publish","type":"post","link":"https:\/\/www.europesays.com\/fr\/27272\/","title":{"rendered":"Choc entre un poids lourd et une voiture, pr\u00e8s de Rouen : deux hommes bless\u00e9s"},"content":{"rendered":"<p>            Par<br \/>\n        <strong><br \/>\n            <a href=\"https:\/\/actu.fr\/auteur\/julien-bouteiller\" title=\"Consulter tous les articles de Julien Bouteiller\" rel=\"nofollow noopener\" target=\"_blank\">Julien Bouteiller<\/a><br \/>\n        <\/strong><\/p>\n<p>        Publi\u00e9 le<\/p>\n<p>            15 avr. 2025 \u00e0 16h50        <\/p>\n<p><strong>17 sapeurs-pompiers ont \u00e9t\u00e9 mobilis\u00e9s pour l\u2019intervention<\/strong>. Dans l\u2019apr\u00e8s-midi du mardi 15\u00a0avril 2025, un poids lourd et une voiture sont entr\u00e9s en collision \u00e0 <a href=\"https:\/\/actu.fr\/normandie\/henouville_76354\" rel=\"nofollow noopener\" target=\"_blank\">H\u00e9nouville<\/a>, <strong>non loin de Rouen<\/strong>, apprend-on du Service d\u00e9partemental d\u2019incendie et de secours.<\/p>\n<p>Deux bless\u00e9s dans l\u2019accident<\/p>\n<p class=\" wall-content\">Les pompiers ont \u00e9t\u00e9 appel\u00e9s aux <strong>alentours de 15h15<\/strong> pour un \u00ab\u2009accident entre un poids lourd de transport de meubles et un v\u00e9hicule l\u00e9ger avec deux personnes \u00e0 bord\u2009\u00bb, sur la route de <strong>Duclair<\/strong>.<\/p>\n<p class=\" wall-content\">L\u2019un des hommes \u00e0 bord de la voiture s\u2019est retrouv\u00e9 pi\u00e9g\u00e9 dans le v\u00e9hicule. L\u2019intervention des sapeurs-pompiers a permis de le d\u00e9sincarc\u00e9rer.<\/p>\n<p class=\" wall-content\">Lui et l\u2019autre occupant, tous deux \u00e2g\u00e9s d\u2019une cinquantaine d\u2019ann\u00e9es, ont \u00e9t\u00e9 pris en charge dans un \u00e9tat \u00ab\u2009d\u2019urgence relative\u2009\u00bb et transport\u00e9s <strong>au CHU de Rouen<\/strong>. Le conducteur du poids lourd est indemne.<\/p>\n<p class=\" wall-content\">Le temps de l\u2019intervention et du retrait des v\u00e9hicules, la route a \u00e9t\u00e9 coup\u00e9e sur une voie. Une enqu\u00eate de gendarmerie devra d\u00e9terminer les circonstances du choc.<\/p>\n<p>Vid\u00e9os : en ce moment sur ActuSuivez l\u2019actualit\u00e9 de Rouen <a href=\"https:\/\/www.whatsapp.com\/channel\/0029VaKfnf99hXF2ddApFB1D\" rel=\"nofollow noopener\" target=\"_blank\">sur notre cha\u00eene WhatsApp<\/a> et <a href=\"https:\/\/www.tiktok.com\/@76actu.fr?lang=fr\" rel=\"nofollow noopener\" target=\"_blank\">sur notre compte TikTok<\/a><\/p>\n<p class=\" wall-content\">Suivez toute l\u2019actualit\u00e9 de vos villes et m\u00e9dias favoris en vous inscrivant \u00e0 <a href=\"https:\/\/moncompte.actu.fr\" title=\"D\u00e9couvez Mon Actu\" rel=\"nofollow noopener\" data-trk=\"{&quot;cta&quot;:{&quot;action&quot;:&quot;https:\\\/\\\/moncompte.actu.fr&quot;,&quot;category&quot;:&quot;mon compte&quot;,&quot;from&quot;:&quot;article footer&quot;,&quot;name&quot;:&quot;Mon actu&quot;,&quot;type&quot;:&quot;cta&quot;}}\" target=\"_blank\">Mon Actu<\/a>.<\/p>\n<p>                    <script async src=\"\/\/www.tiktok.com\/embed.js\"><\/script><\/p>\n","protected":false},"excerpt":{"rendered":"Par Julien Bouteiller Publi\u00e9 le 15 avr. 2025 \u00e0 16h50 17 sapeurs-pompiers ont \u00e9t\u00e9 mobilis\u00e9s pour l\u2019intervention. Dans&hellip;\n","protected":false},"author":2,"featured_media":27273,"comment_status":"","ping_status":"","sticky":false,"template":"","format":"standard","meta":{"footnotes":""},"categories":[9587],"tags":[119,1111,11,1777,674,118,1011,27,12,5161,1311,25,9590],"class_list":{"0":"post-27272","1":"post","2":"type-post","3":"status-publish","4":"format-standard","5":"has-post-thumbnail","7":"category-rouen","8":"tag-accident","9":"tag-actu","10":"tag-actualites","11":"tag-eu","12":"tag-europe","13":"tag-faits-divers","14":"tag-fr","15":"tag-france","16":"tag-news","17":"tag-normandie","18":"tag-pompiers","19":"tag-republique-francaise","20":"tag-rouen"},"share_on_mastodon":{"url":"https:\/\/pubeurope.com\/@fr\/114343524889722222","error":""},"_links":{"self":[{"href":"https:\/\/www.europesays.com\/fr\/wp-json\/wp\/v2\/posts\/27272","targetHints":{"allow":["GET"]}}],"collection":[{"href":"https:\/\/www.europesays.com\/fr\/wp-json\/wp\/v2\/posts"}],"about":[{"href":"https:\/\/www.europesays.com\/fr\/wp-json\/wp\/v2\/types\/post"}],"author":[{"embeddable":true,"href":"https:\/\/www.europesays.com\/fr\/wp-json\/wp\/v2\/users\/2"}],"replies":[{"embeddable":true,"href":"https:\/\/www.europesays.com\/fr\/wp-json\/wp\/v2\/comments?post=27272"}],"version-history":[{"count":0,"href":"https:\/\/www.europesays.com\/fr\/wp-json\/wp\/v2\/posts\/27272\/revisions"}],"wp:featuredmedia":[{"embeddable":true,"href":"https:\/\/www.europesays.com\/fr\/wp-json\/wp\/v2\/media\/27273"}],"wp:attachment":[{"href":"https:\/\/www.europesays.com\/fr\/wp-json\/wp\/v2\/media?parent=27272"}],"wp:term":[{"taxonomy":"category","embeddable":true,"href":"https:\/\/www.europesays.com\/fr\/wp-json\/wp\/v2\/categories?post=27272"},{"taxonomy":"post_tag","embeddable":true,"href":"https:\/\/www.europesays.com\/fr\/wp-json\/wp\/v2\/tags?post=27272"}],"curies":[{"name":"wp","href":"https:\/\/api.w.org\/{rel}","templated":true}]}}