{"id":272723,"date":"2025-07-25T12:09:11","date_gmt":"2025-07-25T12:09:11","guid":{"rendered":"https:\/\/www.europesays.com\/fr\/272723\/"},"modified":"2025-07-25T12:09:11","modified_gmt":"2025-07-25T12:09:11","slug":"alexandre-astier-devoile-la-premiere-affiche-du-prochain-kaamelott","status":"publish","type":"post","link":"https:\/\/www.europesays.com\/fr\/272723\/","title":{"rendered":"Alexandre Astier d\u00e9voile la premi\u00e8re affiche du prochain Kaamelott"},"content":{"rendered":"<p>La premi\u00e8re affiche du <a href=\"https:\/\/www.ledauphine.com\/culture-loisirs\/2023\/04\/16\/la-suite-de-kaamelott-bientot-en-tournage-les-confidences-d-alexandre-astier\" target=\"_blank\" rel=\"noopener\">volet 2 de Kaamelott (KV2),<\/a> \u00e0 l\u2019esth\u00e9tisme toujours bien soign\u00e9e, vient d\u2019\u00eatre d\u00e9voil\u00e9e. On y voit Arthur (<a href=\"https:\/\/www.ledauphine.com\/p\/alexandre-astier\" target=\"_blank\" rel=\"noopener\">Alexandre Astier<\/a>), regard inquiet et allong\u00e9 sur ce qui semble \u00eatre la table ronde. Il est v\u00eatu d\u2019un long sous-v\u00eatement et portant un bonnet de nuit sur la t\u00eate avec, \u00e0 sa droite, la longue \u00e9p\u00e9e d\u2019Excalibur. Alexandre Astier laisse juste ce commentaire tr\u00e8s \u201ckaamelottien\u201d\u00a0: \u00ab\u00a0On a beau dire, beau faire, \u00e7a s\u2019approche dangereusement.\u00a0\u00bb<\/p>\n<p>Comme pour le volet 1, d\u2019autres affiches devraient \u00eatre publi\u00e9es d\u2019ici le 22\u00a0octobre, date de la sortie en salle de la premi\u00e8re partir du film KV2 (qui en compte deux), pour faire patienter les fans.<\/p>\n<p>Ce contenu est bloqu\u00e9 car vous n&rsquo;avez pas accept\u00e9 les cookies et autres traceurs.<\/p>\n<p>En cliquant sur \u00ab J\u2019accepte \u00bb, les cookies et autres traceurs seront d\u00e9pos\u00e9s et vous pourrez visualiser les contenus  (<a href=\"\" class=\"consentModule_policy\" target=\"_blank\" title=\"Consulter la politique de protection des donn\u00e9es du fournisseur\">plus d&rsquo;informations<\/a>).<\/p>\n<p>En cliquant sur \u00ab J\u2019accepte tous les cookies \u00bb, vous autorisez des d\u00e9p\u00f4ts de cookies et autres traceurs pour le stockage de vos donn\u00e9es sur nos sites et applications \u00e0 des fins de personnalisation et de ciblage publicitaire.<\/p>\n<p class=\"consentModule_secondaryText\">Vous gardez la possibilit\u00e9 de retirer votre consentement \u00e0 tout moment en consultant notre <a href=\"https:\/\/www.ledauphine.com\/protection-des-donnees\" target=\"_blank\" title=\"Consulter notre politique de protection des donn\u00e9es\" rel=\"noopener\">politique de protection des donn\u00e9es<\/a>. <br \/>&#13;<br \/>\n            <a href=\"https:\/\/www.ledauphine.com\/culture-loisirs\/2025\/07\/25\/javascript:Didomi.notice.show()\" class=\"consentModule_cmp\" target=\"_blank\" rel=\"noopener\">G\u00e9rer mes choix<\/a>&#13;\n        <\/p>\n<p>&#13;<br \/>\n                        J&rsquo;accepte&#13;<br \/>\n            J&rsquo;accepte tous les cookies&#13;\n        <\/p>\n<p>Le long-m\u00e9trage a \u00e9t\u00e9 tourn\u00e9 en partie dans notre r\u00e9gion, notamment en <a href=\"https:\/\/www.ledauphine.com\/culture-loisirs\/2024\/10\/26\/une-partie-du-second-volet-de-kaamelott-a-ete-tournee-en-ardeche\" target=\"_blank\" rel=\"noopener\">Ard\u00e8che<\/a> (pr\u00e8s d\u2019Aubenas), dans la <a href=\"https:\/\/www.ledauphine.com\/culture-loisirs\/2025\/02\/06\/kaamelott-la-suite-de-la-saga-d-alexandre-astier-tournee-actuellement-dans-le-royans\" target=\"_blank\" rel=\"noopener\">Dr\u00f4me<\/a> (Royans et Vercors) et en <a href=\"https:\/\/www.ledauphine.com\/culture-loisirs\/2025\/02\/14\/kaamelott-des-scenes-du-deuxieme-volet-ont-ete-tournees-au-chateau-de-quirieu-en-isere\" target=\"_blank\" rel=\"noopener\">Is\u00e8re<\/a> (au nord de Bourgoin-Jallieu). Alexandre Astier, qui, outre d\u2019\u00eatre com\u00e9dien, r\u00e9alise, monte et compose la bande originale, <a href=\"https:\/\/www.ledauphine.com\/culture-loisirs\/2025\/02\/26\/fin-de-tournage-du-deuxieme-volet-de-kaamelott-des-scenes-filmees-en-drome-ardeche\" target=\"_blank\" rel=\"noopener\">avait annonc\u00e9, \u00e0 la mi-f\u00e9vrier, que le tournage avait \u00e9t\u00e9 termin\u00e9<\/a>. Au total, cent jours ont \u00e9t\u00e9 n\u00e9cessaires pour filmer les sc\u00e8nes des deux parties du deuxi\u00e8me volet.<\/p>\n","protected":false},"excerpt":{"rendered":"La premi\u00e8re affiche du volet 2 de Kaamelott (KV2), \u00e0 l\u2019esth\u00e9tisme toujours bien soign\u00e9e, vient d\u2019\u00eatre d\u00e9voil\u00e9e. On&hellip;\n","protected":false},"author":2,"featured_media":272724,"comment_status":"","ping_status":"","sticky":false,"template":"","format":"standard","meta":{"footnotes":""},"categories":[1354],"tags":[4646,12919,650,1687,58,2730,4645,115,59,107,1346,1011,27,108,1360,273],"class_list":{"0":"post-272723","1":"post","2":"type-post","3":"status-publish","4":"format-standard","5":"has-post-thumbnail","7":"category-films","8":"tag-ardeche","9":"tag-bourgoin-jallieu","10":"tag-cinema","11":"tag-culture-loisirs","12":"tag-divertissement","13":"tag-drome","14":"tag-edition-aubenas-privas-vallee-du-rhone","15":"tag-edition-bourgoin-jallieu-nord-dauphine","16":"tag-entertainment","17":"tag-fil-info","18":"tag-films","19":"tag-fr","20":"tag-france","21":"tag-isere","22":"tag-movies","23":"tag-selection-de-la-redaction"},"share_on_mastodon":{"url":"https:\/\/pubeurope.com\/@fr\/114913802006509056","error":""},"_links":{"self":[{"href":"https:\/\/www.europesays.com\/fr\/wp-json\/wp\/v2\/posts\/272723","targetHints":{"allow":["GET"]}}],"collection":[{"href":"https:\/\/www.europesays.com\/fr\/wp-json\/wp\/v2\/posts"}],"about":[{"href":"https:\/\/www.europesays.com\/fr\/wp-json\/wp\/v2\/types\/post"}],"author":[{"embeddable":true,"href":"https:\/\/www.europesays.com\/fr\/wp-json\/wp\/v2\/users\/2"}],"replies":[{"embeddable":true,"href":"https:\/\/www.europesays.com\/fr\/wp-json\/wp\/v2\/comments?post=272723"}],"version-history":[{"count":0,"href":"https:\/\/www.europesays.com\/fr\/wp-json\/wp\/v2\/posts\/272723\/revisions"}],"wp:featuredmedia":[{"embeddable":true,"href":"https:\/\/www.europesays.com\/fr\/wp-json\/wp\/v2\/media\/272724"}],"wp:attachment":[{"href":"https:\/\/www.europesays.com\/fr\/wp-json\/wp\/v2\/media?parent=272723"}],"wp:term":[{"taxonomy":"category","embeddable":true,"href":"https:\/\/www.europesays.com\/fr\/wp-json\/wp\/v2\/categories?post=272723"},{"taxonomy":"post_tag","embeddable":true,"href":"https:\/\/www.europesays.com\/fr\/wp-json\/wp\/v2\/tags?post=272723"}],"curies":[{"name":"wp","href":"https:\/\/api.w.org\/{rel}","templated":true}]}}