{"id":272725,"date":"2025-07-25T12:10:11","date_gmt":"2025-07-25T12:10:11","guid":{"rendered":"https:\/\/www.europesays.com\/fr\/272725\/"},"modified":"2025-07-25T12:10:11","modified_gmt":"2025-07-25T12:10:11","slug":"nos-cerveaux-auraient-vieilli-plus-rapidement-a-cause-du-covid-19-dapres-une-etude-actualites","status":"publish","type":"post","link":"https:\/\/www.europesays.com\/fr\/272725\/","title":{"rendered":"Nos cerveaux auraient vieilli plus rapidement \u00e0 cause du Covid-19, d&rsquo;apr\u00e8s une \u00e9tude : Actualit\u00e9s"},"content":{"rendered":"<p class=\"lead \"><strong>Une \u00e9tude britannique parue mardi 22 juillet estime que la pand\u00e9mie de Covid-19 aurait eu un effet sur notre sant\u00e9 neurologique. Y compris chez ceux qui ne l&rsquo;ont jamais contract\u00e9.<\/strong><\/p>\n<p class=\"lead \"><a href=\"https:\/\/actu.orange.fr\/societe\/sante\/sante-pas-de-hausse-des-troubles-anxieux-depuis-la-pandemie-de-covid-19-magic-CNT000002jGPid.html\" rel=\"nofollow noopener\" target=\"_blank\">La pand\u00e9mie de Covid-19<\/a> aurait eu un impact sur notre sant\u00e9 mentale et notre cerveau. Selon les r\u00e9sultats d&rsquo;une \u00e9tude britannique parue mardi 22 juillet dans Nature communications et <a href=\"https:\/\/www.tf1info.fr\/sante\/video-covid-19-virus-la-pandemie-aurait-fait-vieillir-nos-cerveaux-plus-vite-selon-une-etude-2385085.html\" target=\"_blank\" rel=\"nofollow noopener\">relay\u00e9e par TF1<\/a>, les personnes ayant v\u00e9cu cette p\u00e9riode du printemps 2020 pr\u00e9sentaient un vieillissement c\u00e9r\u00e9bral acc\u00e9l\u00e9r\u00e9 d\u2019environ cinq mois et demi. Et c&rsquo;\u00e9tait \u00e9galement le cas pour ceux qui n&rsquo;ont jamais contract\u00e9 le virus. <\/p>\n<p class=\"lead \">Cette transformation s\u2019explique donc par l\u2019environnement social li\u00e9 \u00e0 la pand\u00e9mie. Pour calculer ces donn\u00e9es, les scientifiques ont analys\u00e9 les IRM c\u00e9r\u00e9brales de pr\u00e8s de 1 000 personnes ayant chacune pass\u00e9 deux scanners du cerveau. Un avant, et un apr\u00e8s la pand\u00e9mie. Ils ont ensuite entra\u00een\u00e9 un programme d&rsquo;intelligence artificielle pour analyser l&rsquo;\u00e2ge du cerveau.<\/p>\n<p>                                                                                                \u00ab\u00a0Le stress et l&rsquo;isolement pourraient avoir jou\u00e9 un r\u00f4le\u00a0\u00bb<\/p>\n<p class=\"lead \">Sociologiquement, l&rsquo;\u00e9tude observe plusieurs diff\u00e9rences. Les hommes et les personnes issues de milieux d\u00e9favoris\u00e9s sont les plus impact\u00e9s par ce ph\u00e9nom\u00e8ne, rappelle TF1.<\/p>\n<p class=\"lead \">\u00ab\u00a0Nous ne pouvons pas identifier les m\u00e9canismes exacts, mais le stress, l&rsquo;isolement, les routines perturb\u00e9es et la r\u00e9duction de l&rsquo;activit\u00e9 physique et cognitive pendant les confinements pourraient avoir jou\u00e9 un r\u00f4le\u00a0\u00bb, explique le Docteur Ali-Reza Mohammadi-Nejad, l&rsquo;un des auteurs de cette \u00e9tude.<\/p>\n<p class=\"small font-weight-bold text-gray3 \"> publi\u00e9 le 25 juillet \u00e0 13h30, Emilien Decelle, 6Medias<\/p>\n<p>                             Partager<\/p>\n","protected":false},"excerpt":{"rendered":"Une \u00e9tude britannique parue mardi 22 juillet estime que la pand\u00e9mie de Covid-19 aurait eu un effet sur&hellip;\n","protected":false},"author":2,"featured_media":272726,"comment_status":"","ping_status":"","sticky":false,"template":"","format":"standard","meta":{"footnotes":""},"categories":[10],"tags":[1011,27,72,71],"class_list":{"0":"post-272725","1":"post","2":"type-post","3":"status-publish","4":"format-standard","5":"has-post-thumbnail","7":"category-sante","8":"tag-fr","9":"tag-france","10":"tag-health","11":"tag-sante"},"share_on_mastodon":{"url":"https:\/\/pubeurope.com\/@fr\/114913805826135602","error":""},"_links":{"self":[{"href":"https:\/\/www.europesays.com\/fr\/wp-json\/wp\/v2\/posts\/272725","targetHints":{"allow":["GET"]}}],"collection":[{"href":"https:\/\/www.europesays.com\/fr\/wp-json\/wp\/v2\/posts"}],"about":[{"href":"https:\/\/www.europesays.com\/fr\/wp-json\/wp\/v2\/types\/post"}],"author":[{"embeddable":true,"href":"https:\/\/www.europesays.com\/fr\/wp-json\/wp\/v2\/users\/2"}],"replies":[{"embeddable":true,"href":"https:\/\/www.europesays.com\/fr\/wp-json\/wp\/v2\/comments?post=272725"}],"version-history":[{"count":0,"href":"https:\/\/www.europesays.com\/fr\/wp-json\/wp\/v2\/posts\/272725\/revisions"}],"wp:featuredmedia":[{"embeddable":true,"href":"https:\/\/www.europesays.com\/fr\/wp-json\/wp\/v2\/media\/272726"}],"wp:attachment":[{"href":"https:\/\/www.europesays.com\/fr\/wp-json\/wp\/v2\/media?parent=272725"}],"wp:term":[{"taxonomy":"category","embeddable":true,"href":"https:\/\/www.europesays.com\/fr\/wp-json\/wp\/v2\/categories?post=272725"},{"taxonomy":"post_tag","embeddable":true,"href":"https:\/\/www.europesays.com\/fr\/wp-json\/wp\/v2\/tags?post=272725"}],"curies":[{"name":"wp","href":"https:\/\/api.w.org\/{rel}","templated":true}]}}