{"id":272733,"date":"2025-07-25T12:14:10","date_gmt":"2025-07-25T12:14:10","guid":{"rendered":"https:\/\/www.europesays.com\/fr\/272733\/"},"modified":"2025-07-25T12:14:10","modified_gmt":"2025-07-25T12:14:10","slug":"meta-va-arreter-les-publicites-politiques-dans-lue-denoncant-les-regles-impraticables-de-bruxelles","status":"publish","type":"post","link":"https:\/\/www.europesays.com\/fr\/272733\/","title":{"rendered":"Meta va arr\u00eater les publicit\u00e9s politiques dans l&rsquo;UE, d\u00e9non\u00e7ant les r\u00e8gles \u00abimpraticables\u00bb de Bruxelles"},"content":{"rendered":"<p>Le groupe am\u00e9ricain qui poss\u00e8de les plateformes Facebook, Instagram et WhatsApp, ne permettra plus ce type d\u2019annonce \u00e0 partir d\u2019octobre.<\/p>\n<p class=\"fig-paragraph\">Le\u00a0<a href=\"http:\/\/www.lefigaro.fr\/flash-eco\/meta-va-investir-des-centaines-de-milliards-de-dollars-supplementaires-dans-des-infrastructures-ia-20250714\" data-fig-type=\"NewsFlash\" data-gtm-custom-categorie=\"navigation\" data-gtm-custom-action=\"crossclick\" data-gtm-custom-label=\"Contextuel\" data-gtm-event=\"customEventSPE\" data-fig-domain=\"LEFIGARO\" target=\"_blank\" rel=\"noopener\">groupe am\u00e9ricain Meta<\/a>, qui poss\u00e8de notamment Facebook et Instagram, a annonc\u00e9 ce vendredi 25 juillet qu&rsquo;il \u00abn&rsquo;autoriserait plus les publicit\u00e9s politiques\u00bb sur ses plateformes \u00e0 partir du mois d&rsquo;octobre dans l&rsquo;Union europ\u00e9enne, mettant en cause les r\u00e8gles \u00abimpraticables\u00bb de Bruxelles.<\/p>\n<p class=\"fig-paragraph\">\u00abIl s&rsquo;agit d&rsquo;une d\u00e9cision difficile\u00bb, mais Meta \u00abn&rsquo;autorisera plus les publicit\u00e9s politiques, \u00e9lectorales et sur les enjeux sociaux sur ses plateformes dans l&rsquo;Union europ\u00e9enne, en raison des exigences impraticables\u00bb d&rsquo;un r\u00e8glement europ\u00e9en d\u00e9di\u00e9 \u00e0 la transparence de la publicit\u00e9 politique, a affirm\u00e9 l&rsquo;entreprise de Mark Zuckerberg dans un communiqu\u00e9. Meta, qui critique r\u00e9guli\u00e8rement la l\u00e9gislation europ\u00e9enne, pointe les \u00abimportants d\u00e9fis op\u00e9rationnels\u00bb et \u00abincertitudes juridiques\u00bb des r\u00e8gles sur la publicit\u00e9 politique.<\/p>\n<p>                                    <a class=\"fig-a11y-skip a11y-hidden\" href=\"#fig-a11y-skip-main-inarticle\"><br \/>\n        Passer la publicit\u00e9<br \/>\n    <\/a><\/p>\n<p>Pr\u00e9venir les ing\u00e9rences \u00e9trang\u00e8res<\/p>\n<p class=\"fig-paragraph\">Adopt\u00e9 en 2024 avec une pleine entr\u00e9e en vigueur en octobre 2025, ce r\u00e8glement europ\u00e9en vise \u00e0 garantir une plus grande transparence des publicit\u00e9s et \u00e0 se pr\u00e9munir des ing\u00e9rences \u00e9trang\u00e8res \u00e0 l\u2019approche d\u2019\u00e9lections. La l\u00e9gislation impose notamment aux plateformes de signaler clairement les publicit\u00e9s \u00e0 caract\u00e8re politique et d\u2019indiquer par qui elles sont financ\u00e9es. Le profilage \u00e0 partir de donn\u00e9es personnelles relatives \u00e0 l\u2019origine ethnique, la religion, l\u2019orientation sexuelle, est interdit, de m\u00eame que l\u2019utilisation des donn\u00e9es relatives \u00e0 des mineurs.<\/p>\n<p class=\"fig-paragraph\">L\u2019Union europ\u00e9enne a notamment pris ses mesures \u00e0 la suite du scandale Cambridge Analytica survenu en 2018. Ce cabinet de conseil britannique avait amass\u00e9, sans autorisation et \u00e0 leur insu, les donn\u00e9es personnelles de dizaines de millions d\u2019utilisateurs de Facebook, utilis\u00e9es ensuite \u00e0 des fins de ciblage politique durant la campagne \u00e9lectorale am\u00e9ricaine 2016 et le r\u00e9f\u00e9rendum sur le Brexit.<\/p>\n<p class=\"fig-paragraph\">Dans son communiqu\u00e9, Meta souligne qu\u2019elle n\u2019est pas la premi\u00e8re entreprise \u00e0 dire qu\u2019elle va renoncer aux publicit\u00e9s politiques dans l\u2019UE, puisque Google l\u2019avait fait fin 2024. \u00abNotre d\u00e9cision concerne uniquement l\u2019Union europ\u00e9enne\u00bb, \u00abnous continuons \u00e0 penser que la publicit\u00e9 politique en ligne est un \u00e9l\u00e9ment essentiel de la politique moderne\u00bb, assure l\u2019entreprise am\u00e9ricaine.<\/p>\n<p class=\"fig-paragraph\">Ses plateformes Facebook et Instagram comptent respectivement quelque 261 millions et 272 millions d\u2019utilisateurs actifs mensuels dans l\u2019Union europ\u00e9enne. L\u2019UE s\u2019est dot\u00e9e d\u2019un arsenal juridique renforc\u00e9 pour encadrer les grandes entreprises technologiques, ce que Meta critique ouvertement. Le g\u00e9ant am\u00e9ricain des r\u00e9seaux sociaux a annonc\u00e9 d\u00e9but juillet contester en justice une amende de 200 millions d\u2019euros inflig\u00e9e par la Commission europ\u00e9enne en avril, pour une infraction aux r\u00e8gles encadrant l\u2019usage des donn\u00e9es personnelles. Facebook et Instagram font \u00e9galement l\u2019objet de plusieurs enqu\u00eates dans le cadre de la l\u00e9gislation europ\u00e9enne sur les services num\u00e9riques (DSA).<\/p>\n<p class=\"fig-paragraph\">Dans un mouvement de rapprochement avec Donald Trump, Mark Zuckerberg avait accus\u00e9 en janvier l\u2019UE de censure et compar\u00e9 les amendes europ\u00e9ennes \u00e0 des droits de douane.<\/p>\n","protected":false},"excerpt":{"rendered":"Le groupe am\u00e9ricain qui poss\u00e8de les plateformes Facebook, Instagram et WhatsApp, ne permettra plus ce type d\u2019annonce \u00e0&hellip;\n","protected":false},"author":2,"featured_media":272734,"comment_status":"","ping_status":"","sticky":false,"template":"","format":"standard","meta":{"footnotes":""},"categories":[6],"tags":[35,33,34,1011,27,1016,938,364],"class_list":{"0":"post-272733","1":"post","2":"type-post","3":"status-publish","4":"format-standard","5":"has-post-thumbnail","7":"category-economie","8":"tag-business","9":"tag-economie","10":"tag-economy","11":"tag-fr","12":"tag-france","13":"tag-meta","14":"tag-reseaux-sociaux","15":"tag-union-europeenne"},"share_on_mastodon":{"url":"https:\/\/pubeurope.com\/@fr\/114913821589104864","error":""},"_links":{"self":[{"href":"https:\/\/www.europesays.com\/fr\/wp-json\/wp\/v2\/posts\/272733","targetHints":{"allow":["GET"]}}],"collection":[{"href":"https:\/\/www.europesays.com\/fr\/wp-json\/wp\/v2\/posts"}],"about":[{"href":"https:\/\/www.europesays.com\/fr\/wp-json\/wp\/v2\/types\/post"}],"author":[{"embeddable":true,"href":"https:\/\/www.europesays.com\/fr\/wp-json\/wp\/v2\/users\/2"}],"replies":[{"embeddable":true,"href":"https:\/\/www.europesays.com\/fr\/wp-json\/wp\/v2\/comments?post=272733"}],"version-history":[{"count":0,"href":"https:\/\/www.europesays.com\/fr\/wp-json\/wp\/v2\/posts\/272733\/revisions"}],"wp:featuredmedia":[{"embeddable":true,"href":"https:\/\/www.europesays.com\/fr\/wp-json\/wp\/v2\/media\/272734"}],"wp:attachment":[{"href":"https:\/\/www.europesays.com\/fr\/wp-json\/wp\/v2\/media?parent=272733"}],"wp:term":[{"taxonomy":"category","embeddable":true,"href":"https:\/\/www.europesays.com\/fr\/wp-json\/wp\/v2\/categories?post=272733"},{"taxonomy":"post_tag","embeddable":true,"href":"https:\/\/www.europesays.com\/fr\/wp-json\/wp\/v2\/tags?post=272733"}],"curies":[{"name":"wp","href":"https:\/\/api.w.org\/{rel}","templated":true}]}}