{"id":272738,"date":"2025-07-25T12:17:10","date_gmt":"2025-07-25T12:17:10","guid":{"rendered":"https:\/\/www.europesays.com\/fr\/272738\/"},"modified":"2025-07-25T12:17:10","modified_gmt":"2025-07-25T12:17:10","slug":"reconnaissance-de-letat-palestinien-la-drole-damnesie-de-jordan-bardella-et-marine-le-pen-liberation","status":"publish","type":"post","link":"https:\/\/www.europesays.com\/fr\/272738\/","title":{"rendered":"Reconnaissance de l\u2019Etat palestinien : la dr\u00f4le d\u2019amn\u00e9sie de Jordan Bardella et Marine Le Pen &#8211; Lib\u00e9ration"},"content":{"rendered":"<ol>\n<li><a href=\"https:\/\/news.google.com\/rss\/articles\/CBMi9AFBVV95cUxOeHZlU3dqVGcyMEFXUDhSSWRrVWstdmxkOEx6azFxWDRJV3ZtVm53ajdwZW9lOUpUQTIyWXE4VFE5dGV1YTlpVnJfcG1rNllZcVpCMW1FdUdKWU45RGhwMjlRU2w1dzFvZS00eDdjRF9RV0Y3QkhVOGNTVmZiVDk0eXVKT0taMjJid1FkQWFucUVoNDJzMkE4U09HWEMwNEJSMlhYbmNFTXMtQjNKbHZObjZtbDNDNDk5dGpDTUVPbGkyUzBlTE9DaGRpVmlORTE2UDZ6OXhfMW8yb0l5VjByUUJsOVNoN3Z0Vi1xajNRZlZvMDBt?oc=5\" target=\"_blank\" rel=\"noopener\">Reconnaissance de l\u2019Etat palestinien : la dr\u00f4le d\u2019amn\u00e9sie de Jordan Bardella et Marine Le Pen<\/a>&nbsp;&nbsp;Lib\u00e9ration<\/li>\n<li><a href=\"https:\/\/news.google.com\/rss\/articles\/CBMi5AJBVV95cUxQOVJJS3pqYk5JZXBDbWY4MDgyYTQ4OUtfbTgxMS1Ed1pSU0dJanpvSlExbWo5SmhLOXZHRDNfTHc2UXEtYmZPQlZ5TVVzVXFOMkVFRzREYmdNd09MYkREdGN1V1R2QWFteFh3MXlrUlVqWVdKdkRpVGxaT1JlaV9xV25yTHFRT1dKclhJWjJuMU9XaWtGbnBBbnRXWEdhTDFMNlo3ejBFUFFpT3BKMjllcjhNYlVqTnpNeUtDNWVFblhqV0U4amZxN1VCVmdWcHpPX1g3cVAyT0FncXRPZ0k0WjlDSXQ3clZFRGw0Z1JCUVpFZDYtUnZJWjVwNGc2Mk9qSm5tUF9mRDh3bzJkdkdLcE9PVjloSTRSbDRCSlF4ZGVENmlkRmZiUWRjelJ2dlJaZjBtZVpuNDdGdXFpYXEybTgyT1NsckJYSFdnYVh4QVN1blR2QXN5dHlEQXpWczA2cmQ0Vw?oc=5\" target=\"_blank\" rel=\"noopener\">En direct, Gaza | Reconnaissance fran\u00e7aise d\u2019un Etat palestinien : Mahmoud Abbas salue \u00ab une victoire pour la cause palestinienne \u00bb<\/a>&nbsp;&nbsp;Le Monde.fr<\/li>\n<li><a href=\"https:\/\/news.google.com\/rss\/articles\/CBMitAFBVV95cUxQZE9FRDl0UU11cHpEc196U0tQTVBJVDhhQmptQjh3c2R0anFzaEVLMnVYS3J1OGVxSGNUaHVZTjh1LVZ3LUwxS3prSFZrMUNzYnhXcU1ERGtuUHVOZmJQNV9BRm53SHdxSUtMalJQZF9Rb3JaNG5GNTFOSHRfay1DOFZZZkwyS0NaSmN4UlBjd3NaU0NpUFk5bDU0S3piNEVLWjRycjN4ODc1Tm5PWGZjTHZkamU?oc=5\" target=\"_blank\" rel=\"noopener\">Quels pays du monde ont d\u00e9j\u00e0 reconnu la Palestine ?<\/a>&nbsp;&nbsp;La Provence<\/li>\n<li><a href=\"https:\/\/news.google.com\/rss\/articles\/CBMiuAFBVV95cUxNcGdha2swUnFxamxNcmg4WDI5WXpLWVN6cXdXX1ZIVjIyNnZiZ194eVViNjliSi1SNlRuZjhRemFpcW1LRmgyLUtzbE1pc25vNUkwS3NuYzhjQnpNT0tnOE9sNnl3UVZrZDQwQ3lwZnJVcHlQNHlnNUJtRWVkYkpXem45QWRmN1V1Mnd1VEZWUHpEUzk5TDZGWXBKV09JZEZOWmVoOGxqLTJZSWdYdHc3c3J3WHJTWnZG0gG-AUFVX3lxTE03R3FuOW5Ha21wRm5MVjBlY096SU1RNlBmcXdpblFJb19UX2FXUVo0U3dRVXkzZ05tc2RUM1VpQklwYm9Bb1R2dnFMZmNGUWxhTTlaTm9VSk93dlVFTHZFaXpGa3ZWWVBmMHQtc05rZHBWazBFTzFEeTZsUzNaQURpaGN6QWZMUXdYMzNYT0lXVTE5d0s1OXVIWXRwbXhibGRGZnB5X2FnRS1faGtzLWdZQUUxMkxFUEdqWFU4Q2c?oc=5\" target=\"_blank\" rel=\"noopener\">Proche-Orient : l&rsquo;Allemagne \u00abn&rsquo;envisage pas de reconna\u00eetre un Etat palestinien \u00e0 court terme\u00bb<\/a>&nbsp;&nbsp;CNews<\/li>\n<li><a href=\"https:\/\/news.google.com\/rss\/articles\/CBMi9gFBVV95cUxOeXpPQ3FDX3JBS2RCZi00eVVFNEduUDlVdE0ya00yTmU3WUZDXy1oUk11VEV2NW5QNExYdGhqcGhtYzJsYUYzVFRyQWxZTXpadTdaRGFFbmZUZENfa0ZtZVlsSWZ1U3M3dFZvb3l2Ymo2UjhkY1NhQkJFbEhta3hzZXFUZFlhbkxQdmdIRTMyTlNzV3FmTm9Zd1dUYTMzdE83MC02VWswZ0hGOXdfWUFOTzduUVRZS3NORml1Z1V1X1FBWkd5dlNueVNnNzY3RkNucWNRZ2JoV2VNdGhEWnkxMUl4bDBtQ2lpSzB1UUhoc3NNU0FQN1E?oc=5\" target=\"_blank\" rel=\"noopener\">Promesse de Macron sur la Palestine : la gauche peine \u00e0 se r\u00e9jouir, la Macronie \u00e0 assumer<\/a>&nbsp;&nbsp;Le HuffPost<\/li>\n<\/ol>\n","protected":false},"excerpt":{"rendered":"Reconnaissance de l\u2019Etat palestinien : la dr\u00f4le d\u2019amn\u00e9sie de Jordan Bardella et Marine Le Pen&nbsp;&nbsp;Lib\u00e9ration En direct, Gaza&hellip;\n","protected":false},"author":2,"featured_media":272739,"comment_status":"","ping_status":"","sticky":false,"template":"","format":"standard","meta":{"footnotes":""},"categories":[2],"tags":[11,1073,1011,27,41205,3523,3081,1077,17852,4729,430,12,4393,3518,2848],"class_list":{"0":"post-272738","1":"post","2":"type-post","3":"status-publish","4":"format-standard","5":"has-post-thumbnail","7":"category-actualites","8":"tag-actualites","9":"tag-emmanuel-macron","10":"tag-fr","11":"tag-france","12":"tag-francois-de-rugy","13":"tag-israel-palestine-conflit","14":"tag-jean-luc-melenchon","15":"tag-jordan-bardella","16":"tag-manuel-bompard","17":"tag-marine-tondelier","18":"tag-marine-le-pen","19":"tag-news","20":"tag-olivier-faure","21":"tag-palestine","22":"tag-rn"},"share_on_mastodon":{"url":"https:\/\/pubeurope.com\/@fr\/114913833355814152","error":""},"_links":{"self":[{"href":"https:\/\/www.europesays.com\/fr\/wp-json\/wp\/v2\/posts\/272738","targetHints":{"allow":["GET"]}}],"collection":[{"href":"https:\/\/www.europesays.com\/fr\/wp-json\/wp\/v2\/posts"}],"about":[{"href":"https:\/\/www.europesays.com\/fr\/wp-json\/wp\/v2\/types\/post"}],"author":[{"embeddable":true,"href":"https:\/\/www.europesays.com\/fr\/wp-json\/wp\/v2\/users\/2"}],"replies":[{"embeddable":true,"href":"https:\/\/www.europesays.com\/fr\/wp-json\/wp\/v2\/comments?post=272738"}],"version-history":[{"count":0,"href":"https:\/\/www.europesays.com\/fr\/wp-json\/wp\/v2\/posts\/272738\/revisions"}],"wp:featuredmedia":[{"embeddable":true,"href":"https:\/\/www.europesays.com\/fr\/wp-json\/wp\/v2\/media\/272739"}],"wp:attachment":[{"href":"https:\/\/www.europesays.com\/fr\/wp-json\/wp\/v2\/media?parent=272738"}],"wp:term":[{"taxonomy":"category","embeddable":true,"href":"https:\/\/www.europesays.com\/fr\/wp-json\/wp\/v2\/categories?post=272738"},{"taxonomy":"post_tag","embeddable":true,"href":"https:\/\/www.europesays.com\/fr\/wp-json\/wp\/v2\/tags?post=272738"}],"curies":[{"name":"wp","href":"https:\/\/api.w.org\/{rel}","templated":true}]}}