{"id":272740,"date":"2025-07-25T12:18:12","date_gmt":"2025-07-25T12:18:12","guid":{"rendered":"https:\/\/www.europesays.com\/fr\/272740\/"},"modified":"2025-07-25T12:18:12","modified_gmt":"2025-07-25T12:18:12","slug":"andre-buffard-je-considere-que-jai-gagne-lorsque-les-juges-ont-adhere-ne-serait-ce-quen-partie-a-ce-que-jai-developpe","status":"publish","type":"post","link":"https:\/\/www.europesays.com\/fr\/272740\/","title":{"rendered":"Andr\u00e9 Buffard\u00a0: \u00ab\u00a0Je consid\u00e8re que j\u2019ai gagn\u00e9 lorsque les juges ont adh\u00e9r\u00e9 ne serait-ce qu\u2019en partie \u00e0 ce que j\u2019ai d\u00e9velopp\u00e9\u00a0\u00bb"},"content":{"rendered":"<p class=\"is-style-chapo\">Au mois de juin, l\u2019avocat aux 800 proc\u00e8s, Andr\u00e9 Buffard, publiait Coups de Ma\u00eetre, un ouvrage co-\u00e9crit avec la journaliste judiciaire Marie Perrin et publi\u00e9 aux Editions du Progr\u00e8s. Pour la premi\u00e8re fois, il revient sur les grandes affaires qui ont marqu\u00e9 sa carri\u00e8re de p\u00e9naliste, ainsi que sur des dossiers moins connus du grand public. Une immersion au sein du proc\u00e8s d\u2019assise, sur laquelle Me Andr\u00e9 Buffard a accept\u00e9 de revenir \u00e0 travers une interview en deux parties.<\/p>\n<p><img loading=\"lazy\" decoding=\"async\" width=\"1024\" height=\"576\" src=\"https:\/\/www.europesays.com\/fr\/wp-content\/uploads\/2025\/07\/IMG_2415-1-1024x576.jpg\" alt=\"\" class=\"wp-image-80171\"  \/><\/p>\n<p><strong>Qu\u2019est-ce qui vous a donn\u00e9 envie d\u2019\u00e9crire ce livre maintenant\u00a0?<\/strong><\/p>\n<p>Depuis le d\u00e9but de ma carri\u00e8re, j\u2019ai eu la chance d\u2019avoir \u00e0 plaider ou \u00e0 conna\u00eetre des affaires absolument passionnantes. Et depuis le d\u00e9but, j\u2019ai toujours mis de c\u00f4t\u00e9 les dossiers int\u00e9ressants en me disant que, si un jour j\u2019avais le temps, j\u2019\u00e9crirais dessus. Dans un premier temps, j\u2019ai \u00e9crit des polars, ce qui est pratique car cela permet de se cacher derri\u00e8re des personnages, mais un jour il fallait que j\u2019essaie d\u2019\u00e9crire sur tout cela. Je c\u00f4toyais Marie Perrin, chroniqueuse judiciaire au Progr\u00e8s depuis une dizaine d\u2019ann\u00e9es, qui me disait de me lancer, et elle \u00e9tait pr\u00eate \u00e0 faire une partie interview sur le m\u00e9tier. C\u2019est comme \u00e7a que l\u2019id\u00e9e est venue, elle m\u2019interviewait sur les aspects de la profession, le m\u00e9tier, la justice, et de mon c\u00f4t\u00e9 je racontais un certain nombre d\u2019histoires. Les m\u00e9moires d\u2019avocat, \u00e7a ne m\u2019a jamais int\u00e9ress\u00e9. Pourquoi\u00a0? Parce que g\u00e9n\u00e9ralement c\u2019est une longue succession de triomphes de l\u2019avocat qui se raconte\u2026 c\u2019est un peu saoulant. L\u2019id\u00e9e n\u2019\u00e9tait donc pas de me raconter, mais de raconter ce qui est l\u2019essence de ce m\u00e9tier, c\u2019est-\u00e0-dire les vies, les histoires des gens que j\u2019ai d\u00e9fendu. C\u2019est ce que j\u2019ai essay\u00e9 de faire.<\/p>\n<p><strong>Vous vous dites notamment motiv\u00e9 par l\u2019envie de gagner. Mais quand vous acceptez de d\u00e9fendre un Jean-Claude Romand, par exemple, vous savez pourtant que vous ne gagnerez pas\u00a0?<\/strong><\/p>\n<p>Oui. Quand quelqu\u2019un me saisit de sa d\u00e9fense, mon r\u00f4le sera de faire valoir sa position, contre vents et mar\u00e9es, tout en restant dans le cadre de la loi. Dans ce r\u00f4le de d\u00e9fense il y a des moments o\u00f9 il faut gagner et essayer de faire acquitter quelqu\u2019un qui conteste sa culpabilit\u00e9, ou faire condamner quelqu\u2019un qui essaie d\u2019\u00e9chapper \u00e0 sa responsabilit\u00e9. Quand on est en pr\u00e9sence de quelqu\u2019un qui est \u00e9videmment coupable, gagner c\u2019est faire valoir les circonstances qui expliquent comment il en est arriv\u00e9 l\u00e0, ou minimiser la gravit\u00e9 de la peine qui peut \u00eatre prononc\u00e9e.<\/p>\n<p><strong>\u00c7a, c\u2019est le cas quand on a un client qui coop\u00e8re. Mais comment fait-on lorsqu\u2019il s\u2019obstine sur des versions fumeuses, d\u2019un homme en noir qui aurait surgit de nulle part et commis les faits\u00a0?<\/strong><\/p>\n<p>Oui, l\u2019homme en noir passe souvent\u2026 Je ne suis oblig\u00e9 \u00e0 rien. Quand on accepte la d\u00e9fense de quelqu\u2019un, l\u2019avocat conserve son ind\u00e9pendance. Evidemment, il dit \u00e0 celui qu\u2019il d\u00e9fend ce qu\u2019il pense de sa version. Apr\u00e8s, soit vous consid\u00e9rez que ce qu\u2019il raconte va le ridiculiser et vous ridiculiser devant une juridiction et vous ne le faites pas, ou alors vous d\u00e9fendez la th\u00e8se qu\u2019il soutient en essayant d\u2019expliquer que m\u00eame si cela semble un peu surprenant, ou un peu aberrant, peut-\u00eatre qu\u2019il y a une part de v\u00e9rit\u00e9. Apr\u00e8s, la notion de gagner ne veut pas dire grand-chose. Quand vous faites le bilan d\u2019une carri\u00e8re d\u2019avocat, elle est marqu\u00e9e par des acquittements et de nombreuses condamnations, donc la notion de victoire dans ce m\u00e9tier est tr\u00e8s relative. Je consid\u00e8re que j\u2019ai gagn\u00e9 lorsque les juges ont adh\u00e9r\u00e9 ne serait-ce qu\u2019en partie \u00e0 ce que j\u2019ai d\u00e9velopp\u00e9.<\/p>\n<p><strong>Dans le livre, vous dites toujours croire en la culpabilit\u00e9 de Jean-Paul Gournier. Pourquoi\u00a0?<\/strong><\/p>\n<p>C\u2019est une \u00e9vidence. Pour une raison simple. Ses parents sont morts d\u2019une injection de curare. Lui dit que sa m\u00e8re a tu\u00e9 son p\u00e8re et s\u2019est suicid\u00e9e. Il dit que si on n\u2019a pas retrouv\u00e9 la seringue, c\u2019est parce que la police ne pense pas \u00e0 un crime dans un premier temps, et ne fait donc pas d\u2019investigation particuli\u00e8re. Selon lui, la seringue devait \u00eatre dans la chemin\u00e9e, \u00e0 quelques m\u00e8tres des parents. Donc madame <a href=\"https:\/\/www.if-saint-etienne.fr\/immobilier-vie-juridique\/affaire-gournier-le-bouillon-de-onze-heures\" target=\"_blank\" rel=\"noreferrer noopener\">Gournier<\/a> pique son mari, s\u2019injecte le curare, puis va jeter la seringue et retourne dans le canap\u00e9 pour mourir. Cette th\u00e8se ne r\u00e9siste pas une seconde devant un m\u00e9decin. Tous les experts disent que c\u2019est impossible, sauf le dernier, qui va lui valoir son acquittement. A l\u2019\u00e9poque, des gens viennent me voir pour me demander d\u2019abandonner car il s\u2019agit d\u2019un monsieur issu de la bonne soci\u00e9t\u00e9 st\u00e9phanoise. C\u2019est le pire \u00e0 faire\u2026 Le juge d\u2019instruction avait mis tout le monde sur \u00e9coute, et on y entend un certain nombre de t\u00e9moins se mettre d\u2019accord. Gournier dit m\u00eame \u00ab\u00a0il faut \u00e9liminer cette v\u00e9role de Buffard car s\u2019il est parti civile, il est capable de me faire condamner\u00a0\u00bb. Au second proc\u00e8s, qui se fera sans moi, ces \u00e9coutes ne pourront pas \u00eatre diffus\u00e9es en raison d\u2019un probl\u00e8me technique et il fera t\u00e9moigner un expert canadien qui vous dira qu\u2019on peut courir et danser apr\u00e8s une injection de curare. Il sera acquitt\u00e9, et je respecte cette d\u00e9cision.<\/p>\n<p><strong>Il y a le sport aussi\u2026<\/strong><\/p>\n<p>Oui c\u2019est ma deuxi\u00e8me vie\u00a0! J\u2019avais fait un m\u00e9moire de DESS sur le statut juridique du footballeur professionnel puisqu\u2019\u00e0 cette \u00e9poque tout bascule et les joueurs cessent d\u2019appartenir \u00e0 leur club. Cela m\u2019a valu un petit succ\u00e8s et du coup le vice-pr\u00e9sident de l\u2019ASSE de l\u2019\u00e9poque, Henri Fieloux, me fait rentrer au conseil d\u2019administration du club et me confie le journal de l\u2019AS Saint-Etienne, un bonheur. Pendant deux \u00e0 trois ans je me balade aux quatre coins du monde avec cette g\u00e9n\u00e9ration de joueurs exceptionnelle. Et puis il y a cette histoire de la caisse noire. A l\u2019\u00e9poque, Roger Rocher va hurler, en pensant qu\u2019il s\u2019agit d\u2019un putsch et que j\u2019envisage de prendre sa place, alors que pas du tout. En m\u00eame temps, le maire de Saint-Etienne, Joseph Sanguedolce, imagine quant \u00e0 lui que je fais tout \u00e7a pour me pr\u00e9senter aux municipales l\u2019ann\u00e9e suivante. Ce qui me vaudra la haine de ceux qui pensent que je veux la place de Rocher, ainsi que de ceux qui pensent que je veux celle de Sanguedolce. J\u2019avais 34 ans, et, pour parler vulgairement, j\u2019en ai chi\u00e9. Je n\u2019imaginais pas faire face \u00e0 cette masse de haine, de menaces, et encore il n\u2019y avait pas les r\u00e9seaux sociaux\u2026 sinon j\u2019aurais \u00e9t\u00e9 lamin\u00e9. L\u2019affaire est simple. A l\u2019\u00e9poque, un certain nombre d\u2019administrateurs du club ont le sentiment qu\u2019il y a une gigantesque caisse noire, qui remplace pratiquement la comptabilit\u00e9 officielle, donc ils prennent peur.\u00a0Comme je suis avocat, ils pensent que ce serait bien que j\u2019aille sur la ligne de cr\u00eate. Je vais donc voir Rocher quelques jours avant un conseil d\u2019administration, pour lui dire que des administrateurs vont lui poser des questions et que je les repr\u00e9sente. Sa r\u00e9action c\u2019est \u2018vous voulez prendre ma place\u2019.<\/p>\n<p><strong>Il est s\u00fbr de lui \u00e0 ce moment-l\u00e0\u00a0?<\/strong><\/p>\n<p>Il est s\u00fbr de lui.. comme Ga\u00ebl Perdriau est s\u00fbr de lui aujourd\u2019hui, comme tous ces gens qui, \u00e0 un moment donn\u00e9, ont acc\u00e9d\u00e9 \u00e0 un pouvoir dont ils pensent qu\u2019il les pr\u00e9serve de tout. Comme Tapie. Or, personne n\u2019est intouchable. A l\u2019\u00e9poque Roger Rocher peut para\u00eetre intouchable. C\u2019est vrai qu\u2019il a fait de <a href=\"https:\/\/www.asse.fr\/\" target=\"_blank\" rel=\"noreferrer noopener\">l\u2019AS Saint-Etienne<\/a> un bon club, mais ce n\u2019est pas la m\u00eame chose. <\/p>\n<p>Dans un second volet, Me Andr\u00e9 Buffard reviendra sur l\u2019affaire de chantage \u00e0 la vid\u00e9o intime, le suicide de Pierre Chanal, ou une affaire plus insolite\u2026<\/p>\n","protected":false},"excerpt":{"rendered":"Au mois de juin, l\u2019avocat aux 800 proc\u00e8s, Andr\u00e9 Buffard, publiait Coups de Ma\u00eetre, un ouvrage co-\u00e9crit avec&hellip;\n","protected":false},"author":2,"featured_media":272741,"comment_status":"","ping_status":"","sticky":false,"template":"","format":"standard","meta":{"footnotes":""},"categories":[9653],"tags":[1111,11,41206,41207,2430,41208,1777,674,1011,27,37817,41209,12,25,4001],"class_list":{"0":"post-272740","1":"post","2":"type-post","3":"status-publish","4":"format-standard","5":"has-post-thumbnail","7":"category-saint-etienne","8":"tag-actu","9":"tag-actualites","10":"tag-affaire-jean-claude-romand","11":"tag-andre-buffard","12":"tag-auvergne-rhone-alpes","13":"tag-chantage-a-la-video-intime","14":"tag-eu","15":"tag-europe","16":"tag-fr","17":"tag-france","18":"tag-informatif","19":"tag-maitre-andre-buffard","20":"tag-news","21":"tag-republique-francaise","22":"tag-saint-etienne"},"share_on_mastodon":{"url":"https:\/\/pubeurope.com\/@fr\/114913837489467370","error":""},"_links":{"self":[{"href":"https:\/\/www.europesays.com\/fr\/wp-json\/wp\/v2\/posts\/272740","targetHints":{"allow":["GET"]}}],"collection":[{"href":"https:\/\/www.europesays.com\/fr\/wp-json\/wp\/v2\/posts"}],"about":[{"href":"https:\/\/www.europesays.com\/fr\/wp-json\/wp\/v2\/types\/post"}],"author":[{"embeddable":true,"href":"https:\/\/www.europesays.com\/fr\/wp-json\/wp\/v2\/users\/2"}],"replies":[{"embeddable":true,"href":"https:\/\/www.europesays.com\/fr\/wp-json\/wp\/v2\/comments?post=272740"}],"version-history":[{"count":0,"href":"https:\/\/www.europesays.com\/fr\/wp-json\/wp\/v2\/posts\/272740\/revisions"}],"wp:featuredmedia":[{"embeddable":true,"href":"https:\/\/www.europesays.com\/fr\/wp-json\/wp\/v2\/media\/272741"}],"wp:attachment":[{"href":"https:\/\/www.europesays.com\/fr\/wp-json\/wp\/v2\/media?parent=272740"}],"wp:term":[{"taxonomy":"category","embeddable":true,"href":"https:\/\/www.europesays.com\/fr\/wp-json\/wp\/v2\/categories?post=272740"},{"taxonomy":"post_tag","embeddable":true,"href":"https:\/\/www.europesays.com\/fr\/wp-json\/wp\/v2\/tags?post=272740"}],"curies":[{"name":"wp","href":"https:\/\/api.w.org\/{rel}","templated":true}]}}