{"id":272742,"date":"2025-07-25T12:19:16","date_gmt":"2025-07-25T12:19:16","guid":{"rendered":"https:\/\/www.europesays.com\/fr\/272742\/"},"modified":"2025-07-25T12:19:16","modified_gmt":"2025-07-25T12:19:16","slug":"il-rachete-le-domaine-de-saint-romary-pour-son-ame","status":"publish","type":"post","link":"https:\/\/www.europesays.com\/fr\/272742\/","title":{"rendered":"il rach\u00e8te le domaine de Saint-Romary pour \u00ab\u00a0son \u00e2me\u00a0\u00bb"},"content":{"rendered":"<p>C\u2019est le coup du si\u00e8cle pour Robin Didier. Il vient de racheter le domaine de Saint-Romary, le \u00ab\u00a0Saint-Ro\u00a0\u00bb de son petit nom, sur les hauteurs de Saint-Etienne-l\u00e8s-Remiremont, avec vue plongeante sur Remiremont et ses environs. Une chance qu\u2019il mesure, lui qui fonctionne \u00e0 l\u2019instinct.<\/p>\n<p>\u00ab\u00a0Je suis un amoureux des vieilles pierres, il y a une \u00e2me ici, je fais ressusciter saint Romary\u00a0\u00bb, ressent Robin Didier \u00e0 qui il doit sa ville de naissance voisine, Remiremont. Il se sent proche de lui. \u00ab\u00a0C\u2019est une belle opportunit\u00e9, la plus belle affaire du secteur, la seule o\u00f9 je peux bien me sentir en \u00e9tant \u00e0 la t\u00eate de cette institution.\u00a0\u00bb<\/p>\n<p>Seul le bar d\u2019ambiance pour l\u2019instant est ouvert apr\u00e8s quelques travaux de r\u00e9novation. <a href=\"https:\/\/www.vosgesmatin.fr\/economie\/2022\/02\/18\/le-st-ro-c-est-fini-mais\" target=\"_blank\" rel=\"noopener\">La discoth\u00e8que, autrefois pris\u00e9e, a disparu<\/a>. Pas le genre de la maison. Le Romarimontain vise une autre client\u00e8le. La m\u00eame qui va pouvoir passer dans la pi\u00e8ce d\u2019\u00e0 c\u00f4t\u00e9. Le restaurant est en chantier avec les premiers couverts esp\u00e9r\u00e9s mi-ao\u00fbt, avant septembre au pire. C\u2019est que Robin Didier a revu les espaces, la d\u00e9co, le mobilier\u2026 pour cr\u00e9er un esprit auberge chaleureuse de montagne.<\/p>\n<p>\u00ab\u00a0De la simplicit\u00e9, de l\u2019authenticit\u00e9, comme au temps de nos grands-m\u00e8res\u00a0\u00bb, ajoute le g\u00e9rant, le regard tourn\u00e9 vers ces quatre colonnes romanes datant du XI e \u00a0si\u00e8cle.\u00a0C\u2019est par l\u00e0 que tous les clients passent. Une entr\u00e9e qu\u2019il a souhait\u00e9e commune aux deux activit\u00e9s.<\/p>\n<p>Ce contenu est bloqu\u00e9 car vous n&rsquo;avez pas accept\u00e9 les cookies et autres traceurs.<\/p>\n<p>En cliquant sur \u00ab J\u2019accepte \u00bb, les cookies et autres traceurs seront d\u00e9pos\u00e9s et vous pourrez visualiser les contenus  (<a href=\"\" class=\"consentModule_policy\" target=\"_blank\" title=\"Consulter la politique de protection des donn\u00e9es du fournisseur\">plus d&rsquo;informations<\/a>).<\/p>\n<p>En cliquant sur \u00ab J\u2019accepte tous les cookies \u00bb, vous autorisez des d\u00e9p\u00f4ts de cookies et autres traceurs pour le stockage de vos donn\u00e9es sur nos sites et applications \u00e0 des fins de personnalisation et de ciblage publicitaire.<\/p>\n<p class=\"consentModule_secondaryText\">Vous gardez la possibilit\u00e9 de retirer votre consentement \u00e0 tout moment en consultant notre <a href=\"https:\/\/www.vosgesmatin.fr\/protection-des-donnees\" target=\"_blank\" title=\"Consulter notre politique de protection des donn\u00e9es\" rel=\"noopener\">politique de protection des donn\u00e9es<\/a>. <br \/>&#13;<br \/>\n            <a href=\"https:\/\/www.vosgesmatin.fr\/economie\/2025\/07\/26\/javascript:Didomi.notice.show()\" class=\"consentModule_cmp\" target=\"_blank\" rel=\"noopener\">G\u00e9rer mes choix<\/a>&#13;\n        <\/p>\n<p>&#13;<br \/>\n                        J&rsquo;accepte&#13;<br \/>\n            J&rsquo;accepte tous les cookies&#13;\n        <\/p>\n<p>  D\u00e9j\u00e0 une belle exp\u00e9rience<\/p>\n<p>\u00c0 34 ans seulement, celui qui a \u00e9t\u00e9 form\u00e9 \u00e0 l\u2019\u00e9cole h\u00f4teli\u00e8re de G\u00e9rardmer et en Suisse a d\u00e9j\u00e0 derri\u00e8re lui un bon v\u00e9cu de 20 ans. Il a tenu une auberge en Alsace et \u00e9tait \u00e0 la t\u00eate de <a href=\"https:\/\/www.vosgesmatin.fr\/edition-d-epinal\/2019\/03\/10\/robin-didier-entrepose-sa-biere-dans-les-anciens-etablissements-jacquel\" target=\"_blank\" rel=\"noopener\">la Compagnie des Brasseries Ind\u00e9pendantes<\/a>. Il a aussi rachet\u00e9 un immeuble en plein centre-ville de Remiremont qui abritait <a href=\"https:\/\/www.vosgesmatin.fr\/economie\/2022\/08\/02\/remiremont-que-deviennent-les-locaux-de-l-ancienne-boucherie-charcuterie-des-arcades\" target=\"_blank\" rel=\"noopener\"> la boucherie-charcuterie Colin<\/a>. Il ose.<\/p>\n<p>Au domaine de Saint-Romary, il est bien d\u00e9cid\u00e9 \u00e0 y mettre aussi tout son c\u0153ur\u2026 \u00e0 l\u2019ouvrage. Il est \u00e9paul\u00e9 par toute une \u00e9quipe qui va s\u2019\u00e9toffer. Robin Didier cherche \u00e0 recruter, notamment des serveurs, dans ce cadre privil\u00e9gi\u00e9 avec une particularit\u00e9\u00a0: <a href=\"https:\/\/www.vosgesmatin.fr\/culture-loisirs\/2021\/03\/10\/savez-vous-qu-on-peut-trouver-un-peu-de-la-savoie-pres-de-remiremont\" target=\"_blank\" rel=\"noopener\">une t\u00e9l\u00e9cabine plant\u00e9e c\u00f4t\u00e9 terrasse.<\/a><\/p>\n<p>Un clin d\u2019\u0153il du cr\u00e9ateur du domaine, Bertrand Pierrat, passionn\u00e9 de ski.<\/p>\n","protected":false},"excerpt":{"rendered":"C\u2019est le coup du si\u00e8cle pour Robin Didier. Il vient de racheter le domaine de Saint-Romary, le \u00ab\u00a0Saint-Ro\u00a0\u00bb&hellip;\n","protected":false},"author":2,"featured_media":272743,"comment_status":"","ping_status":"","sticky":false,"template":"","format":"standard","meta":{"footnotes":""},"categories":[9653],"tags":[1111,11,2430,22455,4406,33,1798,1777,674,107,1011,27,12,25,4001,33907,774],"class_list":{"0":"post-272742","1":"post","2":"type-post","3":"status-publish","4":"format-standard","5":"has-post-thumbnail","7":"category-saint-etienne","8":"tag-actu","9":"tag-actualites","10":"tag-auvergne-rhone-alpes","11":"tag-cc-de-la-porte-des-vosges-meridionales-88a","12":"tag-commerce-et-services","13":"tag-economie","14":"tag-edition-remiremont-gerardmer","15":"tag-eu","16":"tag-europe","17":"tag-fil-info","18":"tag-fr","19":"tag-france","20":"tag-news","21":"tag-republique-francaise","22":"tag-saint-etienne","23":"tag-saint-etienne-les-remiremont","24":"tag-vosges"},"share_on_mastodon":{"url":"https:\/\/pubeurope.com\/@fr\/114913841212768440","error":""},"_links":{"self":[{"href":"https:\/\/www.europesays.com\/fr\/wp-json\/wp\/v2\/posts\/272742","targetHints":{"allow":["GET"]}}],"collection":[{"href":"https:\/\/www.europesays.com\/fr\/wp-json\/wp\/v2\/posts"}],"about":[{"href":"https:\/\/www.europesays.com\/fr\/wp-json\/wp\/v2\/types\/post"}],"author":[{"embeddable":true,"href":"https:\/\/www.europesays.com\/fr\/wp-json\/wp\/v2\/users\/2"}],"replies":[{"embeddable":true,"href":"https:\/\/www.europesays.com\/fr\/wp-json\/wp\/v2\/comments?post=272742"}],"version-history":[{"count":0,"href":"https:\/\/www.europesays.com\/fr\/wp-json\/wp\/v2\/posts\/272742\/revisions"}],"wp:featuredmedia":[{"embeddable":true,"href":"https:\/\/www.europesays.com\/fr\/wp-json\/wp\/v2\/media\/272743"}],"wp:attachment":[{"href":"https:\/\/www.europesays.com\/fr\/wp-json\/wp\/v2\/media?parent=272742"}],"wp:term":[{"taxonomy":"category","embeddable":true,"href":"https:\/\/www.europesays.com\/fr\/wp-json\/wp\/v2\/categories?post=272742"},{"taxonomy":"post_tag","embeddable":true,"href":"https:\/\/www.europesays.com\/fr\/wp-json\/wp\/v2\/tags?post=272742"}],"curies":[{"name":"wp","href":"https:\/\/api.w.org\/{rel}","templated":true}]}}