{"id":272756,"date":"2025-07-25T12:31:19","date_gmt":"2025-07-25T12:31:19","guid":{"rendered":"https:\/\/www.europesays.com\/fr\/272756\/"},"modified":"2025-07-25T12:31:19","modified_gmt":"2025-07-25T12:31:19","slug":"une-voiture-du-tour-de-france-devalisee-et-une-moto-volee-le-matin-de-la-18e-etape","status":"publish","type":"post","link":"https:\/\/www.europesays.com\/fr\/272756\/","title":{"rendered":"une voiture du Tour de France d\u00e9valis\u00e9e et une moto vol\u00e9e le matin de la 18e \u00e9tape"},"content":{"rendered":"<p>\t\t\t\t\t\t\t\t\t\t\t<img loading=\"lazy\" decoding=\"async\" width=\"1110\" title=\"Grenoble : une voiture du Tour de France d\u00e9valis\u00e9e et une moto vol\u00e9e le matin de la 18e \u00e9tape\" class=\"img-fluid  mb-3\" src=\"https:\/\/grandgrenoble.alpes1.com\/media\/news\/thumb\/1110x624_grenoble-une-voiture-du-tour-de-france-devalisee-et-une-moto-volee-le-matin-de-la-18e-etape_688342d847891.webp\" alt=\"Grenoble : une voiture du Tour de France d\u00e9valis\u00e9e et une moto vol\u00e9e le matin de la 18e \u00e9tape\" itemprop=\"image\" height=\"624\"\/>\t\t\t\t\t\t\t\t\t\t\t\t<\/p>\n<p>Grenoble : une voiture du Tour de France d\u00e9valis\u00e9e et une moto vol\u00e9e le matin de la 18e \u00e9tape &#8211; DR<\/p>\n<p itemprop=\"description\"><strong>Elle devait participer au cort\u00e8ge du Tour de France. Une voiture a \u00e9t\u00e9 d\u00e9valis\u00e9e \u00e0 Grenoble \u00e0 quelques heures du d\u00e9part de la 18e \u00e9tape.<\/strong><\/p>\n<p>Mauvaise surprise \u00e0 quelques heures du Tour de France. Avant de se rendre au village d\u00e9part \u00e0 Vif pour la 18e \u00e9tape ce jeudi 24 juillet, de nombreux officiels et m\u00e9dias couvrant l\u2019\u00e9v\u00e9nement ont pass\u00e9 la nuit \u00e0 Grenoble. Mais le r\u00e9veil a \u00e9t\u00e9 compliqu\u00e9 pour certains.<\/p>\n<p>Des journalistes belges qui ont gar\u00e9 leur v\u00e9hicule boulevard Gambetta, ont eu la mauvaise surprise de retrouver la voiture ouverte avec une vitre cass\u00e9e. C\u2019est un passant qui les a alert\u00e9s vers 8 heures du matin.<\/p>\n<p>Le v\u00e9hicule a \u00e9t\u00e9 vid\u00e9e de son contenu. Ce sont donc du mat\u00e9riel vid\u00e9o, trois cam\u00e9ras, un ordinateur, des spots lumineux et d\u2019autres \u00e9quipements de retransmission du Tour de France qui ont \u00e9t\u00e9 d\u00e9rob\u00e9s. Mais les voleurs ne se sont pas suffit \u00e0 la voiture et ont \u00e9galement vol\u00e9 une moto engag\u00e9e pour suivre le Tour qui se situait \u00e0 proximit\u00e9.<\/p>\n<p>Les m\u00e9dias concern\u00e9s par le vol ont d\u00e9pos\u00e9 plainte.<\/p>\n","protected":false},"excerpt":{"rendered":"Grenoble : une voiture du Tour de France d\u00e9valis\u00e9e et une moto vol\u00e9e le matin de la 18e&hellip;\n","protected":false},"author":2,"featured_media":272757,"comment_status":"","ping_status":"","sticky":false,"template":"","format":"standard","meta":{"footnotes":""},"categories":[9566],"tags":[1111,11,7733,8279,2430,7736,650,7734,2889,2263,1777,674,1011,27,2731,8280,6417,1114,108,4662,12,3725,1825,25,7737],"class_list":{"0":"post-272756","1":"post","2":"type-post","3":"status-publish","4":"format-standard","5":"has-post-thumbnail","7":"category-grenoble","8":"tag-actu","9":"tag-actualites","10":"tag-alpes","11":"tag-alpes1","12":"tag-auvergne-rhone-alpes","13":"tag-cds","14":"tag-cinema","15":"tag-ecoute","16":"tag-emission","17":"tag-equipe","18":"tag-eu","19":"tag-europe","20":"tag-fr","21":"tag-france","22":"tag-grenoble","23":"tag-haute","24":"tag-information","25":"tag-infos","26":"tag-isere","27":"tag-journal","28":"tag-news","29":"tag-podcast","30":"tag-radio","31":"tag-republique-francaise","32":"tag-winamp"},"share_on_mastodon":{"url":"https:\/\/pubeurope.com\/@fr\/114913888368789231","error":""},"_links":{"self":[{"href":"https:\/\/www.europesays.com\/fr\/wp-json\/wp\/v2\/posts\/272756","targetHints":{"allow":["GET"]}}],"collection":[{"href":"https:\/\/www.europesays.com\/fr\/wp-json\/wp\/v2\/posts"}],"about":[{"href":"https:\/\/www.europesays.com\/fr\/wp-json\/wp\/v2\/types\/post"}],"author":[{"embeddable":true,"href":"https:\/\/www.europesays.com\/fr\/wp-json\/wp\/v2\/users\/2"}],"replies":[{"embeddable":true,"href":"https:\/\/www.europesays.com\/fr\/wp-json\/wp\/v2\/comments?post=272756"}],"version-history":[{"count":0,"href":"https:\/\/www.europesays.com\/fr\/wp-json\/wp\/v2\/posts\/272756\/revisions"}],"wp:featuredmedia":[{"embeddable":true,"href":"https:\/\/www.europesays.com\/fr\/wp-json\/wp\/v2\/media\/272757"}],"wp:attachment":[{"href":"https:\/\/www.europesays.com\/fr\/wp-json\/wp\/v2\/media?parent=272756"}],"wp:term":[{"taxonomy":"category","embeddable":true,"href":"https:\/\/www.europesays.com\/fr\/wp-json\/wp\/v2\/categories?post=272756"},{"taxonomy":"post_tag","embeddable":true,"href":"https:\/\/www.europesays.com\/fr\/wp-json\/wp\/v2\/tags?post=272756"}],"curies":[{"name":"wp","href":"https:\/\/api.w.org\/{rel}","templated":true}]}}