{"id":272766,"date":"2025-07-25T12:38:11","date_gmt":"2025-07-25T12:38:11","guid":{"rendered":"https:\/\/www.europesays.com\/fr\/272766\/"},"modified":"2025-07-25T12:38:11","modified_gmt":"2025-07-25T12:38:11","slug":"un-multirecidiviste-arrete-deux-fois-en-une-semaine-apres-des-dizaines-de-cambriolages","status":"publish","type":"post","link":"https:\/\/www.europesays.com\/fr\/272766\/","title":{"rendered":"un multir\u00e9cidiviste arr\u00eat\u00e9 deux fois en une semaine apr\u00e8s des dizaines de cambriolages"},"content":{"rendered":"<p>Un quadrag\u00e9naire a \u00e9t\u00e9 interpell\u00e9 lundi puis mercredi, en flagrant d\u00e9lit de vols avec effraction. Une expertise psychiatrique est attendue avant sa comparution \u00e0 d\u00e9lai diff\u00e9r\u00e9.<\/p>\n<p class=\"fig-paragraph\">L\u2019homme \u00e9tait d\u00e9j\u00e0 tr\u00e8s bien connu de la police comme de la justice. Un individu \u00e2g\u00e9 de 40 ans a \u00e9t\u00e9 interpell\u00e9 lundi 21 juillet,\u00a0<a href=\"https:\/\/www.lefigaro.fr\/nantes\" target=\"_blank\" data-fig-type=\"Section\" rel=\"sponsored noopener\" data-gtm-custom-categorie=\"navigation\" data-gtm-custom-action=\"crossclick\" data-gtm-custom-label=\"Contextuel\" data-gtm-event=\"customEventSPE\" data-fig-domain=\"LEFIGARO\">\u00e0 Nantes<\/a>\u00a0(Loire-Atlantique), en flagrant d\u00e9lit du cambriolage\u00a0<a href=\"http:\/\/www.lefigaro.fr\/nantes\/le-centre-de-nantes-confronte-a-la-fermeture-de-plus-en-plus-de-commerces-20240622\" target=\"_blank\" data-fig-type=\"NewsFlash\" rel=\"noopener\" data-gtm-custom-categorie=\"navigation\" data-gtm-custom-action=\"crossclick\" data-gtm-custom-label=\"Contextuel\" data-gtm-event=\"customEventSPE\" data-fig-domain=\"LEFIGARO\">d\u2019un restaurant en centre-ville<\/a>. Plac\u00e9 en garde \u00e0 vue, le suspect a \u00e9t\u00e9 rel\u00e2ch\u00e9 le temps d\u2019\u00eatre expertis\u00e9 par un psychiatre puis jug\u00e9 lors d\u2019une comparution \u00e0 d\u00e9lai diff\u00e9r\u00e9. Il a cependant \u00e9t\u00e9 de nouveau interpell\u00e9 mercredi 23 juillet &#8211; encore une fois arr\u00eat\u00e9 en flagrant d\u00e9lit d\u2019un cambriolage, en plein jour.<\/p>\n<p class=\"fig-paragraph\">De retour en garde \u00e0 vue, le cambrioleur en s\u00e9rie a affirm\u00e9 en audition avoir r\u00e9alis\u00e9 une trentaine de vols. Seuls 13 faits distincts ont cependant pu \u00eatre recoup\u00e9s par les enqu\u00eateurs.\u00a0<a href=\"http:\/\/www.lefigaro.fr\/nice\/nice-gangrenee-par-les-toxicomanes-une-rue-du-centre-ville-rouvre-apres-une-semaine-d-interdiction-20250723\" target=\"_blank\" data-fig-type=\"NewsFlash\" rel=\"noopener\" data-gtm-custom-categorie=\"navigation\" data-gtm-custom-action=\"crossclick\" data-gtm-custom-label=\"Contextuel\" data-gtm-event=\"customEventSPE\" data-fig-domain=\"LEFIGARO\">Toxicomane<\/a>, le mis en cause visait en particulier des commerces et des cabinets m\u00e9dicaux de l\u2019agglom\u00e9ration nantaise.<\/p>\n<p>                                    <a class=\"fig-a11y-skip a11y-hidden\" href=\"#fig-a11y-skip-main-inarticle\"><br \/>\n        Passer la publicit\u00e9<br \/>\n    <\/a><\/p>\n<p>Un casier lourd<\/p>\n<p class=\"fig-paragraph\">Le suspect devrait \u00eatre d\u00e9f\u00e9r\u00e9 vendredi devant le parquet du tribunal judiciaire de Nantes. Une fois encore, une expertise psychiatrique pr\u00e9alable \u00e0 son jugement pour \u00abvols avec effraction\u00bb a \u00e9t\u00e9 demand\u00e9e. \u00abCet individu a bien entendu d\u00e9j\u00e0 fait l\u2019objet de nombreuses expertises psychiatriques par le pass\u00e9. Mais ses avocats insistent pour lui en refaire passer \u00e0 chaque fois\u00bb, glisse une source polici\u00e8re.<\/p>\n<p class=\"fig-paragraph\">Sous curatelle, le quadrag\u00e9naire dispose d\u2019un casier judiciaire lourd. Il a d\u00e9j\u00e0 \u00e9t\u00e9 condamn\u00e9 pour une trentaine de faits similaires. Son mode op\u00e9ratoire simple mais efficace n\u2019a pas vari\u00e9: il force les portes et s\u2019empare des \u00e9ventuels fonds de caisse, embarquant parfois du mat\u00e9riel informatique qui peut se trouver \u00e0 port\u00e9e de main.\u00a0Son butin ne d\u00e9passe jamais 700 euros.<\/p>\n","protected":false},"excerpt":{"rendered":"Un quadrag\u00e9naire a \u00e9t\u00e9 interpell\u00e9 lundi puis mercredi, en flagrant d\u00e9lit de vols avec effraction. Une expertise psychiatrique&hellip;\n","protected":false},"author":2,"featured_media":272767,"comment_status":"","ping_status":"","sticky":false,"template":"","format":"standard","meta":{"footnotes":""},"categories":[2818],"tags":[1111,11,1174,1777,674,1011,27,766,12,2636,41210,25],"class_list":{"0":"post-272766","1":"post","2":"type-post","3":"status-publish","4":"format-standard","5":"has-post-thumbnail","7":"category-nantes","8":"tag-actu","9":"tag-actualites","10":"tag-cambriolage","11":"tag-eu","12":"tag-europe","13":"tag-fr","14":"tag-france","15":"tag-nantes","16":"tag-news","17":"tag-pays-de-la-loire","18":"tag-recidive","19":"tag-republique-francaise"},"share_on_mastodon":{"url":"https:\/\/pubeurope.com\/@fr\/114913915925132181","error":""},"_links":{"self":[{"href":"https:\/\/www.europesays.com\/fr\/wp-json\/wp\/v2\/posts\/272766","targetHints":{"allow":["GET"]}}],"collection":[{"href":"https:\/\/www.europesays.com\/fr\/wp-json\/wp\/v2\/posts"}],"about":[{"href":"https:\/\/www.europesays.com\/fr\/wp-json\/wp\/v2\/types\/post"}],"author":[{"embeddable":true,"href":"https:\/\/www.europesays.com\/fr\/wp-json\/wp\/v2\/users\/2"}],"replies":[{"embeddable":true,"href":"https:\/\/www.europesays.com\/fr\/wp-json\/wp\/v2\/comments?post=272766"}],"version-history":[{"count":0,"href":"https:\/\/www.europesays.com\/fr\/wp-json\/wp\/v2\/posts\/272766\/revisions"}],"wp:featuredmedia":[{"embeddable":true,"href":"https:\/\/www.europesays.com\/fr\/wp-json\/wp\/v2\/media\/272767"}],"wp:attachment":[{"href":"https:\/\/www.europesays.com\/fr\/wp-json\/wp\/v2\/media?parent=272766"}],"wp:term":[{"taxonomy":"category","embeddable":true,"href":"https:\/\/www.europesays.com\/fr\/wp-json\/wp\/v2\/categories?post=272766"},{"taxonomy":"post_tag","embeddable":true,"href":"https:\/\/www.europesays.com\/fr\/wp-json\/wp\/v2\/tags?post=272766"}],"curies":[{"name":"wp","href":"https:\/\/api.w.org\/{rel}","templated":true}]}}