{"id":272770,"date":"2025-07-25T12:41:21","date_gmt":"2025-07-25T12:41:21","guid":{"rendered":"https:\/\/www.europesays.com\/fr\/272770\/"},"modified":"2025-07-25T12:41:21","modified_gmt":"2025-07-25T12:41:21","slug":"girondins-pourquoi-le-recrutement-de-jan-hoekstra-na-pas-ete-officialise-par-bordeaux","status":"publish","type":"post","link":"https:\/\/www.europesays.com\/fr\/272770\/","title":{"rendered":"Girondins : Pourquoi le recrutement de Jan Hoekstra n&rsquo;a pas \u00e9t\u00e9 officialis\u00e9 par Bordeaux ?"},"content":{"rendered":"<p><img decoding=\"async\" src=\"https:\/\/www.europesays.com\/fr\/wp-content\/uploads\/2025\/07\/671_a459e8e00dd3b3aa12a8f1c229a6aa2b.jpg\" alt=\"Girondins : Pourquoi le recrutement de Jan Hoekstra n'a pas \u00e9t\u00e9 officialis\u00e9 par Bordeaux ?\" class=\"img-responsive mt-3\"\/><\/p>\n<p class=\"text-center mb-3\" style=\"font-size: 14px\">\u00a9 Iconsport<\/p>\n<p>      <strong>En attente du CIT<\/strong><\/p>\n<p style=\"text-align: justify;\"><a href=\"https:\/\/www.webgirondins.com\/actualite-girondins-girondins-jan-hoekstra-present-au-haillan-129816\" target=\"_blank\" rel=\"noopener\">Jan Hoekstra<\/a> (26 ans) a \u00e9t\u00e9 recrut\u00e9 par les Girondins de Bordeaux en provenance du club n\u00e9erlandais du FC Emmen. Il \u00e9tait sous contrat avec son club jusqu&rsquo;en 2026.<\/p>\n<p style=\"text-align: justify;\">Nous ne savons pas si les Girondins ont pay\u00e9 une indemnit\u00e9 de transfert pour lib\u00e9rer Hoekstra de sa derni\u00e8re ann\u00e9e de contrat.<\/p>\n<p style=\"text-align: justify;\">Bordeaux a fait les d\u00e9marches aupr\u00e8s \u00e0 la FFF pour l&rsquo;enregistrement d&rsquo;un contrat f\u00e9d\u00e9ral. Les Girondins doivent maintenant obtenir le Certificat International de Transfert (CIT) pour valider le contrat du gardien de but n\u00e9erlandais. Ce document doit \u00eatre fourni par la f\u00e9d\u00e9ration quitt\u00e9e, ici celle des Pays-Bas.<\/p>\n<p style=\"text-align: justify;\">En effet, \u00ab\u00a0pour recruter un joueur qui \u00e9volue \u00e0 l&rsquo;\u00e9tranger, un club doit faire la demande d&rsquo;un certificat international de transfert. Le club doit remplir un questionnaire sur le logiciel Footclubs, puis le service d\u00e9di\u00e9 de la f\u00e9d\u00e9ration fran\u00e7aise de Football envoie un mail au pays o\u00f9 \u00e9voluait ce joueur, \u00a0\u00bb indique la proc\u00e9dure.<\/p>\n<p style=\"text-align: justify;\">Par exemple, la saison derni\u00e8re, Djibril Diaw n&rsquo;a pas pu jouer pendant plusieurs mois, car le club ukrainien de Lviv, o\u00f9 il \u00e9tait licenci\u00e9, faisait de l&rsquo;obstruction pour l&rsquo;envoi du CIT. La FIFA avait d\u00fb \u00eatre saisie. En g\u00e9n\u00e9ral, l&rsquo;obtention du document peut prendre 7 \u00e0 10 jours au mieux.<\/p>\n<p><strong>Encadrement de la masse salariale par la DNCG<\/strong><\/p>\n<p style=\"text-align: justify;\">Bordeaux a un encadrement de sa masse salariale par la DNCG f\u00e9d\u00e9rale. Avec le choix de mettre \u00e0 l&rsquo;\u00e9cart les joueurs Yamb\u00e9r\u00e9 (5k\u20ac\/mois), de Beugre (10k\u20ac\/mois) et de Merdji (2,6k\u20ac\/mois), c&rsquo;est presque 18 000\u20ac brut par mois qui dorment et qui pourraient bloquer l&rsquo;enregistrement de nouveaux joueurs. Il n&rsquo;est dit que ce soit cette raison qui emp\u00eache l&rsquo;officialisation du recrutement de Jan Hoekstra.<\/p>\n<p>En attendant que les Girondins valident administrativement son contrat, Jan Hoekstra fait la connaissance avec ses co\u00e9quipiers en stage \u00e0 Capbreton (Landes) depuis mercredi, esp\u00e9rant l&rsquo;arriv\u00e9e prochaine d&rsquo;un entraineur des gardiens de but (voir la vid\u00e9o ci-dessus prise ce vendredi matin).<\/p>\n<p style=\"text-align: justify;\">Agossa et Hoeksta s&rsquo;entra\u00eenent ensemble :<\/p>\n<p>Ce navigateur ne supporte pas les iframes<\/p>\n<p style=\"text-align: justify;\">N.P<\/p>\n<p>\u00c0 lire aussi &gt;&gt; <strong><a href=\"https:\/\/www.webgirondins.com\/actualite-mercato-girondins-nathanael-bai-on-m-a-dit-qu-on-ne-comptait-pas-sur-moi-129738\" target=\"_blank\" rel=\"noopener\">Nathanael Ba\u00ef : \u00ab\u00a0On m&rsquo;a dit qu&rsquo;on ne comptait pas sur moi\u00a0\u00bb<\/a><\/strong><\/p>\n<p>Notre podcast court :<\/p>\n<p>\u00a0<\/p>\n","protected":false},"excerpt":{"rendered":"\u00a9 Iconsport En attente du CIT Jan Hoekstra (26 ans) a \u00e9t\u00e9 recrut\u00e9 par les Girondins de Bordeaux&hellip;\n","protected":false},"author":2,"featured_media":265609,"comment_status":"","ping_status":"","sticky":false,"template":"","format":"standard","meta":{"footnotes":""},"categories":[2817],"tags":[1111,11,3396,1997,41211,5244,394,1440,1777,674,41212,1011,27,1987,2705,40514,1441,9778,12,2219,28960,7555,8995,7099,25,3866,7451],"class_list":{"0":"post-272770","1":"post","2":"type-post","3":"status-publish","4":"format-standard","5":"has-post-thumbnail","7":"category-bordeaux","8":"tag-actu","9":"tag-actualites","10":"tag-avec","11":"tag-bordeaux","12":"tag-capbreton","13":"tag-club","14":"tag-depuis","15":"tag-encore","16":"tag-eu","17":"tag-europe","18":"tag-explication","19":"tag-fr","20":"tag-france","21":"tag-girondins","22":"tag-groupe","23":"tag-hoekstra","24":"tag-joueur","25":"tag-mardi","26":"tag-news","27":"tag-nouvelle-aquitaine","28":"tag-officialise","29":"tag-pourquoi","30":"tag-present","31":"tag-recrutement","32":"tag-republique-francaise","33":"tag-stage","34":"tag-tentative"},"share_on_mastodon":{"url":"https:\/\/pubeurope.com\/@fr\/114913927727343138","error":""},"_links":{"self":[{"href":"https:\/\/www.europesays.com\/fr\/wp-json\/wp\/v2\/posts\/272770","targetHints":{"allow":["GET"]}}],"collection":[{"href":"https:\/\/www.europesays.com\/fr\/wp-json\/wp\/v2\/posts"}],"about":[{"href":"https:\/\/www.europesays.com\/fr\/wp-json\/wp\/v2\/types\/post"}],"author":[{"embeddable":true,"href":"https:\/\/www.europesays.com\/fr\/wp-json\/wp\/v2\/users\/2"}],"replies":[{"embeddable":true,"href":"https:\/\/www.europesays.com\/fr\/wp-json\/wp\/v2\/comments?post=272770"}],"version-history":[{"count":0,"href":"https:\/\/www.europesays.com\/fr\/wp-json\/wp\/v2\/posts\/272770\/revisions"}],"wp:featuredmedia":[{"embeddable":true,"href":"https:\/\/www.europesays.com\/fr\/wp-json\/wp\/v2\/media\/265609"}],"wp:attachment":[{"href":"https:\/\/www.europesays.com\/fr\/wp-json\/wp\/v2\/media?parent=272770"}],"wp:term":[{"taxonomy":"category","embeddable":true,"href":"https:\/\/www.europesays.com\/fr\/wp-json\/wp\/v2\/categories?post=272770"},{"taxonomy":"post_tag","embeddable":true,"href":"https:\/\/www.europesays.com\/fr\/wp-json\/wp\/v2\/tags?post=272770"}],"curies":[{"name":"wp","href":"https:\/\/api.w.org\/{rel}","templated":true}]}}