{"id":272771,"date":"2025-07-25T12:42:14","date_gmt":"2025-07-25T12:42:14","guid":{"rendered":"https:\/\/www.europesays.com\/fr\/272771\/"},"modified":"2025-07-25T12:42:14","modified_gmt":"2025-07-25T12:42:14","slug":"une-bonne-dizaine-de-vide-greniers-a-toulouse-et-ses-alentours-pour-le-dernier-week-end-de-juillet-voici-ou","status":"publish","type":"post","link":"https:\/\/www.europesays.com\/fr\/272771\/","title":{"rendered":"Une bonne dizaine de vide-greniers \u00e0 Toulouse et ses alentours pour le dernier week-end de juillet, voici o\u00f9"},"content":{"rendered":"<p>            Par<br \/>\n        <strong><br \/>\n            <a href=\"https:\/\/actu.fr\/auteur\/nina-hossein-zadeh\" title=\"Consulter tous les articles de Nina Hossein-Zadeh\" rel=\"nofollow noopener\" target=\"_blank\">Nina Hossein-Zadeh<\/a><br \/>\n        <\/strong><\/p>\n<p>        Publi\u00e9 le<\/p>\n<p>            25 juil. 2025 \u00e0 12h26        <\/p>\n<p>D\u00e9ambuler dans les all\u00e9es, de stand en stand, \u00e0 la recherche d\u2019un meuble ancien, d\u2019une lampe de chevet, de v\u00eatements vintages ou encore de livres d\u2019occasions\u2026 <strong>Le dernier week-end de juillet sera rempli en vide-greniers<\/strong> \u00e0 <a href=\"https:\/\/actu.fr\/toulouse\/\" rel=\"nofollow noopener\" target=\"_blank\"><strong>Toulouse<\/strong><\/a> et ses alentours. Mais o\u00f9 seront les brocanteurs et tous leurs bric-\u00e0-brac\u2009? On fait le point.<\/p>\n<p>Quatre rendez-vous samedi<\/p>\n<p class=\" wall-content\">Le samedi 26 juillet 2025, c\u2019est \u00e0 Toulouse que commence le tour des vide-greniers et brocante. Il d\u00e9bute sur <strong>les all\u00e9es Jules Guesde<\/strong> avec le march\u00e9 de livres anciens et d\u2019occasion de 9 heures \u00e0 18 heures. Puis, il se poursuit <strong>au march\u00e9 aux puces de Saint-Aubin<\/strong>, install\u00e9 sur le Boulevard Jules Michelet de 6\u00a0heures \u00e0 13\u00a0heures.<\/p>\n<p class=\" wall-content\">Dans la m\u00eame journ\u00e9e \u00e0<strong> La Magdelaine-sur-Tarn,<\/strong> un vide-grenier solidaire en nocturne prendra place au 110 chemin de la Barthe \u00e0 partir de 18\u00a0heures.<strong> \u00c0 Beaumont-sur-L\u00e8ze<\/strong> se c\u00e9l\u00e9brera la f\u00eate champ\u00eatre Pailloux avec un vide-grenier sur les journ\u00e9es de samedi et dimanche.<\/p>\n<p>Un tour complet des vide-greniers dans la r\u00e9gion<\/p>\n<p class=\" wall-content\">Si vous n\u2019avez pas trouv\u00e9 chaussure \u00e0 votre pied, il sera toujours possible de venir farfouiller dans les vide-greniers organis\u00e9s le dimanche 27\u00a0juillet 2025. \u00c0 Toulouse, <strong>c\u2019est au lac de Sesqui\u00e8res<\/strong> qu\u2019il faudra se rendre de 8\u00a0heures \u00e0 17\u00a0heures.<\/p>\n<p class=\" wall-content\"><strong>Sur le parking du Auchan de Fenouillet<\/strong>, rue des Usines, un vide-grenier prendra place de 6 h 30 \u00e0 17 heures.<\/p>\n<p class=\" wall-content\">Pour les autres rendez-vous du dimanche, voici la liste des \u00e9v\u00e9nements\u2009:<\/p>\n<ul class=\" wall-content\">\n<li>Vall\u00e8gue de 8\u00a0heures \u00e0 17\u00a0heures sur la place du village<\/li>\n<li>Rabastens sur la promenade des Lices de 8 heures \u00e0 18 h 30<\/li>\n<li>Cologne, place de la Halle de 9\u00a0heures \u00e0 18\u00a0heures<\/li>\n<li>Peyrole, sur le parking de l\u2019\u00e9glise de 8\u00a0heures \u00e0 18\u00a0heures<\/li>\n<li>Frontignan-Sav\u00e8s, autour de l\u2019\u00e9glise de 8\u00a0heures \u00e0 17\u00a0heures<\/li>\n<li>Mauvezin, Halle de 8\u00a0heures \u00e0 18\u00a0heures<\/li>\n<li>La Bastide-de-Besplas, place de la mairie de 8\u00a0heures \u00e0 18\u00a0heures.<\/li>\n<\/ul>\n<p class=\" wall-content\">Suivez toute l\u2019actualit\u00e9 de vos villes et m\u00e9dias favoris en vous inscrivant \u00e0 <a href=\"https:\/\/moncompte.actu.fr\" title=\"D\u00e9couvez Mon Actu\" rel=\"nofollow noopener\" data-trk=\"{&quot;cta&quot;:{&quot;action&quot;:&quot;https:\\\/\\\/moncompte.actu.fr&quot;,&quot;category&quot;:&quot;mon compte&quot;,&quot;from&quot;:&quot;article footer&quot;,&quot;name&quot;:&quot;Mon actu&quot;,&quot;type&quot;:&quot;cta&quot;}}\" target=\"_blank\">Mon Actu<\/a>.<\/p>\n","protected":false},"excerpt":{"rendered":"Par Nina Hossein-Zadeh Publi\u00e9 le 25 juil. 2025 \u00e0 12h26 D\u00e9ambuler dans les all\u00e9es, de stand en stand,&hellip;\n","protected":false},"author":2,"featured_media":64290,"comment_status":"","ping_status":"","sticky":false,"template":"","format":"standard","meta":{"footnotes":""},"categories":[2816],"tags":[1111,11,6961,1777,674,1011,27,12,2680,25,104,2312],"class_list":{"0":"post-272771","1":"post","2":"type-post","3":"status-publish","4":"format-standard","5":"has-post-thumbnail","7":"category-toulouse","8":"tag-actu","9":"tag-actualites","10":"tag-brocante","11":"tag-eu","12":"tag-europe","13":"tag-fr","14":"tag-france","15":"tag-news","16":"tag-occitanie","17":"tag-republique-francaise","18":"tag-societe","19":"tag-toulouse"},"share_on_mastodon":{"url":"https:\/\/pubeurope.com\/@fr\/114913931640086531","error":""},"_links":{"self":[{"href":"https:\/\/www.europesays.com\/fr\/wp-json\/wp\/v2\/posts\/272771","targetHints":{"allow":["GET"]}}],"collection":[{"href":"https:\/\/www.europesays.com\/fr\/wp-json\/wp\/v2\/posts"}],"about":[{"href":"https:\/\/www.europesays.com\/fr\/wp-json\/wp\/v2\/types\/post"}],"author":[{"embeddable":true,"href":"https:\/\/www.europesays.com\/fr\/wp-json\/wp\/v2\/users\/2"}],"replies":[{"embeddable":true,"href":"https:\/\/www.europesays.com\/fr\/wp-json\/wp\/v2\/comments?post=272771"}],"version-history":[{"count":0,"href":"https:\/\/www.europesays.com\/fr\/wp-json\/wp\/v2\/posts\/272771\/revisions"}],"wp:featuredmedia":[{"embeddable":true,"href":"https:\/\/www.europesays.com\/fr\/wp-json\/wp\/v2\/media\/64290"}],"wp:attachment":[{"href":"https:\/\/www.europesays.com\/fr\/wp-json\/wp\/v2\/media?parent=272771"}],"wp:term":[{"taxonomy":"category","embeddable":true,"href":"https:\/\/www.europesays.com\/fr\/wp-json\/wp\/v2\/categories?post=272771"},{"taxonomy":"post_tag","embeddable":true,"href":"https:\/\/www.europesays.com\/fr\/wp-json\/wp\/v2\/tags?post=272771"}],"curies":[{"name":"wp","href":"https:\/\/api.w.org\/{rel}","templated":true}]}}