{"id":272774,"date":"2025-07-25T12:44:09","date_gmt":"2025-07-25T12:44:09","guid":{"rendered":"https:\/\/www.europesays.com\/fr\/272774\/"},"modified":"2025-07-25T12:44:09","modified_gmt":"2025-07-25T12:44:09","slug":"lille-un-timbre-a-leffigie-du-nordiste-alain-decaux-pour-le-centenaire-de-sa-naissance","status":"publish","type":"post","link":"https:\/\/www.europesays.com\/fr\/272774\/","title":{"rendered":"Lille. Un timbre \u00e0 l&rsquo;effigie du Nordiste Alain Decaux pour le centenaire de sa naissance"},"content":{"rendered":"<p>            Par<br \/>\n        <strong><br \/>\n            <a href=\"https:\/\/actu.fr\/auteur\/redaction-lille\" title=\"Consulter tous les articles de R\u00e9daction Lille\" target=\"_blank\" rel=\"noopener\">R\u00e9daction Lille<\/a><br \/>\n        <\/strong><\/p>\n<p>        Publi\u00e9 le<\/p>\n<p>            25 juil. 2025 \u00e0 13h54        <\/p>\n<p>La famille d\u2019<b>Alain Decaux<\/b>, les \u00e9lus et repr\u00e9sentants, ainsi que le Pr\u00e9sident de l\u2019Association des Amis d\u2019Alain Decaux, Fr\u00e9d\u00e9ric Nancel : tous \u00e9taient au rendez-vous ce mercredi 23 juillet 2025, au <b>Bureau de Poste R\u00e9publique<\/b> de <a href=\"https:\/\/actu.fr\/hauts-de-france\/lille_59350\" target=\"_blank\" rel=\"noopener\">Lille<\/a> (Nord). Ils ont ainsi particip\u00e9 \u00e0 pour <b>inaugurer ce nouveau timbre<\/b> rendant hommage \u00e0 l\u2019historien nordiste. La symbolique du lieu est forte : c\u2019est <b>juste en face<\/b> du Bureau de Poste, au 2 rue d\u2019Inkermaan, <b>qu\u2019Alain Decaux est n\u00e9<\/b>, le 23 juillet 1925. Lille est depuis son premier jour rest\u00e9e \u00ab\u00a0sa colonne vert\u00e9brale\u00a0\u00bb, comme nous l\u2019explique Micheline Pelletier-Decaux, sa femme.<\/p>\n<p>Hommage au Nordiste Alain Decaux \u00e0 travers un timbre<\/p>\n<p class=\" wall-content\">\u00ab\u00a0Mon p\u00e8re est devenu conteur, <b>passeur d\u2019Histoire, journaliste, et l\u2019un des plus grands pionniers de la t\u00e9l\u00e9vision<\/b>\u00ab\u00a0, lance Laurent Decaux, fils d\u2019Alain Decaux.<\/p>\n<p class=\" wall-content\">Inspir\u00e9 par les livres d\u2019Alexandre Dumas, son grand-p\u00e8re instituteur, et un de ses professeurs du lyc\u00e9e Faidherbe \u00e0 Lille, c\u2019est adolescent que la vocation d\u2019historien d\u2019Alain Decaux est n\u00e9e. Il publie son premier livre d\u2019Histoire \u00e0 22 ans, et cr\u00e9\u00e9 l\u2019\u00e9mission radiophonique La Tribune de l\u2019histoire \u00e0 l\u2019\u00e2ge de 26 ans, avec son ami Andr\u00e9 Castelot.<\/p>\n<p class=\" wall-content\">Tout au long de sa vie, il partage sa connaissance de l\u2019Histoire dans <b>diverses \u00e9missions t\u00e9l\u00e9vis\u00e9es<\/b>, rendant ainsi la discipline vivante, accessible et captivante. En 1979, il est \u00e9lu \u00e0 l\u2019Acad\u00e9mie fran\u00e7aise, et est nomm\u00e9 ministre de la Francophonie en 1988.<\/p>\n<blockquote class=\"ac-article-quote wall-content\">\n<p>\u00ab\u00a0Il nous a fait aimer l\u2019histoire, le patrimoine, et cette langue fran\u00e7aise\u00a0\u00bb<\/p>\n<p>Fr\u00e9d\u00e9ric Lancel, Pr\u00e9sident des Amis d\u2019Alain Decaux.<\/p><\/blockquote>\n<p class=\" wall-content\">\u00ab\u00a0Comment l\u2019\u00eatre humain peut-il ne pas regarder le pass\u00e9 pour que \u00e7a soit utile pour le futur ? Je veux proclamer \u00e0 la face du monde que l\u2019Histoire peut rendre heureux\u00a0\u00bb, poursuit Fr\u00e9d\u00e9ric Lancel, fondateur de l\u2019Association des Amis d\u2019Alain Decaux, qui insiste notamment sur la capacit\u00e9 de l\u2019historien \u00e0 transmettre son go\u00fbt de l\u2019Histoire \u00e0 toutes les g\u00e9n\u00e9rations de fran\u00e7ais, \u00e0 travers les m\u00e9dias.<\/p>\n<p class=\" wall-content\">\u00ab\u00a0Il n\u2019est pas all\u00e9 faire la m\u00e9diatisation de l\u2019Histoire, c\u2019est la m\u00e9diatisation qui est venue \u00e0 lui. <b>Il nous a fait aimer l\u2019histoire, le patrimoine, et cette langue fran\u00e7aise<\/b>. Merci pour ce timbre, et avec les Amis d\u2019Alain Decaux, on ne va pas en rester l\u00e0\u00a0\u00bb.<\/p>\n<p class=\" wall-content\">Cr\u00e9\u00e9e en 2018, l\u2019Association a commenc\u00e9 par organiser un spectacle en l\u2019honneur d\u2019Alain Decaux, avant d\u2019\u00e9tendre son action aux plus jeunes pour transmettre l\u2019Histoire m\u00e9diatique, avec des ateliers podcast aupr\u00e8s des coll\u00e9giens ou des expositions itin\u00e9rantes. De plus, comme l\u2019a fait l\u2019acad\u00e9micien avec le Ch\u00e2teau de Monte Cristo, qu\u2019il est parvenu \u00e0 faire classer, l\u2019Association a pour projet de sauver d\u2019autres tr\u00e9sors patrimoniaux.<\/p>\n<p>Bient\u00f4t la m\u00e9diath\u00e8que du Vieux-Lille<\/p>\n<p class=\" wall-content\">Ce timbre, cr\u00e9\u00e9 par Sophie Beaujard, imprim\u00e9 en seulement 594 000 exemplaires au niveau national, est donc un<b> symbole <\/b>de l\u2019empreinte laiss\u00e9e par Alain Decaux sur les Fran\u00e7ais. <a href=\"https:\/\/actu.fr\/tag\/martine-aubry\" target=\"_blank\" rel=\"noopener\">Martine Aubry<\/a>, qui avait d\u00e9j\u00e0 entrepris d\u2019installer une plaque comm\u00e9morative en son honneur sur son b\u00e2timent de naissance, a \u00e9galement voulu rendre un dernier hommage \u00e0 l\u2019acad\u00e9micien avant de quitter d\u00e9finitivement la mairie de Lille.<\/p>\n<p class=\" wall-content\">Charlotte Brun, premi\u00e8re adjointe au maire actuel, l\u2019a fi\u00e8rement annonc\u00e9 : la <b>M\u00e9diath\u00e8que du Vieux Lille, actuellement en travaux, portera le nom d\u2019Alain Decaux<\/b> d\u00e8s sa r\u00e9ouverture.<\/p>\n<p class=\" wall-content\"><b>Lina Melhem<\/b><\/p>\n<p class=\" wall-content\">Suivez toute l\u2019actualit\u00e9 de vos villes et m\u00e9dias favoris en vous inscrivant \u00e0 <a href=\"https:\/\/moncompte.actu.fr\" title=\"D\u00e9couvez Mon Actu\" rel=\"nofollow noopener\" data-trk=\"{&quot;cta&quot;:{&quot;action&quot;:&quot;https:\\\/\\\/moncompte.actu.fr&quot;,&quot;category&quot;:&quot;mon compte&quot;,&quot;from&quot;:&quot;article footer&quot;,&quot;name&quot;:&quot;Mon actu&quot;,&quot;type&quot;:&quot;cta&quot;}}\" target=\"_blank\">Mon Actu<\/a>.<\/p>\n","protected":false},"excerpt":{"rendered":"Par R\u00e9daction Lille Publi\u00e9 le 25 juil. 2025 \u00e0 13h54 La famille d\u2019Alain Decaux, les \u00e9lus et repr\u00e9sentants,&hellip;\n","protected":false},"author":2,"featured_media":272775,"comment_status":"","ping_status":"","sticky":false,"template":"","format":"standard","meta":{"footnotes":""},"categories":[2815],"tags":[1111,11,13207,1777,674,1011,27,811,3316,1307,12,25,104],"class_list":{"0":"post-272774","1":"post","2":"type-post","3":"status-publish","4":"format-standard","5":"has-post-thumbnail","7":"category-lille","8":"tag-actu","9":"tag-actualites","10":"tag-collections","11":"tag-eu","12":"tag-europe","13":"tag-fr","14":"tag-france","15":"tag-hauts-de-france","16":"tag-la-poste","17":"tag-lille","18":"tag-news","19":"tag-republique-francaise","20":"tag-societe"},"share_on_mastodon":{"url":"https:\/\/pubeurope.com\/@fr\/114913939499126609","error":""},"_links":{"self":[{"href":"https:\/\/www.europesays.com\/fr\/wp-json\/wp\/v2\/posts\/272774","targetHints":{"allow":["GET"]}}],"collection":[{"href":"https:\/\/www.europesays.com\/fr\/wp-json\/wp\/v2\/posts"}],"about":[{"href":"https:\/\/www.europesays.com\/fr\/wp-json\/wp\/v2\/types\/post"}],"author":[{"embeddable":true,"href":"https:\/\/www.europesays.com\/fr\/wp-json\/wp\/v2\/users\/2"}],"replies":[{"embeddable":true,"href":"https:\/\/www.europesays.com\/fr\/wp-json\/wp\/v2\/comments?post=272774"}],"version-history":[{"count":0,"href":"https:\/\/www.europesays.com\/fr\/wp-json\/wp\/v2\/posts\/272774\/revisions"}],"wp:featuredmedia":[{"embeddable":true,"href":"https:\/\/www.europesays.com\/fr\/wp-json\/wp\/v2\/media\/272775"}],"wp:attachment":[{"href":"https:\/\/www.europesays.com\/fr\/wp-json\/wp\/v2\/media?parent=272774"}],"wp:term":[{"taxonomy":"category","embeddable":true,"href":"https:\/\/www.europesays.com\/fr\/wp-json\/wp\/v2\/categories?post=272774"},{"taxonomy":"post_tag","embeddable":true,"href":"https:\/\/www.europesays.com\/fr\/wp-json\/wp\/v2\/tags?post=272774"}],"curies":[{"name":"wp","href":"https:\/\/api.w.org\/{rel}","templated":true}]}}