{"id":27278,"date":"2025-04-15T19:02:01","date_gmt":"2025-04-15T19:02:01","guid":{"rendered":"https:\/\/www.europesays.com\/fr\/27278\/"},"modified":"2025-04-15T19:02:01","modified_gmt":"2025-04-15T19:02:01","slug":"par-une-expo-le-photographe-frederic-grimaud-a-fait-decouvrir-lurbex-aux-habitants","status":"publish","type":"post","link":"https:\/\/www.europesays.com\/fr\/27278\/","title":{"rendered":"par une expo, le photographe Fr\u00e9d\u00e9ric Grimaud a fait d\u00e9couvrir l&rsquo;urbex aux habitants"},"content":{"rendered":"<p>            Par<br \/>\n        <strong><br \/>\n            <a href=\"https:\/\/actu.fr\/auteur\/le-journal-delbeuf\" title=\"Consulter tous les articles de R\u00e9daction Elbeuf\" rel=\"nofollow noopener\" target=\"_blank\">R\u00e9daction Elbeuf<\/a><br \/>\n        <\/strong><\/p>\n<p>        Publi\u00e9 le<\/p>\n<p>            15 avr. 2025 \u00e0 12h32        <\/p>\n<p>Photographe normand, <b>Fr\u00e9d\u00e9ric Grimaud<\/b> vient d\u2019exposer au Grenier \u00e0 sel, \u00e0 <a href=\"https:\/\/actu.fr\/normandie\/la-bouille_76131\" rel=\"nofollow noopener\" target=\"_blank\">La Bouille (Seine-Maritime)<\/a>, une belle s\u00e9rie photographique qui surprend le visiteur. <b>La photographie<\/b> est pour lui \u00ab\u00a0un moyen de trouver un \u00e9quilibre en tant qu\u2019\u00eatre humain et professionnel\u00a0\u00bb.<\/p>\n<p class=\" wall-content\">Apr\u00e8s une formation dans le milieu de la biologie, il choisit la photo en 1998. Il suivra ensuite une formation en photojournalisme, se rapprochant ainsi de ce qui le passionne : l\u2019humain, ses peurs, ses angoisses, son bonheur, dans plusieurs pays asiatiques.<\/p>\n<p class=\" wall-content\">Au Grenier \u00e0 sel, c\u2019est \u00e0 une visite de lieux abandonn\u00e9s, l\u2019<b>urbex<\/b> (de l\u2019anglais urban exploration), qu\u2019il conviait les visiteurs, au milieu de ses clich\u00e9s argentiques ou num\u00e9riques.<\/p>\n<p>Comme des photos d\u2019un autre temps<\/p>\n<p class=\" wall-content\">Des photos encadr\u00e9es, comme d\u2019une autre \u00e9poque ou plac\u00e9es derri\u00e8re une vieille fen\u00eatre de r\u00e9cup\u00e9ration. L\u2019ensemble donnant un superbe charme \u00e0 ces photos \u00e0 la fois r\u00e9centes et comme d\u2019un autre temps.<\/p>\n<p class=\" wall-content\">Fr\u00e9d\u00e9ric Grimaud est \u00e9galement pilote de drone, vid\u00e9aste et a \u00e9dit\u00e9 quelques livres. Sa formation de photojournaliste lui permet aujourd\u2019hui de travailler pour des institutions, associations, agences immobili\u00e8res\u2026 Il est membre du Collectif divergence, qui r\u00e9unit de nombreux photographes.<\/p>\n<p class=\" wall-content\">Suivez toute l\u2019actualit\u00e9 de vos villes et m\u00e9dias favoris en vous inscrivant \u00e0 <a href=\"https:\/\/moncompte.actu.fr\" title=\"D\u00e9couvez Mon Actu\" rel=\"nofollow noopener\" data-trk=\"{&quot;cta&quot;:{&quot;action&quot;:&quot;https:\\\/\\\/moncompte.actu.fr&quot;,&quot;category&quot;:&quot;mon compte&quot;,&quot;from&quot;:&quot;article footer&quot;,&quot;name&quot;:&quot;Mon actu&quot;,&quot;type&quot;:&quot;cta&quot;}}\" target=\"_blank\">Mon Actu<\/a>.<\/p>\n","protected":false},"excerpt":{"rendered":"Par R\u00e9daction Elbeuf Publi\u00e9 le 15 avr. 2025 \u00e0 12h32 Photographe normand, Fr\u00e9d\u00e9ric Grimaud vient d\u2019exposer au Grenier&hellip;\n","protected":false},"author":2,"featured_media":27279,"comment_status":"","ping_status":"","sticky":false,"template":"","format":"standard","meta":{"footnotes":""},"categories":[9587],"tags":[1111,11,1777,674,1011,27,12,5161,1756,25,9590,104],"class_list":{"0":"post-27278","1":"post","2":"type-post","3":"status-publish","4":"format-standard","5":"has-post-thumbnail","7":"category-rouen","8":"tag-actu","9":"tag-actualites","10":"tag-eu","11":"tag-europe","12":"tag-fr","13":"tag-france","14":"tag-news","15":"tag-normandie","16":"tag-photographie","17":"tag-republique-francaise","18":"tag-rouen","19":"tag-societe"},"share_on_mastodon":{"url":"","error":""},"_links":{"self":[{"href":"https:\/\/www.europesays.com\/fr\/wp-json\/wp\/v2\/posts\/27278","targetHints":{"allow":["GET"]}}],"collection":[{"href":"https:\/\/www.europesays.com\/fr\/wp-json\/wp\/v2\/posts"}],"about":[{"href":"https:\/\/www.europesays.com\/fr\/wp-json\/wp\/v2\/types\/post"}],"author":[{"embeddable":true,"href":"https:\/\/www.europesays.com\/fr\/wp-json\/wp\/v2\/users\/2"}],"replies":[{"embeddable":true,"href":"https:\/\/www.europesays.com\/fr\/wp-json\/wp\/v2\/comments?post=27278"}],"version-history":[{"count":0,"href":"https:\/\/www.europesays.com\/fr\/wp-json\/wp\/v2\/posts\/27278\/revisions"}],"wp:featuredmedia":[{"embeddable":true,"href":"https:\/\/www.europesays.com\/fr\/wp-json\/wp\/v2\/media\/27279"}],"wp:attachment":[{"href":"https:\/\/www.europesays.com\/fr\/wp-json\/wp\/v2\/media?parent=27278"}],"wp:term":[{"taxonomy":"category","embeddable":true,"href":"https:\/\/www.europesays.com\/fr\/wp-json\/wp\/v2\/categories?post=27278"},{"taxonomy":"post_tag","embeddable":true,"href":"https:\/\/www.europesays.com\/fr\/wp-json\/wp\/v2\/tags?post=27278"}],"curies":[{"name":"wp","href":"https:\/\/api.w.org\/{rel}","templated":true}]}}