{"id":272782,"date":"2025-07-25T12:48:11","date_gmt":"2025-07-25T12:48:11","guid":{"rendered":"https:\/\/www.europesays.com\/fr\/272782\/"},"modified":"2025-07-25T12:48:11","modified_gmt":"2025-07-25T12:48:11","slug":"elle-invente-un-enlevement-suivi-dun-viol-la-gendarmerie-porte-plainte","status":"publish","type":"post","link":"https:\/\/www.europesays.com\/fr\/272782\/","title":{"rendered":"elle invente un enl\u00e8vement suivi d&rsquo;un viol, la gendarmerie porte plainte"},"content":{"rendered":"<p itemprop=\"description\"><strong>Une plainte prise tr\u00e8s au s\u00e9rieux\u2026 jusqu\u2019\u00e0 ce que les enqu\u00eateurs d\u00e9couvrent la supercherie.<\/strong><\/p>\n<p>Une femme est poursuivie pour avoir d\u00e9nonc\u00e9 une agression fictive.<\/p>\n<p>Fin juin, elle avait signal\u00e9 aux forces de l\u2019ordre avoir \u00e9t\u00e9 victime d\u2019un enl\u00e8vement suivi d\u2019un viol \u00e0 Thurins, commune situ\u00e9e dans les monts du Lyonnais, \u00e0 une vingtaine de kilom\u00e8tres au sud-ouest de Lyon.<\/p>\n<p>Les gendarmes de Vaugneray et les enqu\u00eateurs de L\u2019Arbresle avaient mobilis\u00e9 d&rsquo;importants moyens pour retrouver un \u00e9ventuel agresseur, pr\u00e9cise\u00a0Le Progr\u00e8s.\u00a0Mais les investigations ont finalement permis d\u2019\u00e9tablir que les faits d\u00e9nonc\u00e9s \u00e9taient totalement imaginaires.<\/p>\n<p>La femme a reconnu avoir invent\u00e9 toute l\u2019histoire. Elle encourt jusqu\u2019\u00e0 cinq ans d\u2019emprisonnement et 45 000 euros d\u2019amende\u00a0pour d\u00e9nonciation calomnieuse. La gendarmerie a port\u00e9 plainte en raison des ressources humaines et techniques engag\u00e9es dans cette affaire.<\/p>\n","protected":false},"excerpt":{"rendered":"Une plainte prise tr\u00e8s au s\u00e9rieux\u2026 jusqu\u2019\u00e0 ce que les enqu\u00eateurs d\u00e9couvrent la supercherie. Une femme est poursuivie&hellip;\n","protected":false},"author":2,"featured_media":272783,"comment_status":"","ping_status":"","sticky":false,"template":"","format":"standard","meta":{"footnotes":""},"categories":[1889],"tags":[1111,11,2813,2190,2430,1109,251,1112,2811,1777,674,118,1011,27,1922,1110,1114,2428,2810,12,241,316,25,2812,517,800],"class_list":{"0":"post-272782","1":"post","2":"type-post","3":"status-publish","4":"format-standard","5":"has-post-thumbnail","7":"category-lyon","8":"tag-actu","9":"tag-actualites","10":"tag-article","11":"tag-asvel","12":"tag-auvergne-rhone-alpes","13":"tag-breves","14":"tag-culture","15":"tag-depeches","16":"tag-economique","17":"tag-eu","18":"tag-europe","19":"tag-faits-divers","20":"tag-fr","21":"tag-france","22":"tag-info","23":"tag-informations","24":"tag-infos","25":"tag-lyon","26":"tag-lyonmag","27":"tag-news","28":"tag-ol","29":"tag-politique","30":"tag-republique-francaise","31":"tag-sociale","32":"tag-sport","33":"tag-transports"},"share_on_mastodon":{"url":"https:\/\/pubeurope.com\/@fr\/114913955386709721","error":""},"_links":{"self":[{"href":"https:\/\/www.europesays.com\/fr\/wp-json\/wp\/v2\/posts\/272782","targetHints":{"allow":["GET"]}}],"collection":[{"href":"https:\/\/www.europesays.com\/fr\/wp-json\/wp\/v2\/posts"}],"about":[{"href":"https:\/\/www.europesays.com\/fr\/wp-json\/wp\/v2\/types\/post"}],"author":[{"embeddable":true,"href":"https:\/\/www.europesays.com\/fr\/wp-json\/wp\/v2\/users\/2"}],"replies":[{"embeddable":true,"href":"https:\/\/www.europesays.com\/fr\/wp-json\/wp\/v2\/comments?post=272782"}],"version-history":[{"count":0,"href":"https:\/\/www.europesays.com\/fr\/wp-json\/wp\/v2\/posts\/272782\/revisions"}],"wp:featuredmedia":[{"embeddable":true,"href":"https:\/\/www.europesays.com\/fr\/wp-json\/wp\/v2\/media\/272783"}],"wp:attachment":[{"href":"https:\/\/www.europesays.com\/fr\/wp-json\/wp\/v2\/media?parent=272782"}],"wp:term":[{"taxonomy":"category","embeddable":true,"href":"https:\/\/www.europesays.com\/fr\/wp-json\/wp\/v2\/categories?post=272782"},{"taxonomy":"post_tag","embeddable":true,"href":"https:\/\/www.europesays.com\/fr\/wp-json\/wp\/v2\/tags?post=272782"}],"curies":[{"name":"wp","href":"https:\/\/api.w.org\/{rel}","templated":true}]}}