{"id":272788,"date":"2025-07-25T12:51:14","date_gmt":"2025-07-25T12:51:14","guid":{"rendered":"https:\/\/www.europesays.com\/fr\/272788\/"},"modified":"2025-07-25T12:51:14","modified_gmt":"2025-07-25T12:51:14","slug":"un-espace-de-coworking-inclusif-a-ivry","status":"publish","type":"post","link":"https:\/\/www.europesays.com\/fr\/272788\/","title":{"rendered":"Un espace de coworking \u00ab inclusif \u00bb \u00e0 Ivry"},"content":{"rendered":"<p>            <a href=\"https:\/\/www.europesays.com\/fr\/wp-content\/uploads\/2025\/07\/michel-lepretre-et-marie-pieron-presidente-de-sylver-innov-e1753366611277.jpg\" data-caption=\"Michel Lepr\u00eatre et Marie Pieron, la pr\u00e9sidente de Silver Innov', lors de l'inauguration de \u00ab La Verri\u00e8re inclusive \u00bb le 2 juillet. \u00a9 DR\"><img loading=\"lazy\" decoding=\"async\" width=\"716\" height=\"453\" class=\"entry-thumb td-modal-image ewww_webp_lazy_load\" src=\"data:image\/svg+xml,%3Csvg%20xmlns=\" http:=\"\" alt=\"\" title=\"\" data-lazy-src=\"https:\/\/www.europesays.com\/fr\/wp-content\/uploads\/2025\/07\/michel-lepretre-et-marie-pieron-presidente-de-sylver-innov-e1753366611277.jpg\" data-lazy-src-webp=\"https:\/\/www.europesays.com\/fr\/wp-content\/uploads\/2025\/07\/michel-lepretre-et-marie-pieron-presidente-de-sylver-innov-e1753366611277.jpg.webp\"\/><\/a>Michel Lepr\u00eatre et Marie Pieron, la pr\u00e9sidente de Silver Innov&rsquo;, lors de l&rsquo;inauguration de \u00ab La Verri\u00e8re inclusive \u00bb le 2 juillet. \u00a9 DR<\/p>\n<p><a href=\"https:\/\/silver-innov.fr\/\" target=\"_blank\" rel=\"noopener\">Silver innov\u2019<\/a>, la p\u00e9pini\u00e8re et h\u00f4tel d\u2019entreprises d\u00e9di\u00e9es \u00e0 la silver \u00e9conomie et \u00e0 l\u2019innovation dans le champ du bien vieillir et du handicap, a ouvert un espace de coworking \u00ab inclusif \u00bb dans ses locaux d\u2019Ivry-sur-Seine (au 54 rue Moli\u00e8re). Baptis\u00e9 \u00ab La Verri\u00e8re inclusive \u00bb, ce site offre aux personnes en situation de handicap et \u00e0 celles en sortie de longue maladie un lieu de travail alternatif \u00e0 celui d\u2019un employeur ou \u00e0 leur domicile. Il dispose de 15 postes de travail et d\u2019espaces co-con\u00e7us avec les futurs utilisateurs pour r\u00e9pondre \u00e0 leurs besoins (ergonomie des bureaux, accessibilit\u00e9 des espaces\u2026). Des utilisateurs ayant \u00e9galement acc\u00e8s \u00e0 l\u2019ensemble des espaces de socialisation de Silver innov\u2019 : terrasses, espace restauration, salles de r\u00e9union\u2026<\/p>\n<p><strong>\u00ab L\u2019id\u00e9e de coworking inclusif est n\u00e9e avant le Covid \u00bb<\/strong><\/p>\n<p>\u00ab L\u2019id\u00e9e de coworking inclusif est n\u00e9e avant le Covid et a rencontr\u00e9 un r\u00e9el engouement aupr\u00e8s des acteurs institutionnels et associatifs du champs du handicap \u00bb, explique Marie Pieron, adjointe au maire d\u2019Ivry, pr\u00e9sidente de Silver innov\u2019 et \u00e9lue du territoire Grand-Orly Seine Bi\u00e8vre (*) qui soutient Silver innov\u2019 depuis sa cr\u00e9ation. Car \u00ab si un tiers des salari\u00e9s handicap\u00e9s estiment que le t\u00e9l\u00e9travail peut contribuer au maintien en emploi, le d\u00e9veloppement de cette pratique induit aussi un r\u00e9el risque d\u2019isolement \u00bb. \u00ab Aussi \u00e0 l\u2019instar des salari\u00e9s b\u00e9n\u00e9ficiant du t\u00e9l\u00e9travail \u00e0 domicile ou en tiers lieux, Silver innov\u2019 a souhait\u00e9 offrir la m\u00eame opportunit\u00e9 aux salari\u00e9s en situation de handicap du bassin de vie, en cr\u00e9ant un coworking accessible au plus grand nombre quelque soit leurs sp\u00e9cificit\u00e9s et fragilit\u00e9s et surtout en garantissant une r\u00e9elle mixit\u00e9 \u00bb, poursuit sa pr\u00e9sidente.<\/p>\n<p><strong>Le handicap est la plus grande discrimination \u00e0 l\u2019emploi<\/strong><\/p>\n<p>\u00ab La Verri\u00e8re inclusive \u00bb est \u00ab espace novateur (\u2026) signe d\u2019une prise en consid\u00e9ration du probl\u00e8me de discrimination dans l\u2019emploi des personnes en situation de handicap et d\u2019une mobilisation op\u00e9rationnelle pour y apporter une r\u00e9ponse \u00e0 l\u2019\u00e9chelle du bassin de vie \u00bb, met en avant Michel Lepr\u00eatre, le pr\u00e9sident (PCF) du territoire Grand-Orly Seine Bi\u00e8vre. Car \u00ab comme l\u2019\u00e9crit le d\u00e9fenseur des droits, la plus grande discrimination \u00e0 l\u2019emploi est le handicap \u00bb, rapporte l\u2019\u00e9lu, chiffres \u00e0 l\u2019appui. \u00ab La population disposant d\u2019une reconnaissance administrative d\u2019un handicap, repr\u00e9sente 7,5 % de l\u2019ensemble de la population active, mais seulement 4,3 % de la population en situation d\u2019emploi \u00bb, pr\u00e9cise ainsi Michel Lepr\u00eatre qui voit dans \u00ab La Verri\u00e8re inclusive \u00bb \u00ab une petite pierre, mais indispensable, dans l\u2019\u00e9difice d\u2019une r\u00e9ponse soci\u00e9tale au bien vivre et bien travailler ensemble \u00bb. Une pierre parmi d\u2019autres puisque d\u2019autres h\u00f4tels et p\u00e9pini\u00e8res d\u2019entreprises du territoires dispose \u00e9galement d\u2019espaces de coworking adapt\u00e9s aux personnes en situation de handicap : la Fabrique (\u00e0 Cachan) et la Station (\u00e0 Viry-Ch\u00e2tillon (Essonne).<\/p>\n<p><strong><a href=\"https:\/\/silver-innov.fr\/le-co-working-3\/\" target=\"_blank\" rel=\"noopener\">Plus d\u2019informations sur le site https:\/\/silver-innov.fr\/<\/a><\/strong><\/p>\n<p><strong>(*) : Le territoire Grand-Orly Seine Bi\u00e8vre rassemble 24 communes du Val-de-Marne et de l\u2019Essonne : Ablon-sur-Seine, Arcueil, Athis-Mons, Cachan, Chevilly-Larue, Choisy-le-Roi, Fresnes, Gentilly, Ivry-sur-Seine, Juvisy-sur-Orge, L\u2019Ha\u00ff-les-Roses, Le Kremlin-Bic\u00eatre, Morangis, Orly, Paray-Vieille-Poste, Rungis, Savigny-sur-Orge, Thiais, Valenton, Villejuif, Villeneuve-le-Roi, Villeneuve-Saint-Georges, Viry-Chatillon et Vitry-sur-Seine.<\/strong><\/p>\n<p>\n            [auto_promo_mpl_cutom url=\u00a0\u00bbhttps:\/\/mapresselocale.fr\/titres\/l-echo-d-ile-de-france\u00a0\u00bb]        <\/p>\n","protected":false},"excerpt":{"rendered":"Michel Lepr\u00eatre et Marie Pieron, la pr\u00e9sidente de Silver Innov&rsquo;, lors de l&rsquo;inauguration de \u00ab La Verri\u00e8re inclusive&hellip;\n","protected":false},"author":2,"featured_media":272789,"comment_status":"","ping_status":"","sticky":false,"template":"","format":"standard","meta":{"footnotes":""},"categories":[1592],"tags":[1111,11,21374,341,41214,1777,674,1011,27,9747,1943,41215,662,9060,15498,12648,226,12,626,41216,25,41218,41217,3847,41213,1125],"class_list":{"0":"post-272788","1":"post","2":"type-post","3":"status-publish","4":"format-standard","5":"has-post-thumbnail","7":"category-ile-de-france","8":"tag-actu","9":"tag-actualites","10":"tag-coworking","11":"tag-emploi","12":"tag-espace-de-coworking","13":"tag-eu","14":"tag-europe","15":"tag-fr","16":"tag-france","17":"tag-grand-orly-seine-biu00e8vre","18":"tag-handicap","19":"tag-hu00f4tel-dentreprises","20":"tag-ile-de-france","21":"tag-inclusif","22":"tag-inclusion","23":"tag-ivry-sur-seine","24":"tag-maladie","25":"tag-news","26":"tag-paris","27":"tag-pu00e9piniu00e8re","28":"tag-republique-francaise","29":"tag-silver-innov","30":"tag-silver-u00e9conomie","31":"tag-travail","32":"tag-u00ab-la-verriu00e8re-inclusive-u00bb","33":"tag-val-de-marne"},"share_on_mastodon":{"url":"https:\/\/pubeurope.com\/@fr\/114913967052351150","error":""},"_links":{"self":[{"href":"https:\/\/www.europesays.com\/fr\/wp-json\/wp\/v2\/posts\/272788","targetHints":{"allow":["GET"]}}],"collection":[{"href":"https:\/\/www.europesays.com\/fr\/wp-json\/wp\/v2\/posts"}],"about":[{"href":"https:\/\/www.europesays.com\/fr\/wp-json\/wp\/v2\/types\/post"}],"author":[{"embeddable":true,"href":"https:\/\/www.europesays.com\/fr\/wp-json\/wp\/v2\/users\/2"}],"replies":[{"embeddable":true,"href":"https:\/\/www.europesays.com\/fr\/wp-json\/wp\/v2\/comments?post=272788"}],"version-history":[{"count":0,"href":"https:\/\/www.europesays.com\/fr\/wp-json\/wp\/v2\/posts\/272788\/revisions"}],"wp:featuredmedia":[{"embeddable":true,"href":"https:\/\/www.europesays.com\/fr\/wp-json\/wp\/v2\/media\/272789"}],"wp:attachment":[{"href":"https:\/\/www.europesays.com\/fr\/wp-json\/wp\/v2\/media?parent=272788"}],"wp:term":[{"taxonomy":"category","embeddable":true,"href":"https:\/\/www.europesays.com\/fr\/wp-json\/wp\/v2\/categories?post=272788"},{"taxonomy":"post_tag","embeddable":true,"href":"https:\/\/www.europesays.com\/fr\/wp-json\/wp\/v2\/tags?post=272788"}],"curies":[{"name":"wp","href":"https:\/\/api.w.org\/{rel}","templated":true}]}}