{"id":272790,"date":"2025-07-25T12:52:14","date_gmt":"2025-07-25T12:52:14","guid":{"rendered":"https:\/\/www.europesays.com\/fr\/272790\/"},"modified":"2025-07-25T12:52:14","modified_gmt":"2025-07-25T12:52:14","slug":"la-valeur-du-jour-a-paris-lvmh-echappe-au-repli-en-bourse-malgre-un-premier-semestre-difficile-25-07-2025-a-1121","status":"publish","type":"post","link":"https:\/\/www.europesays.com\/fr\/272790\/","title":{"rendered":"La valeur du jour \u00e0 Paris &#8211; LVMH \u00e9chappe au repli en Bourse malgr\u00e9 un premier semestre difficile &#8211; 25\/07\/2025 \u00e0 11:21"},"content":{"rendered":"<p>\n (AOF) &#8211;<br \/>\n <a href=\"https:\/\/www.boursorama.com\/cours\/1rPMC\/\" rel=\"nofollow noopener\" target=\"_blank\"><br \/>\n  LVMH<br \/>\n <\/a><br \/>\n (+2,78% \u00e0 483,30 euros) figure parmi les plus fortes progressions du CAC 40 apr\u00e8s la publication de r\u00e9sultats moins d\u00e9cevants que pr\u00e9vu au premier semestre 2025. \u00a0\u00bb Les r\u00e9sultats ont \u00e9t\u00e9 meilleurs que pr\u00e9vu, avec des signes clairs de reprise de la demande int\u00e9rieure chinoise et des tendances stables aux \u00c9tats-Unis et en Europe. Cela dit, l&rsquo;environnement reste fragile et la visibilit\u00e9 sur un rebond complet est encore limit\u00e9e \u00ab\u00a0, a expliqu\u00e9 Alphavalue. L\u2019analyste abaissera cependant ses pr\u00e9visions pour le chiffre d&rsquo;affaires et la rentabilit\u00e9 de LVMH pour le troisi\u00e8me et quatri\u00e8me trimestre.\n<\/p>\n<p>\n \u00a0\u00bb Nous restons constructifs sur le positionnement de LVMH mais reconnaissons qu&rsquo;il faudra faire preuve de plus de patience avant qu&rsquo;une reprise compl\u00e8te ne se mat\u00e9rialise \u00ab\u00a0, pr\u00e9cise le bureau d&rsquo;\u00e9tudes.\n<\/p>\n<p>\n Le r\u00e9sultat op\u00e9rationnel courant de LVMH a chut\u00e9 de 15% \u00e0 9,01 milliards d&rsquo;euros, mais a d\u00e9pass\u00e9 le consensus (8,87 milliards) et fait ressortir une marge op\u00e9rationnelle de 22,6% contre 22,2% attendu. \u00a0\u00bb Cet Ebit pour le premier semestre est sup\u00e9rieur de 2% au consensus, avec une baisse de 2% pour la Mode et le Cuir et de 9% pour les Vins et Spiritueux, compens\u00e9e par une meilleure rentabilit\u00e9 des divisions Distribution s\u00e9lective, Parfums et Cosm\u00e9tiques et Montres et Joaillerie\u00a0\u00bb, a expliqu\u00e9 RBC.\n<\/p>\n<p>\n Sur ce premier semestre, LVMH a g\u00e9n\u00e9r\u00e9 un b\u00e9n\u00e9fice net de 5,69 milliards d&rsquo;euros, en retrait de 22% sur un an. De son c\u00f4t\u00e9, le chiffre d&rsquo;affaires du g\u00e9ant du luxe s&rsquo;\u00e9l\u00e8ve \u00e0 39,81 milliards d&rsquo;euros, en recul de 4%.\n<\/p>\n<p>\n <strong><br \/>\n  Les divisions Mode et Maroquinerie, Vins et Spiritueux dans le dur<br \/>\n <\/strong>\n<\/p>\n<p>\n Les ventes de sa division Mode &amp; Maroquinerie (Louis Vuitton, Christian Dior, Fendi, Loro Piana) ont recul\u00e9 de 7% en organique sur le semestre et le r\u00e9sultat op\u00e9rationnel courant a baiss\u00e9 de 18% \u00e0 8,06 milliards d&rsquo;euros. Elle avait repr\u00e9sent\u00e9 pr\u00e8s de 78% du r\u00e9sultat op\u00e9rationnel courant du groupe en 2024.\n<\/p>\n<p>\n \u00a0\u00bb Le groupe d&rsquo;activit\u00e9s Mode et Maroquinerie voit ses ventes et son r\u00e9sultat diminuer au premier semestre 2025, faisant preuve n\u00e9anmoins d&rsquo;une bonne r\u00e9sistance aupr\u00e8s des client\u00e8les locales et alors que le premier semestre 2024 b\u00e9n\u00e9ficiait de la forte croissance des achats touristiques, notamment au Japon \u00ab\u00a0, avance le g\u00e9ant du luxe.\n<\/p>\n<p>\n En outre, les ventes de sa branche Vins &amp; Spiritueux se replient aussi de 7% en organique (Hennessy, Mo\u00ebt&amp;Chandon). \u00a0\u00bb Cette tendance s&rsquo;explique largement par l&rsquo;impact sur la client\u00e8le des tensions commerciales pesant sur les march\u00e9s cl\u00e9s am\u00e9ricain et chinois \u00ab\u00a0, a assur\u00e9 LVMH.\n<\/p>\n<p>\n Cependant, le groupe pr\u00e9sid\u00e9 par Bernard Arnault se satisfait de la hausse de 29% de son cash flow disponible d&rsquo;exploitation \u00e0 4 milliards d&rsquo;euros.\n<\/p>\n<p>\n En parall\u00e8le de la publication de ses r\u00e9sultats semestriels, LVMH annonce qu&rsquo;un acompte sur dividende de 5,50 euros sera vers\u00e9 le 4 d\u00e9cembre 2025.\n<\/p>\n<p>\n \u00a0\u00bb Les perspectives de croissance du secteur du luxe et de LVMH devraient se mod\u00e9rer, apr\u00e8s le r\u00e9cent super cycle pluriannuel. Dans ce contexte, nous nous attendons \u00e0 ce que le flux de tr\u00e9sorerie disponible reste \u00e9lev\u00e9, ce qui, selon nous, a le potentiel d&rsquo;accro\u00eetre le rendement pour les actionnaires par le biais du dividende et des rachats d&rsquo;actions, ce qui n&rsquo;est pas refl\u00e9t\u00e9 dans les estimations consensuelles \u00ab\u00a0, a soulign\u00e9 RBC sur l&rsquo;avenir de LVMH.\n<\/p>\n<p>\n Dans le rouge \u00e0 l&rsquo;ouverture dans le sillage de LVMH,<br \/>\n <a href=\"https:\/\/www.boursorama.com\/cours\/1rPKER\/\" rel=\"nofollow noopener\" target=\"_blank\"><br \/>\n  Kering<br \/>\n <\/a><br \/>\n et<br \/>\n <a href=\"https:\/\/www.boursorama.com\/cours\/1rPRMS\/\" rel=\"nofollow noopener\" target=\"_blank\"><br \/>\n  Herm\u00e8s<br \/>\n <\/a><br \/>\n ont b\u00e9n\u00e9fici\u00e9 du retournement \u00e0 la hausse du num\u00e9ro un mondial du luxe. Le premier publiera ses comptes semestriels le 29 juillet et le second, le 30 juillet.<\/p>\n","protected":false},"excerpt":{"rendered":"(AOF) &#8211; LVMH (+2,78% \u00e0 483,30 euros) figure parmi les plus fortes progressions du CAC 40 apr\u00e8s la&hellip;\n","protected":false},"author":2,"featured_media":2956,"comment_status":"","ping_status":"","sticky":false,"template":"","format":"standard","meta":{"footnotes":""},"categories":[1888],"tags":[400,1111,1928,11,1927,398,408,405,1777,674,1011,27,403,402,399,404,12,1926,626,1925,25,401,406,407],"class_list":{"0":"post-272790","1":"post","2":"type-post","3":"status-publish","4":"format-standard","5":"has-post-thumbnail","7":"category-paris","8":"tag-action-cac-40","9":"tag-actu","10":"tag-actu-paris","11":"tag-actualites","12":"tag-actualites-paris","13":"tag-bourse-de-paris","14":"tag-boursorama","15":"tag-cotations","16":"tag-eu","17":"tag-europe","18":"tag-fr","19":"tag-france","20":"tag-indices-devises","21":"tag-investir","22":"tag-investissement","23":"tag-marche-boursier","24":"tag-news","25":"tag-news-paris","26":"tag-paris","27":"tag-paris-news","28":"tag-republique-francaise","29":"tag-sicav","30":"tag-trackers","31":"tag-warrants"},"share_on_mastodon":{"url":"https:\/\/pubeurope.com\/@fr\/114913970970202456","error":""},"_links":{"self":[{"href":"https:\/\/www.europesays.com\/fr\/wp-json\/wp\/v2\/posts\/272790","targetHints":{"allow":["GET"]}}],"collection":[{"href":"https:\/\/www.europesays.com\/fr\/wp-json\/wp\/v2\/posts"}],"about":[{"href":"https:\/\/www.europesays.com\/fr\/wp-json\/wp\/v2\/types\/post"}],"author":[{"embeddable":true,"href":"https:\/\/www.europesays.com\/fr\/wp-json\/wp\/v2\/users\/2"}],"replies":[{"embeddable":true,"href":"https:\/\/www.europesays.com\/fr\/wp-json\/wp\/v2\/comments?post=272790"}],"version-history":[{"count":0,"href":"https:\/\/www.europesays.com\/fr\/wp-json\/wp\/v2\/posts\/272790\/revisions"}],"wp:featuredmedia":[{"embeddable":true,"href":"https:\/\/www.europesays.com\/fr\/wp-json\/wp\/v2\/media\/2956"}],"wp:attachment":[{"href":"https:\/\/www.europesays.com\/fr\/wp-json\/wp\/v2\/media?parent=272790"}],"wp:term":[{"taxonomy":"category","embeddable":true,"href":"https:\/\/www.europesays.com\/fr\/wp-json\/wp\/v2\/categories?post=272790"},{"taxonomy":"post_tag","embeddable":true,"href":"https:\/\/www.europesays.com\/fr\/wp-json\/wp\/v2\/tags?post=272790"}],"curies":[{"name":"wp","href":"https:\/\/api.w.org\/{rel}","templated":true}]}}