{"id":272800,"date":"2025-07-25T12:58:14","date_gmt":"2025-07-25T12:58:14","guid":{"rendered":"https:\/\/www.europesays.com\/fr\/272800\/"},"modified":"2025-07-25T12:58:14","modified_gmt":"2025-07-25T12:58:14","slug":"rechute-des-commandes-de-biens-durables-en-juin","status":"publish","type":"post","link":"https:\/\/www.europesays.com\/fr\/272800\/","title":{"rendered":"rechute des commandes de biens durables en juin"},"content":{"rendered":"<p>        <img decoding=\"async\" src=\"https:\/\/www.europesays.com\/fr\/wp-content\/uploads\/2025\/07\/43-c.jpg\" alt=\"bourse Wall Street 30\"\/><\/p>\n<p>(Zonebourse.com) &#8211; Le D\u00e9partement du Commerce fait \u00e9tat d&rsquo;une rechute de 9,3% des commandes am\u00e9ricaines de biens durables en juin par rapport au mois pr\u00e9c\u00e9dent, apr\u00e8s une envol\u00e9e de 16,5% en mai (l\u00e9g\u00e8rement r\u00e9vis\u00e9e de +16,4% en estimation initiale).<\/p>\n<p>En excluant les transports, secteur particuli\u00e8rement volatil et qui a connu un plongeon de 22,4%, les commandes de biens durables ont cependant augment\u00e9 de 0,2% le mois dernier, et en dehors de la d\u00e9fense, elles se sont contract\u00e9es de 9,4%.<\/p>\n<p>Copyright \u00a9 2025 Zonebourse.com &#8211; All rights reserved.<\/p>\n<p>Vous avez aim\u00e9 cet article ? Partagez-le avec vos amis avec les boutons ci-dessous.<\/p>\n<p>        <a target=\"_blank\" title=\"Twitter\" href=\"https:\/\/twitter.com\/share?url=https:\/\/www.abcbourse.com\/marches\/usa-rechute-des-commandes-de-biens-durables-en-juin_670628&amp;text=USA: rechute des commandes de biens durables en juin&amp;via=abcbourse\" rel=\"nofollow noopener\">&#13;<br \/>\n            <img decoding=\"async\" src=\"https:\/\/www.europesays.com\/fr\/wp-content\/uploads\/2025\/04\/share_twitter.png\" class=\"mr10\" alt=\"Twitter\"\/>&#13;<br \/>\n        <\/a><br \/>\n        <a target=\"_blank\" title=\"Facebook\" href=\"https:\/\/www.facebook.com\/sharer.php?u=https:\/\/www.abcbourse.com\/marches\/usa-rechute-des-commandes-de-biens-durables-en-juin_670628&amp;t=USA: rechute des commandes de biens durables en juin\" rel=\"nofollow noopener\">&#13;<br \/>\n            <img decoding=\"async\" src=\"https:\/\/www.europesays.com\/fr\/wp-content\/uploads\/2025\/04\/share_fb.png\" alt=\"Facebook\" class=\"mr10\"\/>&#13;<br \/>\n        <\/a><br \/>\n        <a target=\"_blank\" title=\"Linkedin\" href=\"https:\/\/www.linkedin.com\/shareArticle?mini=true&amp;url=https:\/\/www.abcbourse.com\/marches\/usa-rechute-des-commandes-de-biens-durables-en-juin_670628&amp;title=USA: rechute des commandes de biens durables en juin\" rel=\"nofollow noopener\">&#13;<br \/>\n            <img decoding=\"async\" src=\"https:\/\/www.europesays.com\/fr\/wp-content\/uploads\/2025\/04\/share_linkedin.png\" alt=\"Linkedin\" class=\"mr10\"\/>&#13;<br \/>\n        <\/a><br \/>\n        <a target=\"_blank\" title=\"Envoyer par mail\" href=\"mailto:?subject=USA: rechute des commandes de biens durables en juin&amp;body=https:\/\/www.abcbourse.com\/marches\/usa-rechute-des-commandes-de-biens-durables-en-juin_670628\" rel=\"nofollow\">&#13;<br \/>\n            <img decoding=\"async\" src=\"https:\/\/www.europesays.com\/fr\/wp-content\/uploads\/2025\/04\/share_email.png\" alt=\"email\"\/>&#13;<br \/>\n        <\/a><br \/>\n    <script async src=\"https:\/\/platform.twitter.com\/widgets.js\" charset=\"utf-8\"><\/script><\/p>\n","protected":false},"excerpt":{"rendered":"(Zonebourse.com) &#8211; Le D\u00e9partement du Commerce fait \u00e9tat d&rsquo;une rechute de 9,3% des commandes am\u00e9ricaines de biens durables&hellip;\n","protected":false},"author":2,"featured_media":272801,"comment_status":"","ping_status":"","sticky":false,"template":"","format":"standard","meta":{"footnotes":""},"categories":[1589],"tags":[11,73,1866,12,1864,1865,1863,308],"class_list":{"0":"post-272800","1":"post","2":"type-post","3":"status-publish","4":"format-standard","5":"has-post-thumbnail","7":"category-etats-unis","8":"tag-actualites","9":"tag-etats-unis","10":"tag-etats-unis-damerique","11":"tag-news","12":"tag-united-states","13":"tag-united-states-of-america","14":"tag-us","15":"tag-usa"},"share_on_mastodon":{"url":"https:\/\/pubeurope.com\/@fr\/114913995190773920","error":""},"_links":{"self":[{"href":"https:\/\/www.europesays.com\/fr\/wp-json\/wp\/v2\/posts\/272800","targetHints":{"allow":["GET"]}}],"collection":[{"href":"https:\/\/www.europesays.com\/fr\/wp-json\/wp\/v2\/posts"}],"about":[{"href":"https:\/\/www.europesays.com\/fr\/wp-json\/wp\/v2\/types\/post"}],"author":[{"embeddable":true,"href":"https:\/\/www.europesays.com\/fr\/wp-json\/wp\/v2\/users\/2"}],"replies":[{"embeddable":true,"href":"https:\/\/www.europesays.com\/fr\/wp-json\/wp\/v2\/comments?post=272800"}],"version-history":[{"count":0,"href":"https:\/\/www.europesays.com\/fr\/wp-json\/wp\/v2\/posts\/272800\/revisions"}],"wp:featuredmedia":[{"embeddable":true,"href":"https:\/\/www.europesays.com\/fr\/wp-json\/wp\/v2\/media\/272801"}],"wp:attachment":[{"href":"https:\/\/www.europesays.com\/fr\/wp-json\/wp\/v2\/media?parent=272800"}],"wp:term":[{"taxonomy":"category","embeddable":true,"href":"https:\/\/www.europesays.com\/fr\/wp-json\/wp\/v2\/categories?post=272800"},{"taxonomy":"post_tag","embeddable":true,"href":"https:\/\/www.europesays.com\/fr\/wp-json\/wp\/v2\/tags?post=272800"}],"curies":[{"name":"wp","href":"https:\/\/api.w.org\/{rel}","templated":true}]}}