{"id":272806,"date":"2025-07-25T13:01:14","date_gmt":"2025-07-25T13:01:14","guid":{"rendered":"https:\/\/www.europesays.com\/fr\/272806\/"},"modified":"2025-07-25T13:01:14","modified_gmt":"2025-07-25T13:01:14","slug":"lannonce-de-la-reconnaissance-de-la-palestine-par-emmanuel-macron-revele-les-fractures-de-leurope","status":"publish","type":"post","link":"https:\/\/www.europesays.com\/fr\/272806\/","title":{"rendered":"L\u2019annonce de la reconnaissance de la Palestine par Emmanuel Macron r\u00e9v\u00e8le les fractures de l\u2019Europe"},"content":{"rendered":"<p>        <img decoding=\"async\" loading=\"lazy\" src=\"https:\/\/www.europesays.com\/fr\/wp-content\/uploads\/2025\/07\/0b40f94_upload-1-32863wvtawbh-afp-20250624-63mj29p-v2-highres-netherlandsnatosummitdefencediplomacy..jpeg\"  width=\"728\" height=\"409\" alt=\"Le pr\u00e9sident fran\u00e7ais Emmanuel Macron, le chancelier allemand Friedrich Merz et le Premier ministre britannique Keir Starmer lors du sommet de l\u2019OTAN, le 24\u00a0juin 2025.\"\/>  <\/p>\n<p>LUDOVIC MARIN \/ AFP<\/p>\n<p>Le pr\u00e9sident fran\u00e7ais Emmanuel Macron, le chancelier allemand Friedrich Merz et le Premier ministre britannique Keir Starmer lors du sommet de l\u2019OTAN, le 24\u00a0juin 2025.<\/p>\n<p class=\"asset asset-text\">INTERNATIONAL &#8211; Comment parler d\u2019une m\u00eame voix sur la sc\u00e8ne internationale lorsque l\u2019on est en profond d\u00e9saccord sur les choix les plus concrets\u00a0? Bienvenue dans <a href=\"https:\/\/www.huffingtonpost.fr\/international\/article\/guerre-en-ukraine-l-union-europeenne-prevoit-contre-la-russie-de-nouvelles-sanctions-sans-precedent_252742.html\" target=\"_blank\" rel=\"noopener\">l\u2019Union europ\u00e9enne<\/a>, o\u00f9 la d\u00e9cision d\u2019Emmanuel Macron de <a href=\"https:\/\/www.huffingtonpost.fr\/international\/article\/emmanuel-macron-annonce-la-reconnaissance-de-l-etat-de-palestine-par-la-france-en-septembre_252960.html\" target=\"_blank\" rel=\"noopener\">reconna\u00eetre un \u00c9tat palestinien<\/a> en septembre prochain vient de nouveau r\u00e9v\u00e9ler les nettes fractures sur ce sujet. Mais aussi plus largement sur la fa\u00e7on dont mettre la pression sur le gouvernement isra\u00e9lien face au <a href=\"https:\/\/www.huffingtonpost.fr\/international\/article\/gaza-ce-temoignage-d-un-directeur-d-hopital-revele-l-ampleur-terrifiante-de-la-famine-dans-le-territoire_252897.html\" target=\"_blank\" rel=\"noopener\">drame humanitaire \u00e0 Gaza<\/a>.<\/p>\n<p class=\"asset asset-text\">Sur les 148\u00a0\u00c9tats membres de l\u2019ONU reconnaissant officiellement la Palestine, l\u2019Europe est loin d\u2019\u00eatre pr\u00e9sente en nombre. En 2024, l\u2019Espagne, l\u2019Irlande et la Norv\u00e8ge avaient relanc\u00e9 la dynamique en passant le cap de la reconnaissance. Le Premier ministre espagnol Pedro Sanchez, principale voix critique du gouvernement isra\u00e9lien en Europe, a ainsi \u00ab\u00a0salu\u00e9\u00a0\u00bb d\u00e8s jeudi soir la d\u00e9cision de la France. \u00ab\u00a0Ensemble, nous devons prot\u00e9ger ce que Netanyahu tente de d\u00e9truire. La solution \u00e0 deux \u00c9tats est la seule solution\u00a0\u00bb, a-t-il \u00e9crit sur <a href=\"https:\/\/x.com\/sanchezcastejon\/status\/1948479910340952378\" target=\"_blank\" rel=\"noopener\" title=\"Nouvelle fen\u00eatre\">son compte X<\/a>.<\/p>\n<p class=\"asset asset-text\">L\u2019Irlande, soutien historique de la cause palestinienne, a \u00e9galement r\u00e9agi \u00e0 la d\u00e9cision du pr\u00e9sident fran\u00e7ais par l\u2019interm\u00e9diaire de son ministre des Affaires \u00e9trang\u00e8res, Simon Harris, qui l\u2019a qualifi\u00e9e de \u00ab\u00a0seule base durable pour la paix et la s\u00e9curit\u00e9 tant pour les Isra\u00e9liens que pour les Palestiniens\u00a0\u00bb.<\/p>\n<p class=\"asset asset-text\">D\u2019autres pays en Europe reconnaissent la Palestine depuis 1988\u00a0et la d\u00e9claration d\u2019ind\u00e9pendance de l\u2019\u00c9tat palestinien par Yasser Arafat, notamment la Hongrie, la Bulgarie, la Pologne, la Roumanie, la R\u00e9publique tch\u00e8que et la Slovaquie. Autant d\u2019\u00c9tats de l\u2019ex-bloc sovi\u00e9tique qui avaient pris cette d\u00e9cision sous pression de l\u2019URSS, et qui pour certains ont depuis montr\u00e9 une certaine r\u00e9ticence \u00e0 ce sujet. Le meilleur exemple est le Premier ministre hongrois Viktor Orb\u00e1n. Ce dernier est l\u2019un des plus proches alli\u00e9s de Benyamin Netanyahu en Europe, et bloque fr\u00e9quemment les r\u00e9solutions \u00e0 l\u2019ONU dans l\u2019Union europ\u00e9enne pour sanctionner Isra\u00ebl ou favoriser une reconnaissance plus large d\u2019un \u00c9tat palestinien.<\/p>\n<p>                     Une r\u00e9union d\u2019urgence entre Paris, Berlin et Londres    <\/p>\n<p class=\"asset asset-text\">Un autre pays europ\u00e9en fait office de contrepoids tr\u00e8s fort \u00e0 la reconnaissance de la Palestine\u00a0: l\u2019Allemagne, l\u2019un des plus fervents soutiens d\u2019Isra\u00ebl dans le monde. Le gouvernement allemand a ainsi rappel\u00e9 ce vendredi 25\u00a0juillet qu\u2019il \u00ab\u00a0n\u2019envisage pas de reconna\u00eetre un \u00c9tat palestinien \u00e0 court terme\u00a0\u00bb. Berlin \u00ab\u00a0continue de consid\u00e9rer la reconnaissance d\u2019un \u00c9tat palestinien comme l\u2019une des derni\u00e8res \u00e9tapes vers la solution \u00e0 deux \u00c9tats\u00a0\u00bb, a pr\u00e9cis\u00e9 dans un communiqu\u00e9 le porte-parole du gouvernement allemand, Stefan Kornelius, rappelant par la m\u00eame occasion que la s\u00e9curit\u00e9 d\u2019Isra\u00ebl \u00ab\u00a0rev\u00eat une importance primordiale\u00a0\u00bb pour l\u2019Allemagne.<\/p>\n<p class=\"asset asset-text\">Parmi les autres grandes puissances europ\u00e9ennes, le Royaume-Uni entretient de son c\u00f4t\u00e9 davantage le flou. Londres s\u2019\u00e9tait joint \u00e0 Paris et Ottawa en mai dernier au projet de reconnaissance de la Palestine, avant de finalement r\u00e9trop\u00e9daler, notamment en raison du d\u00e9clenchement de la guerre entre l\u2019Iran et Isra\u00ebl.<\/p>\n<p class=\"asset asset-text\">La d\u00e9cision d\u2019Emmanuel Macron devrait remettre le sujet en plein c\u0153ur des d\u00e9bats outre-Manche, alors que le Premier ministre Keir Starmer est sous la pression de son propre camp pour joindre les actes \u00e0 la parole. Le Premier ministre britannique semble pour l\u2019instant temporiser, ayant d\u00e9j\u00e0 d\u00e9clar\u00e9 par le pass\u00e9 que le Royaume-Uni devrait r\u00e9server cette reconnaissance pour quand elle aurait le \u00ab\u00a0plus grand impact\u00a0\u00bb &#8211; sans pr\u00e9ciser quand cela serait le cas.<\/p>\n<p class=\"asset asset-text\">Hasard du calendrier, Keir Starmer, Emmanuel Macron et Friedrich Merz doivent tenir ce vendredi un \u00ab\u00a0entretien d\u2019urgence\u00a0\u00bb sur Gaza, pr\u00e9vu avant l\u2019annonce de la France, pour voir comment \u00ab\u00a0arr\u00eater les massacres et fournir \u00e0 la population la nourriture dont elle a d\u00e9sesp\u00e9r\u00e9ment besoin\u00a0\u00bb. Il para\u00eet bien difficile d\u2019imaginer que la question de l\u2019\u00c9tat palestinien ne soit pas \u00e9voqu\u00e9e, mais plus ardu encore, de concevoir qu\u2019un quelconque consensus puisse s\u2019en d\u00e9gager.<\/p>\n","protected":false},"excerpt":{"rendered":"LUDOVIC MARIN \/ AFP Le pr\u00e9sident fran\u00e7ais Emmanuel Macron, le chancelier allemand Friedrich Merz et le Premier ministre&hellip;\n","protected":false},"author":2,"featured_media":272807,"comment_status":"","ping_status":"","sticky":false,"template":"","format":"standard","meta":{"footnotes":""},"categories":[1586],"tags":[11,3259,1777,674,1011,27,14,664,12,3518,25,364],"class_list":{"0":"post-272806","1":"post","2":"type-post","3":"status-publish","4":"format-standard","5":"has-post-thumbnail","7":"category-europe","8":"tag-actualites","9":"tag-conflit-israelo-palestinien","10":"tag-eu","11":"tag-europe","12":"tag-fr","13":"tag-france","14":"tag-international","15":"tag-israel","16":"tag-news","17":"tag-palestine","18":"tag-republique-francaise","19":"tag-union-europeenne"},"share_on_mastodon":{"url":"https:\/\/pubeurope.com\/@fr\/114914006515571913","error":""},"_links":{"self":[{"href":"https:\/\/www.europesays.com\/fr\/wp-json\/wp\/v2\/posts\/272806","targetHints":{"allow":["GET"]}}],"collection":[{"href":"https:\/\/www.europesays.com\/fr\/wp-json\/wp\/v2\/posts"}],"about":[{"href":"https:\/\/www.europesays.com\/fr\/wp-json\/wp\/v2\/types\/post"}],"author":[{"embeddable":true,"href":"https:\/\/www.europesays.com\/fr\/wp-json\/wp\/v2\/users\/2"}],"replies":[{"embeddable":true,"href":"https:\/\/www.europesays.com\/fr\/wp-json\/wp\/v2\/comments?post=272806"}],"version-history":[{"count":0,"href":"https:\/\/www.europesays.com\/fr\/wp-json\/wp\/v2\/posts\/272806\/revisions"}],"wp:featuredmedia":[{"embeddable":true,"href":"https:\/\/www.europesays.com\/fr\/wp-json\/wp\/v2\/media\/272807"}],"wp:attachment":[{"href":"https:\/\/www.europesays.com\/fr\/wp-json\/wp\/v2\/media?parent=272806"}],"wp:term":[{"taxonomy":"category","embeddable":true,"href":"https:\/\/www.europesays.com\/fr\/wp-json\/wp\/v2\/categories?post=272806"},{"taxonomy":"post_tag","embeddable":true,"href":"https:\/\/www.europesays.com\/fr\/wp-json\/wp\/v2\/tags?post=272806"}],"curies":[{"name":"wp","href":"https:\/\/api.w.org\/{rel}","templated":true}]}}