{"id":272820,"date":"2025-07-25T13:09:10","date_gmt":"2025-07-25T13:09:10","guid":{"rendered":"https:\/\/www.europesays.com\/fr\/272820\/"},"modified":"2025-07-25T13:09:10","modified_gmt":"2025-07-25T13:09:10","slug":"atp-washington-le-gros-aveu-de-medvedev-sans-titre-depuis-deux-ans-jai-eu-mal-tous-les-jours-pendant-un-an","status":"publish","type":"post","link":"https:\/\/www.europesays.com\/fr\/272820\/","title":{"rendered":"ATP &#8211; Washington > Le gros aveu de Medvedev, sans titre depuis deux ans : \u00ab\u00a0J&rsquo;ai eu mal tous les jours pendant un an\u00a0\u00bb"},"content":{"rendered":"<p>Qualifi\u00e9 en quarts de finale de l\u2019ATP 500 de Washington, o\u00f9 il va tenter de mettre fin \u00e0 une disette de plus de deux ans sur le circuit (depuis son titre \u00e0 Rome en mai 2023), Daniil Medvedev a r\u00e9v\u00e9l\u00e9 avoir jou\u00e9 avec des douleurs \u00e0 l\u2019\u00e9paule pendant de tr\u00e8s longs\u00a0mois.\u00a0<\/p>\n<blockquote class=\"twitter-tweet\">\n<p lang=\"en\" dir=\"ltr\">Daniil Medvedev clari\u00adfied the time\u00adline of his shoulder issues that he had for a full year in his mixed zone inter\u00adview (uploaded in app) after the win over Yibing Wu in <a href=\"https:\/\/twitter.com\/mubadalacitidc?ref_src=twsrc%5Etfw\" data-wpel-link=\"external\" target=\"_blank\" rel=\"nofollow external noopener\">@mubadalacitidc<\/a> <\/p>\n<p>Says the pain affected his serve, fore\u00adhand, and general feeling on court.<\/p>\n<p>Q\u2019s from <a href=\"https:\/\/twitter.com\/vanshv2k?ref_src=twsrc%5Etfw\" data-wpel-link=\"external\" target=\"_blank\" rel=\"nofollow external noopener\">@vanshv2k<\/a> <a href=\"https:\/\/t.co\/Yqm41LR9Xk\" data-wpel-link=\"external\" target=\"_blank\" rel=\"nofollow external noopener\">pic.twitter.com\/Yqm41LR9Xk<\/a><\/p>\n<p>\u2014 TennisONE App (@TennisONEApp) <a href=\"https:\/\/twitter.com\/TennisONEApp\/status\/1948473965070221649?ref_src=twsrc%5Etfw\" data-wpel-link=\"external\" target=\"_blank\" rel=\"nofollow external noopener\">July 24,\u00a02025<\/a><\/p><\/blockquote>\n<p><strong>\u00ab\u202fPour \u00eatre honn\u00eate, j\u2019ai pass\u00e9 toute une saison, ou plut\u00f4t 365 jours, avec beau\u00adcoup de douleur \u00e0 l\u2019\u00e9paule. \u00c7a va beau\u00adcoup mieux depuis quelque temps. Si je me souviens bien, cela a dur\u00e9 de mi\u20102023 \u00e0 mi\u20102024. C\u2019\u00e9tait doulou\u00adreux presque tout le temps. Parfois plus, parfois moins. Ce n\u2019est pas facile parce que lors de nombreux entra\u00ee\u00adne\u00adments, on veut travailler le service, mais je ne le faisais pas parce que j\u2019avais peur d\u2019en\u00adflammer davan\u00adtage mon \u00e9paule. Quand j\u2019avais mal, cela me g\u00eanait aussi c\u00f4t\u00e9 coup droit. De plus, c\u2019\u00e9tait comme si je manquais d\u2019\u00e9nergie en g\u00e9n\u00e9ral. Quand on a mal, ce n\u2019est jamais facile de jouer. Au final, on essaie de surmonter la douleur. J\u2019ai r\u00e9ussi \u00e0 jouer la finale de l\u2019US Open 2023, mais j\u2019avais mal \u00e0 l\u2019\u00e9paule tous les jours. Ce n\u2019est donc pas la fin du monde, mais c\u2019est s\u00fbr que c\u2019est mieux de vivre sans douleur, et pour l\u2019ins\u00adtant, je n\u2019ai aucune douleur. C\u2019est donc une bonne\u00a0chose.\u202f\u00bb<\/strong><\/p>\n<p class=\"post-published-date\" style=\"color: silver; font-size: 75%; text-align: left;\">Publi\u00e9 le vendredi 25 juillet 2025 \u00e0 13:42<\/p>\n<p><script async src=\"https:\/\/platform.twitter.com\/widgets.js\" charset=\"utf-8\"><\/script><\/p>\n","protected":false},"excerpt":{"rendered":"Qualifi\u00e9 en quarts de finale de l\u2019ATP 500 de Washington, o\u00f9 il va tenter de mettre fin \u00e0&hellip;\n","protected":false},"author":2,"featured_media":270496,"comment_status":"","ping_status":"","sticky":false,"template":"","format":"standard","meta":{"footnotes":""},"categories":[1415],"tags":[3252,1011,27,60,1467],"class_list":{"0":"post-272820","1":"post","2":"type-post","3":"status-publish","4":"format-standard","5":"has-post-thumbnail","7":"category-tennis","8":"tag-daniil-medvedev","9":"tag-fr","10":"tag-france","11":"tag-sports","12":"tag-tennis"},"share_on_mastodon":{"url":"https:\/\/pubeurope.com\/@fr\/114914037795635967","error":""},"_links":{"self":[{"href":"https:\/\/www.europesays.com\/fr\/wp-json\/wp\/v2\/posts\/272820","targetHints":{"allow":["GET"]}}],"collection":[{"href":"https:\/\/www.europesays.com\/fr\/wp-json\/wp\/v2\/posts"}],"about":[{"href":"https:\/\/www.europesays.com\/fr\/wp-json\/wp\/v2\/types\/post"}],"author":[{"embeddable":true,"href":"https:\/\/www.europesays.com\/fr\/wp-json\/wp\/v2\/users\/2"}],"replies":[{"embeddable":true,"href":"https:\/\/www.europesays.com\/fr\/wp-json\/wp\/v2\/comments?post=272820"}],"version-history":[{"count":0,"href":"https:\/\/www.europesays.com\/fr\/wp-json\/wp\/v2\/posts\/272820\/revisions"}],"wp:featuredmedia":[{"embeddable":true,"href":"https:\/\/www.europesays.com\/fr\/wp-json\/wp\/v2\/media\/270496"}],"wp:attachment":[{"href":"https:\/\/www.europesays.com\/fr\/wp-json\/wp\/v2\/media?parent=272820"}],"wp:term":[{"taxonomy":"category","embeddable":true,"href":"https:\/\/www.europesays.com\/fr\/wp-json\/wp\/v2\/categories?post=272820"},{"taxonomy":"post_tag","embeddable":true,"href":"https:\/\/www.europesays.com\/fr\/wp-json\/wp\/v2\/tags?post=272820"}],"curies":[{"name":"wp","href":"https:\/\/api.w.org\/{rel}","templated":true}]}}