{"id":272821,"date":"2025-07-25T13:11:12","date_gmt":"2025-07-25T13:11:12","guid":{"rendered":"https:\/\/www.europesays.com\/fr\/272821\/"},"modified":"2025-07-25T13:11:12","modified_gmt":"2025-07-25T13:11:12","slug":"chantra-toujours-indisponible-lecuona-le-remplacera-apres-la-pause","status":"publish","type":"post","link":"https:\/\/www.europesays.com\/fr\/272821\/","title":{"rendered":"Chantra toujours indisponible, Lecuona le remplacera apr\u00e8s la pause"},"content":{"rendered":"<p>Comme <a href=\"https:\/\/fr.motorsport.com\/motogp\/news\/chantra-retour-pas-garanti-autriche\/10741852\/\" target=\"_blank\" rel=\"noopener\">le redoutait l&rsquo;\u00e9quipe LCR<\/a> depuis plusieurs jours, <a href=\"https:\/\/fr.motorsport.com\/driver\/somkiat-chantra\/823104\/\" target=\"_blank\" rel=\"noopener\">Somkiat Chantra<\/a> ne sera pas apte \u00e0 faire son retour d\u00e8s la reprise apr\u00e8s la pause estivale. Apr\u00e8s une chute en s&rsquo;entra\u00eenant en tout-terrain, le Tha\u00eflandais s&rsquo;est bless\u00e9 au niveau du ligament collat\u00e9ral fibulaire du genou droit, une blessure complexe qui a n\u00e9cessit\u00e9 une op\u00e9ration le 8 juillet dernier. Le Tha\u00eflandais a d\u00e9j\u00e0 manqu\u00e9 les courses au Sachsenring, o\u00f9 il n&rsquo;\u00e9tait pas remplac\u00e9, puis \u00e0 Brno, o\u00f9 <a href=\"https:\/\/fr.motorsport.com\/driver\/takaaki-nakagami\/109418\/\" target=\"_blank\" rel=\"noopener\">Takaaki Nakagami<\/a> \u00e9tait align\u00e9 chez LCR&#8230; et s&rsquo;est <a href=\"https:\/\/fr.motorsport.com\/motogp\/news\/nakagami-blesse-genou-accident-fernandez\/10743458\/\" target=\"_blank\" rel=\"noopener\">bless\u00e9 au genou \u00e0 son tour<\/a>.<\/p>\n<p>Honda a ainsi commenc\u00e9 \u00e0 manquer d&rsquo;options parmi ses pilotes d&rsquo;essais puisqu&rsquo;<a href=\"https:\/\/fr.motorsport.com\/driver\/aleix-espargaro\/90382\/\" target=\"_blank\" rel=\"noopener\">Aleix Espargar\u00f3<\/a> s&rsquo;est \u00e9galement bless\u00e9, avec une rupture de ligament au niveau d&rsquo;un pouce alors qu&rsquo;il participait au Tour d&rsquo;Autriche cycliste, pour ses d\u00e9buts en tant que professionnel dans la discipline, et ne sera pas apte malgr\u00e9 une tr\u00eave estivale longue de quatre semaines. <a href=\"https:\/\/fr.motorsport.com\/driver\/stefan-bradl\/88379\/\" target=\"_blank\" rel=\"noopener\">Stefan Bradl<\/a>, qui est rest\u00e9 dans l&rsquo;\u00e9quipe d&rsquo;essais cette ann\u00e9e, a quant a lui exprim\u00e9 son d\u00e9sir de ne plus prendre part \u00e0 des courses.<\/p>\n<p>Selon les informations de <strong>Motorsport.com<\/strong>, Honda a donc regard\u00e9 du c\u00f4t\u00e9 du WorldSBK et va aligner <a href=\"https:\/\/fr.motorsport.com\/driver\/iker-lecuona\/442192\/\" target=\"_blank\" rel=\"noopener\">Iker Lecuona<\/a> lors des deux prochaines courses, au Red Bull Ring puis sur le Balaton Park, nouvelle \u00e9preuve du calendrier MotoGP, une semaine plus tard.<\/p>\n<p>Align\u00e9 chez Tech3 en 2020 et 2021, l&rsquo;Espagnol a d\u00e9j\u00e0 pris six d\u00e9parts avec Honda en 2023, deux dans l&rsquo;\u00e9quipe officielle puis quatre chez LCR, pour remplacer <a href=\"https:\/\/fr.motorsport.com\/driver\/marc-marquez\/92646\/\" target=\"_blank\" rel=\"noopener\">Marc M\u00e1rquez<\/a> puis <a href=\"https:\/\/fr.motorsport.com\/driver\/alex-rins\/109402\/\" target=\"_blank\" rel=\"noopener\">\u00c1lex Rins<\/a>, tour \u00e0 tour bless\u00e9s. Lecuona retrouvera ainsi l&rsquo;\u00e9quipe de Lucio Cecchinello et pourra s&rsquo;appuyer sur son exp\u00e9rience du Balaton Park, puisqu&rsquo;il a d\u00e9j\u00e0 roul\u00e9 sur le circuit et participe \u00e0 la manche du WorldSBK en Hongrie ce week-end.<\/p>\n<p>Dans le m\u00eame temps, LCR et Honda cherchent \u00e0 repenser l&rsquo;engagement de cette deuxi\u00e8me moto en vue de la saison 2026. Elle est aujourd&rsquo;hui financ\u00e9e par le p\u00e9trolier Idemitsu, qui impose la pr\u00e9sence d&rsquo;un pilote venu d&rsquo;un march\u00e9 o\u00f9 il est pr\u00e9sent, mais les performances de Chantra ne sont pas au niveau et Honda pourrait changer d&rsquo;approche.<\/p>\n<p><a href=\"https:\/\/fr.motorsport.com\/driver\/johann-zarco\/96107\/\" target=\"_blank\" rel=\"noopener\">Johann Zarco<\/a>, qui a de tr\u00e8s fortes chances de prolonger l&rsquo;aventure, pourrait donc avoir un nouveau co\u00e9quipier la saison prochaine, tandis que <a href=\"https:\/\/fr.motorsport.com\/driver\/joan-mir\/289392\/\" target=\"_blank\" rel=\"noopener\">Joan Mir<\/a> est sous contrat avec l&rsquo;\u00e9quipe officielle et que selon nos informations, <a href=\"https:\/\/fr.motorsport.com\/driver\/luca-marini\/201098\/\" target=\"_blank\" rel=\"noopener\">Luca Marini<\/a> a d\u00e9j\u00e0 sign\u00e9 un nouvel accord.<\/p>\n<p>Lire aussi :<\/p>\n<p>Dans cet article<\/p>\n<p>Soyez le premier inform\u00e9 et souscrivez aux alertes mails pour recevoir les infos en temps r\u00e9el<\/p>\n<p>    S&rsquo;abonner aux alertes de news<\/p>\n","protected":false},"excerpt":{"rendered":"Comme le redoutait l&rsquo;\u00e9quipe LCR depuis plusieurs jours, Somkiat Chantra ne sera pas apte \u00e0 faire son retour&hellip;\n","protected":false},"author":2,"featured_media":272822,"comment_status":"","ping_status":"","sticky":false,"template":"","format":"standard","meta":{"footnotes":""},"categories":[1413],"tags":[1011,27,34489,34488,1457,1456,1458,34490,16689,60,3771],"class_list":{"0":"post-272821","1":"post","2":"type-post","3":"status-publish","4":"format-standard","5":"has-post-thumbnail","7":"category-moto","8":"tag-fr","9":"tag-france","10":"tag-gp-dautriche","11":"tag-iker-lecuona","12":"tag-moto","13":"tag-motocycle","14":"tag-motogp","15":"tag-red-bull-ring","16":"tag-somkiat-chantra","17":"tag-sports","18":"tag-team-lcr"},"share_on_mastodon":{"url":"https:\/\/pubeurope.com\/@fr\/114914045642068104","error":""},"_links":{"self":[{"href":"https:\/\/www.europesays.com\/fr\/wp-json\/wp\/v2\/posts\/272821","targetHints":{"allow":["GET"]}}],"collection":[{"href":"https:\/\/www.europesays.com\/fr\/wp-json\/wp\/v2\/posts"}],"about":[{"href":"https:\/\/www.europesays.com\/fr\/wp-json\/wp\/v2\/types\/post"}],"author":[{"embeddable":true,"href":"https:\/\/www.europesays.com\/fr\/wp-json\/wp\/v2\/users\/2"}],"replies":[{"embeddable":true,"href":"https:\/\/www.europesays.com\/fr\/wp-json\/wp\/v2\/comments?post=272821"}],"version-history":[{"count":0,"href":"https:\/\/www.europesays.com\/fr\/wp-json\/wp\/v2\/posts\/272821\/revisions"}],"wp:featuredmedia":[{"embeddable":true,"href":"https:\/\/www.europesays.com\/fr\/wp-json\/wp\/v2\/media\/272822"}],"wp:attachment":[{"href":"https:\/\/www.europesays.com\/fr\/wp-json\/wp\/v2\/media?parent=272821"}],"wp:term":[{"taxonomy":"category","embeddable":true,"href":"https:\/\/www.europesays.com\/fr\/wp-json\/wp\/v2\/categories?post=272821"},{"taxonomy":"post_tag","embeddable":true,"href":"https:\/\/www.europesays.com\/fr\/wp-json\/wp\/v2\/tags?post=272821"}],"curies":[{"name":"wp","href":"https:\/\/api.w.org\/{rel}","templated":true}]}}