{"id":272827,"date":"2025-07-25T13:14:12","date_gmt":"2025-07-25T13:14:12","guid":{"rendered":"https:\/\/www.europesays.com\/fr\/272827\/"},"modified":"2025-07-25T13:14:12","modified_gmt":"2025-07-25T13:14:12","slug":"le-retour-a-lentrainement-decale-de-deux-jours","status":"publish","type":"post","link":"https:\/\/www.europesays.com\/fr\/272827\/","title":{"rendered":"Le retour \u00e0 l&rsquo;entra\u00eenement d\u00e9cal\u00e9 de deux jours"},"content":{"rendered":"<p><img width=\"780\" height=\"470\" src=\"https:\/\/www.europesays.com\/fr\/wp-content\/uploads\/2025\/07\/Centre-dentrainement-Poissy-1-780x470.jpg\" class=\"attachment-jannah-image-post size-jannah-image-post wp-post-image\" alt=\"Campus PSG\" is_main_img=\"1\" decoding=\"async\" fetchpriority=\"high\"\/><\/p>\n<p>Apr\u00e8s une historique et longue saison, les joueur du<br \/>\n<strong>PSG<\/strong> profitent de leurs vacances et auront le droit<br \/>\n\u00e0 du rab. En effet, pr\u00e9vu le 4 ao\u00fbt prochain, la date de la reprise<br \/>\nde l\u2019entra\u00eenement a \u00e9t\u00e9 d\u00e9cal\u00e9e.<\/p>\n<p>Depuis le 13 juillet dernier les joueurs du <strong><a href=\"https:\/\/canal-supporters.com\/\" target=\"_blank\" rel=\"noopener\">Paris Saint-Germain<\/a><\/strong><br \/>\nsont en vacances apr\u00e8s une saison qui aura \u00e9t\u00e9 on ne peut plus<br \/>\nlongue. C\u2019est dans la foul\u00e9e de la finale de la <strong>Coupe du<br \/>\nMonde des Clubs<\/strong> que les hommes de <strong>Luis<br \/>\nEnrique<\/strong> ont \u00e9t\u00e9 lib\u00e9r\u00e9s. Cependant, certains d\u2019entre eux<br \/>\nn\u2019ont pas eu la chance de rejoindre leur famille et lieux de<br \/>\nvacances en raison d\u2019une m\u00e9t\u00e9o capricieuse aux Etats-Unis, ce qui a<br \/>\nretard\u00e9 leur d\u00e9part de 48h. Ainsi, selon les informations de<br \/>\n<a href=\"https:\/\/www.lequipe.fr\/Football\/Actualites\/La-reprise-du-psg-fixee-au-6-aout-sept-jours-avant-la-finale-de-la-supercoupe-d-europe-face-a-tottenham\/1580603\" target=\"_blank\" rel=\"noopener\"><br \/>\nL\u2019Equipe<\/a>, la reprise de l\u2019entra\u00eenement au <strong>Campus<br \/>\nPSG<\/strong>, pr\u00e9vue pour le 4 ao\u00fbt prochain, est d\u00e9cal\u00e9e au 6<br \/>\nao\u00fbt. <strong>Ousmane Demb\u00e9l\u00e9<\/strong> et ses co\u00e9quipiers n\u2019auront<br \/>\ndonc que quelques jours pour pr\u00e9parer la <strong>Supercoupe de<br \/>\nl\u2019UEFA<\/strong> face \u00e0 <strong>Tottenham<\/strong>, et prendre son<br \/>\nvol pour Udine en Italie, o\u00f9 se jouera la rencontre. Le<br \/>\n<strong>PSG<\/strong> retrouvera par ailleurs la <strong>Ligue<br \/>\n1<\/strong> onze jours apr\u00e8s son retour \u00e0 l\u2019entra\u00eenement.<\/p>\n<\/p>\n<p>YouTube : <a href=\"https:\/\/www.youtube.com\/watch?v=ElzaIbPiVW0&amp;t=1812s\" target=\"_blank\" rel=\"noopener\">Canal<br \/>\nSupporters Paris<\/a><\/p>\n","protected":false},"excerpt":{"rendered":"Apr\u00e8s une historique et longue saison, les joueur du PSG profitent de leurs vacances et auront le droit&hellip;\n","protected":false},"author":2,"featured_media":242925,"comment_status":"","ping_status":"","sticky":false,"template":"","format":"standard","meta":{"footnotes":""},"categories":[1410],"tags":[5042,81,63,1011,27,91,92,93,41219,60,96],"class_list":{"0":"post-272827","1":"post","2":"type-post","3":"status-publish","4":"format-standard","5":"has-post-thumbnail","7":"category-football","8":"tag-campus-psg","9":"tag-canal-supporters","10":"tag-football","11":"tag-fr","12":"tag-france","13":"tag-paris-saint-germain","14":"tag-paris-sg","15":"tag-psg","16":"tag-reprise-de-lentrainement","17":"tag-sports","18":"tag-une"},"share_on_mastodon":{"url":"https:\/\/pubeurope.com\/@fr\/114914057494803268","error":""},"_links":{"self":[{"href":"https:\/\/www.europesays.com\/fr\/wp-json\/wp\/v2\/posts\/272827","targetHints":{"allow":["GET"]}}],"collection":[{"href":"https:\/\/www.europesays.com\/fr\/wp-json\/wp\/v2\/posts"}],"about":[{"href":"https:\/\/www.europesays.com\/fr\/wp-json\/wp\/v2\/types\/post"}],"author":[{"embeddable":true,"href":"https:\/\/www.europesays.com\/fr\/wp-json\/wp\/v2\/users\/2"}],"replies":[{"embeddable":true,"href":"https:\/\/www.europesays.com\/fr\/wp-json\/wp\/v2\/comments?post=272827"}],"version-history":[{"count":0,"href":"https:\/\/www.europesays.com\/fr\/wp-json\/wp\/v2\/posts\/272827\/revisions"}],"wp:featuredmedia":[{"embeddable":true,"href":"https:\/\/www.europesays.com\/fr\/wp-json\/wp\/v2\/media\/242925"}],"wp:attachment":[{"href":"https:\/\/www.europesays.com\/fr\/wp-json\/wp\/v2\/media?parent=272827"}],"wp:term":[{"taxonomy":"category","embeddable":true,"href":"https:\/\/www.europesays.com\/fr\/wp-json\/wp\/v2\/categories?post=272827"},{"taxonomy":"post_tag","embeddable":true,"href":"https:\/\/www.europesays.com\/fr\/wp-json\/wp\/v2\/tags?post=272827"}],"curies":[{"name":"wp","href":"https:\/\/api.w.org\/{rel}","templated":true}]}}