{"id":272830,"date":"2025-07-25T13:16:11","date_gmt":"2025-07-25T13:16:11","guid":{"rendered":"https:\/\/www.europesays.com\/fr\/272830\/"},"modified":"2025-07-25T13:16:11","modified_gmt":"2025-07-25T13:16:11","slug":"la-bedeiste-aurelie-wilmet-ressuscite-la-photographe-des-marginaux-diane-arbus-rts-ch","status":"publish","type":"post","link":"https:\/\/www.europesays.com\/fr\/272830\/","title":{"rendered":"La b\u00e9d\u00e9iste Aur\u00e9lie Wilmet ressuscite la photographe des marginaux Diane Arbus &#8211; rts.ch"},"content":{"rendered":"<p>La b\u00e9d\u00e9iste bruxelloise Aur\u00e9lie Wilmet publie \u00ab\u00a0Diane Arbus. Photographier les invisibles\u00a0\u00bb, un roman graphique qui plonge dans l&rsquo;univers de l&rsquo;artiste am\u00e9ricaine c\u00e9l\u00e8bre pour ses portraits de personnages en marge. Inspir\u00e9e par l&rsquo;\u0153uvre et la vie de Diane Arbus, Aur\u00e9lie Wilmet livre un r\u00e9cit intime et visuel.<\/p>\n<p>Dans son dernier roman graphique, Aur\u00e9lie Wilmet explore l&rsquo;univers tourment\u00e9 de Diane Arbus, photographe am\u00e9ricaine embl\u00e9matique des marges. Marqu\u00e9e par la d\u00e9couverte de son \u0153uvre durant ses \u00e9tudes en histoire de la photographie, la b\u00e9d\u00e9iste bruxelloise lui consacre un hommage aussi intime que poignant.<\/p>\n<p>\u00c0 travers cette biographie dessin\u00e9e, Aur\u00e9lie Wilmet retrace non seulement le parcours professionnel de Diane Arbus, mais aussi sa vie personnelle et amoureuse, jusqu\u2019\u00e0 sa fin tragique en 1971, marqu\u00e9e par son suicide.<\/p>\n<p>Un hommage graphique \u00e0 une photographe des marges <img decoding=\"async\" src=\"https:\/\/www.europesays.com\/fr\/wp-content\/uploads\/2025\/07\/76i56u-28950905.image\" alt=\"Couverture du roman graphique &quot;Diane Arbus. Photographier les invisibles&quot; d'Aur\u00e9lie Wilmet [Ed. Casterman]\" title=\"Couverture du roman graphique &quot;Diane Arbus. Photographier les invisibles&quot; d'Aur\u00e9lie Wilmet [Ed. Casterman]\" loading=\"lazy\"\/>  Couverture du roman graphique \u00ab\u00a0Diane Arbus. Photographier les invisibles\u00a0\u00bb d&rsquo;Aur\u00e9lie Wilmet [Ed. Casterman] <\/p>\n<p>Connue pour ses portraits de travestis, de personnes handicap\u00e9es ou de patients psychiatriques, Diane Arbus a toujours cherch\u00e9 \u00e0 r\u00e9v\u00e9ler l&rsquo;humanit\u00e9 cach\u00e9e derri\u00e8re les apparences. \u00ab\u00a0Que ce soit ses photos sur les freaks ou simplement des personnes qu&rsquo;elle prenait dans la rue, il y avait toujours ce c\u00f4t\u00e9 \u00e9trange\u00a0\u00bb, analyse Aur\u00e9lie Wilmet dans Vertigo du 22 juillet.\u00a0\u00ab\u00a0Elle voulait des photos vraies, dans lesquelles on ressentait directement la personnalit\u00e9 des gens qu&rsquo;elle photographiait\u00a0\u00bb.<\/p>\n<p>L\u2019album s\u2019ouvre sur le rapport \u00e0 la mort de Diane Arbus, une entame qui annonce la fin tragique de la photographe qui se suicide en 1971. Ce choix narratif fort permet \u00e0 Aur\u00e9lie Wilmet d\u2019explorer la psych\u00e9 de l\u2019artiste \u00e0 travers un dialogue int\u00e9rieur, nourri de flashbacks. On y croise Eddie Carmel, alias le \u00ab\u00a0g\u00e9ant juif\u00a0\u00bb, des femmes \u00e2g\u00e9es, des sans-abri, autant de figures qui peuplent l\u2019univers visuel de Diane Arbus.<\/p>\n<p>Mais au-del\u00e0 des sujets photographi\u00e9s, c\u2019est le regard de l\u2019artiste que la b\u00e9d\u00e9iste belge interroge, celui d\u2019une femme issue de la bourgeoisie new-yorkaise, en qu\u00eate d\u2019\u00e9mancipation et de v\u00e9rit\u00e9\u00a0.<\/p>\n<p>Diane Arbus, r\u00e9v\u00e9latrice d\u2019humanit\u00e9<\/p>\n<p>Le film\u00a0\u00ab\u00a0Freaks\u00a0\u00bb\u00a0de Tod Browning, sorti en 1932 et qui met en sc\u00e8ne des \u00ab\u00a0monstres\u00a0\u00bb de cirque, a profond\u00e9ment influenc\u00e9 Diane Arbus. Il l\u2019a pouss\u00e9e \u00e0 photographier ceux et celles que la soci\u00e9t\u00e9 pr\u00e9f\u00e8re ignorer. Son travail, souvent choquant \u00e0 son \u00e9poque, visait \u00e0 capturer l&rsquo;\u00e9tranget\u00e9 et la v\u00e9rit\u00e9 des personnes qu&rsquo;elle rencontrait.<\/p>\n<p>Dans \u00ab\u00a0Diane Arbus. Photographier les invisibles\u00a0\u00bb, Aur\u00e9lie Wilmet restitue cette fascination avec une bichromie en bleu et mauve qui rappelle les photos en noir et blanc de la photographe am\u00e9ricaine. Le bleu rappelle les clich\u00e9s noir et blanc de l\u2019artiste et d\u00e9peint sa vie. Le mauve, plus m\u00e9lancolique, permet \u00e0 Aur\u00e9lie Wilmet de retranscrire les \u00e9motions int\u00e9rieures de Diane Arbus. Ce parti pris graphique renforce l\u2019\u00e9motion et la profondeur du r\u00e9cit.<\/p>\n<p>Un portrait sensible et engag\u00e9<\/p>\n<p>Diane Arbus a longtemps pein\u00e9 \u00e0 faire publier ses photos.\u00a0Ce n\u2019est qu\u2019apr\u00e8s sa mort qu\u2019elle est devenue une figure majeure de la photographie contemporaine,\u00a0bien que son exposition au MoMA en 1967 ait d\u00e9j\u00e0 marqu\u00e9 une \u00e9tape importante de sa reconnaissance.<\/p>\n<p>Avec sensibilit\u00e9 et justesse, Aur\u00e9lie Wilmet offre un portrait nuanc\u00e9 d\u2019une artiste qui a su capter l\u2019invisible et r\u00e9v\u00e9ler l\u2019universel dans les visages oubli\u00e9s. Un roman graphique qui interroge autant qu\u2019il \u00e9meut.<\/p>\n<p class=\"sources\">Sujet radio: Anne Laure Gannac<\/p>\n<p class=\"credit\">Adaptation web: S\u00e9bastien Foggiato<\/p>\n<p class=\"article-footnote\"><b>Aur\u00e9lie <\/b>Wilmet, \u00ab\u00a0<b>Diane Arbus, photographier les invisibles\u00a0\u00bb, \u00e9ditions Casterman, mai 2025.<\/b><\/p>\n","protected":false},"excerpt":{"rendered":"La b\u00e9d\u00e9iste bruxelloise Aur\u00e9lie Wilmet publie \u00ab\u00a0Diane Arbus. Photographier les invisibles\u00a0\u00bb, un roman graphique qui plonge dans l&rsquo;univers&hellip;\n","protected":false},"author":2,"featured_media":272831,"comment_status":"","ping_status":"","sticky":false,"template":"","format":"standard","meta":{"footnotes":""},"categories":[1358],"tags":[2593,1348,1384,1385,1693,2502,41222,251,1386,41223,58,59,38031,1011,27,1351,1380,20528,1756,9026,1699,41224,104,17938],"class_list":{"0":"post-272830","1":"post","2":"type-post","3":"status-publish","4":"format-standard","5":"has-post-thumbnail","7":"category-arts-et-design","8":"tag-artiste","9":"tag-arts","10":"tag-arts-and-design","11":"tag-arts-et-design","12":"tag-arts-et-divertissement","13":"tag-arts-visuels","14":"tag-aurelie-wilmet","15":"tag-culture","16":"tag-design","17":"tag-diane-arbus","18":"tag-divertissement","19":"tag-entertainment","20":"tag-fin-de-vie-et-mort","21":"tag-fr","22":"tag-france","23":"tag-litterature","24":"tag-livres","25":"tag-photographe","26":"tag-photographie","27":"tag-portrait","28":"tag-recit","29":"tag-roman-graphique","30":"tag-societe","31":"tag-valeurs"},"share_on_mastodon":{"url":"https:\/\/pubeurope.com\/@fr\/114914065532744896","error":""},"_links":{"self":[{"href":"https:\/\/www.europesays.com\/fr\/wp-json\/wp\/v2\/posts\/272830","targetHints":{"allow":["GET"]}}],"collection":[{"href":"https:\/\/www.europesays.com\/fr\/wp-json\/wp\/v2\/posts"}],"about":[{"href":"https:\/\/www.europesays.com\/fr\/wp-json\/wp\/v2\/types\/post"}],"author":[{"embeddable":true,"href":"https:\/\/www.europesays.com\/fr\/wp-json\/wp\/v2\/users\/2"}],"replies":[{"embeddable":true,"href":"https:\/\/www.europesays.com\/fr\/wp-json\/wp\/v2\/comments?post=272830"}],"version-history":[{"count":0,"href":"https:\/\/www.europesays.com\/fr\/wp-json\/wp\/v2\/posts\/272830\/revisions"}],"wp:featuredmedia":[{"embeddable":true,"href":"https:\/\/www.europesays.com\/fr\/wp-json\/wp\/v2\/media\/272831"}],"wp:attachment":[{"href":"https:\/\/www.europesays.com\/fr\/wp-json\/wp\/v2\/media?parent=272830"}],"wp:term":[{"taxonomy":"category","embeddable":true,"href":"https:\/\/www.europesays.com\/fr\/wp-json\/wp\/v2\/categories?post=272830"},{"taxonomy":"post_tag","embeddable":true,"href":"https:\/\/www.europesays.com\/fr\/wp-json\/wp\/v2\/tags?post=272830"}],"curies":[{"name":"wp","href":"https:\/\/api.w.org\/{rel}","templated":true}]}}