{"id":272832,"date":"2025-07-25T13:17:22","date_gmt":"2025-07-25T13:17:22","guid":{"rendered":"https:\/\/www.europesays.com\/fr\/272832\/"},"modified":"2025-07-25T13:17:22","modified_gmt":"2025-07-25T13:17:22","slug":"le-top-10-des-meilleures-ventes-a-la-procure-cette-semaine","status":"publish","type":"post","link":"https:\/\/www.europesays.com\/fr\/272832\/","title":{"rendered":"Le top 10 des meilleures ventes \u00e0 La Procure cette semaine"},"content":{"rendered":"<p>Essais, romans, biographies\u2026 Retrouvez le classement des meilleures ventes de livres du 17 au 23 juillet 2025 dans les librairies La Procure. Un choix de lectures inspirantes parmi les ouvrages publi\u00e9s ces quatre derniers mois.<br \/>\n1<strong class=\"RichList_strong__koiGs\">L&rsquo;EXP\u00c9RIENCE SPIRITUELLE CHR\u00c9TIENNE ET SON DISCERNEMENT<\/strong><br \/>\n<img decoding=\"async\" src=\"https:\/\/www.europesays.com\/fr\/wp-content\/uploads\/2025\/07\/EXPERIENCE-SPIRITUELLE-CHRETIENNE-ET-DISCERNEMENT-DOMINIQUE-SALIN-SALVATOR.jpg\" alt=\"EXPERIENCE-SPIRITUELLE-CHRETIENNE-ET-DISCERNEMENT-DOMINIQUE-SALIN-SALVATOR\" class=\"wp-image-1020441\" style=\"width:358px;height:auto\"\/><\/p>\n<p><strong>R\u00e9sum\u00e9<\/strong>\u00a0:\u00a0Dominique Salin, Salvator, juin 2025. \u00c0 partir de questions cl\u00e9s li\u00e9es \u00e0 la vie spirituelle chr\u00e9tienne, l&rsquo;auteur explore comment discerner sa voie, prendre des d\u00e9cisions \u00e9vang\u00e9liques, affronter les tentations et comprendre la pri\u00e8re. Il examine \u00e9galement l&rsquo;accompagnement spirituel, la compatibilit\u00e9 de la m\u00e9ditation chr\u00e9tienne avec le d\u00e9veloppement personnel ou encore le r\u00f4le de la psychologie moderne dans les \u00e9motions spirituelles.\u00a0<a href=\"https:\/\/www.laprocure.com\/product\/1863138\/salin-dominique-l-experience-spirituelle-chretienne-et-son-discernement?ae=5\" target=\"_blank\" rel=\"noreferrer noopener nofollow\">Retrouvez-le en librairie.<\/a><\/p>\n<p>2<strong class=\"RichList_strong__koiGs\">UN \u00c9T\u00c9 AVEC ALEXANDRE DUMAS<\/strong><br \/>\n<img decoding=\"async\" src=\"https:\/\/www.europesays.com\/fr\/wp-content\/uploads\/2025\/07\/UN-ETE-AVEC-ALEXANDRE-DUMAS-EDITIONS-DE-L-EQUATEUR-LIVRE-RUFIN.jpg\" alt=\"UN-ETE-AVEC-ALEXANDRE-DUMAS-EDITIONS-DE-L-EQUATEUR-LIVRE-RUFIN\" class=\"wp-image-1011376\" style=\"width:362px;height:auto\"\/><\/p>\n<p><strong>R\u00e9sum\u00e9<\/strong>\u00a0:\u00a0<strong>\u00a0<\/strong>Jean-Christophe Rufin,\u00a0\u00c9dition des \u00c9quateurs, mai 2025. Adapt\u00e9e d&rsquo;une s\u00e9rie d&rsquo;\u00e9missions diffus\u00e9es sur France Inter, une d\u00e9couverte d&rsquo;Alexandre Dumas et de son \u0153uvre, qui est loin de se r\u00e9duire au c\u00e9l\u00e8bre roman Les trois mousquetaires.\u00a0<a href=\"https:\/\/www.laprocure.com\/product\/1791706\/rufin-jean-christophe-un-ete-avec-alexandre-dumas?ae=5\" target=\"_blank\" rel=\"noreferrer noopener nofollow\">Retrouvez-le en librairie<\/a>.<\/p>\n<p>3<strong class=\"RichList_strong__koiGs\">L&rsquo;HEURE DES PR\u00e9DATEURS<\/strong><br \/>\n<img decoding=\"async\" src=\"https:\/\/www.europesays.com\/fr\/wp-content\/uploads\/2025\/04\/Giuliano-Da-Empoli-livre.jpeg\" alt=\"\" class=\"wp-image-1000090\" style=\"width:367px;height:auto\"\/><\/p>\n<p><strong>R\u00e9sum\u00e9<\/strong>\u00a0:\u00a0Giuliano Da Empoli, Gallimard, avril\u00a02025.\u00a0Roman dans lequel un scribe azt\u00e8que d\u00e9crit la conqu\u00eate du pouvoir par les pr\u00e9dateurs que sont, entre autres, les autocrates et les seigneurs de la Tech.\u00a0<a href=\"https:\/\/www.laprocure.com\/product\/1789943\/da-empoli-giuliano-l-heure-des-predateurs?ae=5\" target=\"_blank\" rel=\"noreferrer noopener nofollow\">Retrouvez-le en librairie<\/a>.<\/p>\n<p>4<strong class=\"RichList_strong__koiGs\">Mon Vrai Nom Est Elisabeth<\/strong><br \/>\n<img decoding=\"async\" src=\"https:\/\/www.europesays.com\/fr\/wp-content\/uploads\/2025\/07\/MON-VRAI-NOM-EST-ELISABETH-ADELE-YON-LIVRE.jpg\" alt=\"MON-VRAI-NOM-EST-ELISABETH-ADELE-YON-LIVRE\" class=\"wp-image-1023793\" style=\"width:385px;height:auto\"\/><\/p>\n<p><strong>R\u00e9sum\u00e9<\/strong>\u00a0:\u00a0Ad\u00e8le Yon, \u00c9ditions du sous-sol, f\u00e9vrier 2025.\u00a0La narratrice, chercheuse, se met en qu\u00eate de r\u00e9ponses sur son arri\u00e8re-grand-m\u00e8re Elisabeth, morte avant sa naissance. D&rsquo;elle, elle ne sait pas grand-chose si ce n&rsquo;est qu&rsquo;apr\u00e8s avoir \u00e9t\u00e9 diagnostiqu\u00e9e schizophr\u00e8ne, elle a \u00e9t\u00e9 lobotomis\u00e9e dans les ann\u00e9es 1950. Prix litt\u00e9raire du Nouvel Obs 2025, prix Essai France T\u00e9l\u00e9visions 2025. Premier roman.\u00a0<a href=\"https:\/\/www.laprocure.com\/product\/1719646\/yon-adele-mon-vrai-nom-est-elisabeth?ae=5\" target=\"_blank\" rel=\"noreferrer noopener nofollow\">Retrouvez-le en librairie.<\/a><\/p>\n<p>5<strong class=\"RichList_strong__koiGs\">L\u00c9ON XIV : LA PAIX SOIT AVEC VOUS TOUS !<\/strong><br \/>\n<img decoding=\"async\" src=\"https:\/\/www.europesays.com\/fr\/wp-content\/uploads\/2025\/06\/benjamin-rosier-livre-leon-XIV.jpg\" alt=\"\" class=\"wp-image-1015914\" style=\"width:359px;height:auto\"\/><\/p>\n<p><strong>R\u00e9sum\u00e9\u00a0<\/strong>:\u00a0Benjamin Rosier, Mame, mai\u00a02025.\u00a0Apr\u00e8s l&rsquo;\u00e9lection du nouveau pape, un point sur le parcours humain, spirituel et eccl\u00e9sial de L\u00e9on XIV. L&rsquo;auteur pr\u00e9sente sa biographie, les rencontres qui ont marqu\u00e9 sa spiritualit\u00e9, les grands enjeux et d\u00e9fis de son pontificat ainsi qu&rsquo;une s\u00e9lection de pri\u00e8res de la tradition ch\u00e8res \u00e0 son c\u0153ur.\u00a0<a href=\"https:\/\/www.laprocure.com\/product\/1889863\/rosier-benjamin-leon-xiv-la-paix-soit-avec-vous-tous-connaitre-le-nouveau-pape-le-suivre-et-prier-avec-lui?srsltid=AfmBOor50WEuI_2SohYidrRd9CbPj8oxakqojFrEQZ3OBwKa5cGcOQdN?ae=5\" target=\"_blank\" rel=\"noreferrer noopener nofollow\">Retrouvez-le en librairie.<\/a><\/p>\n<p><img alt=\"[EN IMAGES] L\u2019\u00e9lection historique de L\u00e9on XIV\" loading=\"lazy\" width=\"150\" height=\"75\" decoding=\"async\" data-nimg=\"1\" class=\"ReadAlso_image__4jOEF\" style=\"color:transparent\"   src=\"https:\/\/www.europesays.com\/fr\/wp-content\/uploads\/2025\/07\/000_44Z6867.jpg\"\/>6<strong class=\"RichList_strong__koiGs\">Dieu Agit : 35 Histoires Vraies<\/strong><br \/>\n<img decoding=\"async\" src=\"https:\/\/www.europesays.com\/fr\/wp-content\/uploads\/2025\/07\/DIEU-AGIT-LIVRE-ETIENNE-GRENET-EDITIONS-EMMANUEL.jpg\" alt=\"\" class=\"wp-image-1020424\" style=\"width:365px;height:auto\"\/><\/p>\n<p><strong>R\u00e9sum\u00e9<\/strong>\u00a0:\u00a0\u00c9tienne Grenet, \u00c9ditions Emmanuel, juin\u00a02025.\u00a0Le p\u00e8re Grenet partage les t\u00e9moignages ainsi que sa propre exp\u00e9rience des manifestations divines \u00e0 travers les charismes, les dons de Dieu aux croyants. Il met en lumi\u00e8re l&rsquo;omnipr\u00e9sence de l&rsquo;Esprit saint dans le quotidien.\u00a0<a href=\"https:\/\/www.laprocure.com\/product\/1901009\/grenet-etienne-dieu-agit-35-histoires-vraies?ae=5\" target=\"_blank\" rel=\"noreferrer noopener nofollow\">Retrouvez-le en librairie.<\/a><\/p>\n<p><img alt=\"[BONNES FEUILLES] Le tigre rouge ou comment Dieu agit chaque jour\" loading=\"lazy\" width=\"150\" height=\"75\" decoding=\"async\" data-nimg=\"1\" class=\"ReadAlso_image__4jOEF\" style=\"color:transparent\"   src=\"https:\/\/www.europesays.com\/fr\/wp-content\/uploads\/2025\/07\/1753449439_479_Design-sans-titre-2025-06-10T155641.405.jpg\"\/>7<strong class=\"RichList_strong__koiGs\">Leon Xiv : L&rsquo;Ap\u00f4tre De La Paix<\/strong><br \/>\n<img decoding=\"async\" src=\"https:\/\/www.europesays.com\/fr\/wp-content\/uploads\/2025\/07\/LEON-XIV-SAMUEL-PRUVOT-LIVRE-SALVATOR.jpg\" alt=\"LEON-XIV-SAMUEL-PRUVOT-LIVRE-SALVATOR\" class=\"wp-image-1011364\" style=\"width:389px;height:auto\"\/><\/p>\n<p><strong>R\u00e9sum\u00e9\u00a0:\u00a0<\/strong>Samuel Pruvot et Marc Leboucher, Salvator, mai\u00a02025.\u00a0Lorsqu&rsquo;il entre en conclave le mercredi 7 mai 2025, \u00e0 la suite de la mort de Fran\u00e7ois, le cardinal Robert Francis Prevost se doute-t-il qu&rsquo;il sera \u00e9lu pape le lendemain ? Am\u00e9ricain n\u00e9 aux \u00c9tats-Unis, issu d&rsquo;une famille multiculturelle, missionnaire avant de devenir \u00e9v\u00eaque au P\u00e9rou et pr\u00e9fet de la congr\u00e9gation des \u00e9v\u00eaques \u00e0 Rome, ce ne sont pas les moindres traits de cette \u00e9lection surprise. Une nouvelle page s&rsquo;ouvre dans l&rsquo;histoire de la papaut\u00e9. Qui est vraiment L\u00e9on XIV ? Comment comprendre le parcours de cet homme affable et discret, la spiritualit\u00e9 de saint Augustin qui le porte, les circonstances de son accession \u00e0 la chaire de saint Pierre ? Celui qui s&rsquo;est pr\u00e9sent\u00e9 d&#8217;embl\u00e9e comme un ap\u00f4tre de paix et d&rsquo;amour saura-t-il r\u00e9pondre aux formidables d\u00e9fis lanc\u00e9s \u00e0 l&rsquo;\u00c9glise, dans le monde boulevers\u00e9 qui est le n\u00f4tre ? Il en va de l&rsquo;avenir de la mission et de l&rsquo;\u00c9vangile.\u00a0<a href=\"https:\/\/www.laprocure.com\/product\/1876798\/samuel-pruvot-leon-xiv-l-apotre-de-la-paix?ae=5\" target=\"_blank\" rel=\"noreferrer noopener nofollow\">Retrouvez-le en librairie<\/a>.<\/p>\n<p>8<strong class=\"RichList_strong__koiGs\">Dictionnaire Amoureux De La Solitude<\/strong><br \/>\n<img decoding=\"async\" src=\"https:\/\/www.europesays.com\/fr\/wp-content\/uploads\/2025\/07\/DICTIONNAIRE-AMOUREUX-DE-LA-SOLITUDE-LIVRE-PLON.jpg\" alt=\"DICTIONNAIRE-AMOUREUX-DE-LA-SOLITUDE-LIVRE-PLON\" class=\"wp-image-1023799\" style=\"width:390px;height:auto\"\/><\/p>\n<p><strong>R\u00e9sum\u00e9<\/strong>\u00a0:\u00a0Marie de Hennezel, Plon, mai 2025.\u00a0Sous la forme d&rsquo;un dictionnaire, de accompagnement \u00e0 Zundel, en passant par irrempla\u00e7able, philosopher ou tendresse, une m\u00e9ditation personnelle sur la solitude, distingu\u00e9e de l&rsquo;isolement et pr\u00e9sent\u00e9e comme li\u00e9e \u00e0 l&rsquo;histoire intime, ferment de la cr\u00e9ation litt\u00e9raire, artistique et chemin spirituel.\u00a0<a href=\"https:\/\/www.laprocure.com\/product\/1791778\/hennezel-marie-de-dictionnaire-amoureux-de-la-solitude?ae=5\" target=\"_blank\" rel=\"noreferrer noopener nofollow\">Retrouvez-le en librairie.<\/a><\/p>\n<p>9<strong class=\"RichList_strong__koiGs\">La Foi Est Un Voyage : M\u00e9ditations Pour Les Voyageurs Et Les P\u00e8lerins<\/strong><br \/>\n<img decoding=\"async\" src=\"https:\/\/www.europesays.com\/fr\/wp-content\/uploads\/2025\/07\/1753449441_250_LA-FOI-EST-UN-VOYAGE-LIVRE-PAPE-FRANCOIS.jpg\" alt=\"LA-FOI-EST-UN-VOYAGE-LIVRE-PAPE-FRANCOIS\" class=\"wp-image-1017446\" style=\"width:379px;height:auto\"\/><\/p>\n<p><strong>R\u00e9sum\u00e9<\/strong>\u00a0:\u00a0Pape Fran\u00e7ois, \u00c9ditions des \u00c9quateurs, juin\u00a02025.\u00a0Le pape Fran\u00e7ois livre sa philosophie du voyage en \u00e9voquant le chemin de J\u00e9sus. Il explique l&rsquo;importance de marcher dans l&rsquo;esprit et non en tant que touriste existentiel.\u00a0<a href=\"https:\/\/www.laprocure.com\/product\/1890597\/francois-la-foi-est-un-voyage-meditations-pour-les-voyageurs-et-les-pelerins?ae=5\" target=\"_blank\" rel=\"noreferrer noopener nofollow\">Retrouvez-le en librairie.<\/a><\/p>\n<p><img alt=\"L\u00e9on XIV pourrait-il r\u00e9investir les textes inachev\u00e9s du pape Fran\u00e7ois\u00a0?\" loading=\"lazy\" width=\"150\" height=\"75\" decoding=\"async\" data-nimg=\"1\" class=\"ReadAlso_image__4jOEF\" style=\"color:transparent\"   src=\"https:\/\/www.europesays.com\/fr\/wp-content\/uploads\/2025\/07\/POPE-LEO-XIV-Pentecost-Vigil-prayer-June-07-2025-ANTOINE-MEKARY-ALETEIA-AM_0297.jpg\"\/>10<strong class=\"RichList_strong__koiGs\">Int\u00e9rieur Nuit<\/strong><br \/>\n<img decoding=\"async\" src=\"https:\/\/www.europesays.com\/fr\/wp-content\/uploads\/2025\/04\/Interieur-nuit-livre.jpeg\" alt=\"\" class=\"wp-image-1000095\" style=\"width:440px;height:auto\"\/><\/p>\n<p><strong>R\u00e9sum\u00e9\u00a0<\/strong>:\u00a0Nicolas Demoran, Les Ar\u00e8nes, mars 2025.\u00a0Le journaliste se confie pour la premi\u00e8re fois sur les troubles bipolaires dont il souffre depuis plus de vingt ans, qui le font alterner entre des phases d&rsquo;excitation intense et de profondes d\u00e9pressions. Il dit sa d\u00e9termination \u00e0 combattre cette maladie mentale, au nom des millions d&rsquo;individus qui souffrent en silence du m\u00eame mal.\u00a0<a href=\"https:\/\/www.laprocure.com\/product\/1825526\/demorand-nicolas-interieur-nuit?srsltid=AfmBOoqVZ8FzR8e5coHbAG0HxG4g0Y7swj0KBiZ6JkSVDFkoZl0VX0Gn?ae=5\" target=\"_blank\" rel=\"noreferrer noopener nofollow\">Retrouvez-le en librairie<\/a>.<\/p>\n","protected":false},"excerpt":{"rendered":"Essais, romans, biographies\u2026 Retrouvez le classement des meilleures ventes de livres du 17 au 23 juillet 2025 dans&hellip;\n","protected":false},"author":2,"featured_media":272833,"comment_status":"","ping_status":"","sticky":false,"template":"","format":"standard","meta":{"footnotes":""},"categories":[1357],"tags":[1379,58,59,1011,27,1380],"class_list":{"0":"post-272832","1":"post","2":"type-post","3":"status-publish","4":"format-standard","5":"has-post-thumbnail","7":"category-livres","8":"tag-books","9":"tag-divertissement","10":"tag-entertainment","11":"tag-fr","12":"tag-france","13":"tag-livres"},"share_on_mastodon":{"url":"https:\/\/pubeurope.com\/@fr\/114914069637165152","error":""},"_links":{"self":[{"href":"https:\/\/www.europesays.com\/fr\/wp-json\/wp\/v2\/posts\/272832","targetHints":{"allow":["GET"]}}],"collection":[{"href":"https:\/\/www.europesays.com\/fr\/wp-json\/wp\/v2\/posts"}],"about":[{"href":"https:\/\/www.europesays.com\/fr\/wp-json\/wp\/v2\/types\/post"}],"author":[{"embeddable":true,"href":"https:\/\/www.europesays.com\/fr\/wp-json\/wp\/v2\/users\/2"}],"replies":[{"embeddable":true,"href":"https:\/\/www.europesays.com\/fr\/wp-json\/wp\/v2\/comments?post=272832"}],"version-history":[{"count":0,"href":"https:\/\/www.europesays.com\/fr\/wp-json\/wp\/v2\/posts\/272832\/revisions"}],"wp:featuredmedia":[{"embeddable":true,"href":"https:\/\/www.europesays.com\/fr\/wp-json\/wp\/v2\/media\/272833"}],"wp:attachment":[{"href":"https:\/\/www.europesays.com\/fr\/wp-json\/wp\/v2\/media?parent=272832"}],"wp:term":[{"taxonomy":"category","embeddable":true,"href":"https:\/\/www.europesays.com\/fr\/wp-json\/wp\/v2\/categories?post=272832"},{"taxonomy":"post_tag","embeddable":true,"href":"https:\/\/www.europesays.com\/fr\/wp-json\/wp\/v2\/tags?post=272832"}],"curies":[{"name":"wp","href":"https:\/\/api.w.org\/{rel}","templated":true}]}}