{"id":272834,"date":"2025-07-25T13:18:13","date_gmt":"2025-07-25T13:18:13","guid":{"rendered":"https:\/\/www.europesays.com\/fr\/272834\/"},"modified":"2025-07-25T13:18:13","modified_gmt":"2025-07-25T13:18:13","slug":"intervilles-et-topa-la-vachette-reviendront-ils-en-2026-malgre-des-audiences-basses-et-des-critiques-acerbes","status":"publish","type":"post","link":"https:\/\/www.europesays.com\/fr\/272834\/","title":{"rendered":"\u00ab\u00a0Intervilles\u00a0\u00bb (et Topa la vachette) reviendront-ils en 2026, malgr\u00e9 des audiences basses et des critiques acerbes\u00a0?"},"content":{"rendered":"<p>        <img decoding=\"async\" loading=\"lazy\" src=\"https:\/\/www.europesays.com\/fr\/wp-content\/uploads\/2025\/07\/35e8cc2_upload-1-zecbxocnhlu7-inter-retour.jpg\"  width=\"728\" height=\"410\" alt=\"L\u2019\u00e9quipe de pr\u00e9sentation d\u2019Intervilles en 2025\u00a0sur Franc e2\"\/>  <\/p>\n<p>\u00a9Gilles Gustine &#8211; France T\u00e9l\u00e9visions<\/p>\n<p>L\u2019\u00e9quipe de pr\u00e9sentation d\u2019Intervilles en 2025\u00a0sur Franc e2<\/p>\n<p class=\"asset asset-text\">DIVERTISSEMENT &#8211; \u00ab\u00a0Cachez ces critiques que je ne saurais voir\u00a0\u00bb.\u00a0<a href=\"https:\/\/www.huffingtonpost.fr\/divertissement\/article\/intervilles-claude-savarit-co-createur-du-celebre-jeu-tele-n-est-pas-tendre-avec-la-version-de-nagui_252955.html\" rel=\"nofollow noopener\" target=\"_blank\">Intervilles <\/a>fera son retour sur le petit \u00e9cran pour une nouvelle saison en 2026, comme l\u2019a annonc\u00e9 France T\u00e9l\u00e9 dans un communiqu\u00e9. Sur France 2, la<a href=\"https:\/\/www.huffingtonpost.fr\/divertissement\/article\/dans-intervilles-la-defaite-de-saint-amand-les-eaux-et-de-fabien-roussel-a-inspire-les-telespectateurs_252966.html\" rel=\"nofollow noopener\" target=\"_blank\"> finale remport\u00e9e par Gap<\/a> a attir\u00e9 pr\u00e8s de 2,4\u00a0millions de t\u00e9l\u00e9spectateurs, des <a href=\"https:\/\/www.huffingtonpost.fr\/divertissement\/article\/intervilles-sur-france-2-a-vu-ses-audiences-glisser-vers-le-bas-et-ca-prouve-que-la-nostalgie-a-ses-limites_252905.html\" rel=\"nofollow noopener\" target=\"_blank\">audiences suffisamment satisfaisantes<\/a> pour que la cha\u00eene d\u00e9cide de renouveler l\u2019\u00e9mission.<\/p>\n<p class=\"asset asset-text\">Dans son communiqu\u00e9, France t\u00e9l\u00e9visions \u00e9voque une \u00e9mission qui a \u00ab\u00a0su rallier petits et grands\u00a0\u00bb mais \u00e9galement \u00ab\u00a0d\u2019excellentes audiences\u00a0\u00bb. Une affirmation qu\u2019il faut toutefois remettre en perspective. Le tout premier \u00e9pisode diffus\u00e9 le 3\u00a0juillet et qui voyait s\u2019affronter Beauvais et Coulanges-l\u00e8s-Nevers avait rassembl\u00e9 3,35\u00a0millions\u00a0de t\u00e9l\u00e9spectateurs.<\/p>\n<p class=\"asset asset-text\">La semaine suivante, le 10\u00a0juillet quand Gap et Bourgoin-Jallieu s\u2019opposaient, seules\u00a02,41\u00a0millions de personnes ont suivi la rencontre. Une chute brutale qui s\u2019\u00e9tait confirm\u00e9e le 17\u00a0juillet\u00a0avec 2\u00a0millions de Fran\u00e7ais pour suivre le match Wallers-Arenberg versus Saint-Amand-les-Eaux. La finale diffus\u00e9e de 21h10 \u00e0 23h45 ce jeudi 24\u00a0juillet termine en premi\u00e8re place de la soir\u00e9e avec 17,7\u00a0% de part d\u2019audience d\u2019apr\u00e8s les chiffres de M\u00e9diam\u00e9trie.<\/p>\n<p class=\"asset asset-text\">Dans son communiqu\u00e9, France t\u00e9l\u00e9 met en avant un \u00ab\u00a0succ\u00e8s populaire\u00a0\u00bb surtout aupr\u00e8s des jeunes et des familles. La PDA moyenne des quatre num\u00e9ros s\u2019\u00e9tablit \u00e0 17,9\u00a0%, mais s\u2019\u00e9l\u00e8ve de fait \u00e0 39,1\u00a0% chez les 4-14\u00a0ans et pr\u00e8s de 22,9\u00a0% chez les 15-24\u00a0ans, selon le groupe audiovisuel.<\/p>\n<p>                     Intervilles tr\u00e8s critiqu\u00e9    <\/p>\n<p class=\"asset asset-text\">France T\u00e9l\u00e9 semble avoir choisi de faire fi des critiques, qui ont pourtant \u00e9t\u00e9 nombreuses. Sur les r\u00e9seaux sociaux les internautes y commentaient les d\u00e9cors jug\u00e9s petits et d\u00e9cevants l\u2019absence de vraies vachettes remplac\u00e9es par la mascotte Topa, le nouveau g\u00e9n\u00e9rique mais aussi l\u2019\u00e9quipe de pr\u00e9sentation compos\u00e9e de Nagui, Bruno Guillon, Yoann Riou, Magali Ripoll, Camille Serf et Val\u00e9rie B\u00e8gue.<\/p>\n<p class=\"asset asset-text\">Cette nouvelle version du jeu avait d\u2019ailleurs \u00e9t\u00e9 vivement critiqu\u00e9e par Claude Savarit, le co-cr\u00e9ateur d\u00e9sormais octog\u00e9naire des jeux d\u2019Intervilles avec Guy Lux en 1962.<\/p>\n<p class=\"asset asset-text\">Ce dernier a notamment qualifi\u00e9 dans une interview avec <a href=\"https:\/\/www.nicematin.com\/medias\/-l-intervilles-de-nagui-ce-n-est-pas-intervilles--995492\" target=\"_blank\" rel=\"noopener nofollow\" title=\"Nouvelle fen\u00eatre\">Nice Matin<\/a> l\u2019absence de vachettes de \u00ab\u00a0grotesque et r\u00e9dhibitoire\u00a0\u00bb pr\u00e9cisant \u00ab\u00a0on ne les a d\u2019ailleurs jamais brutalis\u00e9es. On les avait rajout\u00e9es \u00e0 partir de la troisi\u00e8me \u00e9mission de l\u2019histoire du jeu lors d\u2019un duplex aux ar\u00e8nes de Dax. C\u2019est gr\u00e2ce \u00e0 elles que le programme est devenu un \u00e9norme succ\u00e8s. Sans elles, Intervilles, c\u2019est fini\u00a0\u00bb. Claude Savarit a d\u2019ailleurs \u00e9trill\u00e9 le nouveau programme dans son ensemble affirmant\u00a0: \u00ab\u00a0c\u2019est scandaleux de voir ce qu\u2019ils en ont fait. L\u2019Intervilles de Nagui, ce n\u2019est plus Intervilles\u00a0!\u00a0\u00bb<\/p>\n<p class=\"asset asset-text\">Finalement, France T\u00e9l\u00e9visions a d\u00e9cid\u00e9 de ne pas remiser tout de suite le costume de Topa au grenier et de laisser une seconde chance \u00e0 ce reboot. Des changements seront-ils op\u00e9r\u00e9s pour s\u2019assurer plus d\u2019audiences et moins de critiques\u00a0? Le groupe a en tout cas pr\u00e8s d\u2019un an pour y r\u00e9fl\u00e9chir.<\/p>\n","protected":false},"excerpt":{"rendered":"\u00a9Gilles Gustine &#8211; France T\u00e9l\u00e9visions L\u2019\u00e9quipe de pr\u00e9sentation d\u2019Intervilles en 2025\u00a0sur Franc e2 DIVERTISSEMENT &#8211; \u00ab\u00a0Cachez ces critiques&hellip;\n","protected":false},"author":2,"featured_media":272835,"comment_status":"","ping_status":"","sticky":false,"template":"","format":"standard","meta":{"footnotes":""},"categories":[1356],"tags":[58,59,1011,27,2400,594,28148,10477,252,1364],"class_list":{"0":"post-272834","1":"post","2":"type-post","3":"status-publish","4":"format-standard","5":"has-post-thumbnail","7":"category-television","8":"tag-divertissement","9":"tag-entertainment","10":"tag-fr","11":"tag-france","12":"tag-france-televisions","13":"tag-france-2","14":"tag-intervilles","15":"tag-nagui","16":"tag-television","17":"tag-tv"},"share_on_mastodon":{"url":"https:\/\/pubeurope.com\/@fr\/114914073290130581","error":""},"_links":{"self":[{"href":"https:\/\/www.europesays.com\/fr\/wp-json\/wp\/v2\/posts\/272834","targetHints":{"allow":["GET"]}}],"collection":[{"href":"https:\/\/www.europesays.com\/fr\/wp-json\/wp\/v2\/posts"}],"about":[{"href":"https:\/\/www.europesays.com\/fr\/wp-json\/wp\/v2\/types\/post"}],"author":[{"embeddable":true,"href":"https:\/\/www.europesays.com\/fr\/wp-json\/wp\/v2\/users\/2"}],"replies":[{"embeddable":true,"href":"https:\/\/www.europesays.com\/fr\/wp-json\/wp\/v2\/comments?post=272834"}],"version-history":[{"count":0,"href":"https:\/\/www.europesays.com\/fr\/wp-json\/wp\/v2\/posts\/272834\/revisions"}],"wp:featuredmedia":[{"embeddable":true,"href":"https:\/\/www.europesays.com\/fr\/wp-json\/wp\/v2\/media\/272835"}],"wp:attachment":[{"href":"https:\/\/www.europesays.com\/fr\/wp-json\/wp\/v2\/media?parent=272834"}],"wp:term":[{"taxonomy":"category","embeddable":true,"href":"https:\/\/www.europesays.com\/fr\/wp-json\/wp\/v2\/categories?post=272834"},{"taxonomy":"post_tag","embeddable":true,"href":"https:\/\/www.europesays.com\/fr\/wp-json\/wp\/v2\/tags?post=272834"}],"curies":[{"name":"wp","href":"https:\/\/api.w.org\/{rel}","templated":true}]}}