{"id":272838,"date":"2025-07-25T13:20:15","date_gmt":"2025-07-25T13:20:15","guid":{"rendered":"https:\/\/www.europesays.com\/fr\/272838\/"},"modified":"2025-07-25T13:20:15","modified_gmt":"2025-07-25T13:20:15","slug":"dans-les-intrus-madelaine-petsch-confirme-que-la-hache-plantee-a-3cm-de-sa-tete-etait-vraie","status":"publish","type":"post","link":"https:\/\/www.europesays.com\/fr\/272838\/","title":{"rendered":"Dans \u00ab\u00a0Les Intrus\u00a0\u00bb, Madelaine Petsch confirme que la hache plant\u00e9e \u00e0 3cm de sa t\u00eate \u00e9tait vraie"},"content":{"rendered":"<p>        <img decoding=\"async\" loading=\"lazy\" src=\"https:\/\/www.europesays.com\/fr\/wp-content\/uploads\/2025\/07\/d116803_upload-1-f72ynjdvwcrp-madelaine-petsch-the-strangers-chapter-1.jpg\"  width=\"728\" height=\"410\" alt=\"Madelaine Petsch dans \u00ab\u00a0Les Intrus : chapitre 1\u00a0\u00bb\"\/>  <\/p>\n<p>Lionsgate<\/p>\n<p>Madelaine Petsch dans \u00ab\u00a0Les Intrus : chapitre 1\u00a0\u00bb<\/p>\n<p class=\"asset asset-text\">CINEMA &#8211; Plus qu\u2019un et ce sera termin\u00e9. Le 2e film de la saga Les Intrus avec Madelaine Petsch\u00a0doit sortir cet automne. Puis, il en restera un dernier pour compl\u00e9ter la <a href=\"https:\/\/www.huffingtonpost.fr\/culture\/article\/la-saga-des-royaumes-du-nord-de-philip-pullman-va-definitivement-s-achever-trente-ans-apres-le-premier-tome_249414.html\" target=\"_blank\" rel=\"noopener\">trilogie<\/a> d\u2019horreur du r\u00e9alisateur\u00a0<a href=\"https:\/\/www.huffingtonpost.fr\/culture\/video\/comme-dangerous-animals-ces-films-de-requins-qui-vous-couperont-l-envie-de-barboter-dans-la-mer_252709.html\" target=\"_blank\" rel=\"noopener\">Renny Harlin<\/a>. L\u2019actrice a cependant failli dire stop avant cela, \u00e0 cause d\u2019une\u00a0<a href=\"https:\/\/www.huffingtonpost.fr\/culture\/article\/avec-mission-impossible-tom-cruise-entre-au-guinness-book-des-records-grace-a-cette-cascade_251010.html\" target=\"_blank\" rel=\"noopener\">cascade<\/a> assez p\u00e9rilleuse\u00a0lors du tournage du premier volet.<\/p>\n<p class=\"asset asset-text\">Pour la promotion du chapitre\u00a02\u00a0du film les Intrus, l\u2019interpr\u00e8te de Maya (l\u2019h\u00e9ro\u00efne) a \u00e9chang\u00e9 avec nos confr\u00e8res de <a href=\"https:\/\/www.youtube.com\/live\/RlknNXnlOpo\" target=\"_blank\" rel=\"noopener\" title=\"Nouvelle fen\u00eatre\">EW<\/a> lors de la Comic Con 2025. Elle est revenue sur ce moment du tournage, assez traumatisant pour elle. \u00ab\u00a0Dans le film 1, lorsque la hache traverse la porte, ce ne sont pas des effets sp\u00e9ciaux, c\u2019est tr\u00e8s concret\u00a0\u00bb raconte-t-elle \u00e0 la journaliste Samantha Highfill.<\/p>\n<p class=\"asset asset-text\">\u00ab\u00a0On m\u2019a dit, \u2019ta t\u00eate va \u00eatre l\u00e0, ne la bouge pas, et la hache va traverser la porte\u2019\u00a0\u00bb raconte l\u2019actrice, souriante. Elle attribue toute la r\u00e9ussite de cette sc\u00e8ne \u00e0 un membre de l\u2019\u00e9quipe qui a ex\u00e9cut\u00e9 la cascade \u00e0 la perfection. \u00ab\u00a0J\u2019avais une confiance in\u00e9branlable en [Vladimir Orlov], notre coordinateur de cascades\u00a0\u00bb, dit-elle. \u00ab\u00a0J\u2019aurais probablement d\u00fb dire \u2019Non\u2019, mais j\u2019ai r\u00e9pondu \u2019Oui, super\u00a0! C\u2019est parfait\u00a0!\u2019\u00a0\u00bb<\/p>\n<p> La lecture de ce contenu est susceptible d\u2019entra\u00eener un d\u00e9p\u00f4t de cookies de la part de l\u2019op\u00e9rateur tiers qui l\u2019h\u00e9berge. Compte-tenu des choix que vous avez exprim\u00e9s en mati\u00e8re de d\u00e9p\u00f4t de cookies, nous avons bloqu\u00e9 l\u2019affichage de ce contenu. Si vous souhaitez y acc\u00e9der, vous devez accepter la cat\u00e9gorie de cookies \u201cContenus tiers\u201d en cliquant sur le bouton ci-dessous. <\/p>\n<p> Lire la Vid\u00e9o              <strong>La trilogie Les Intrus<\/strong>    <\/p>\n<p class=\"asset asset-text\">Originaire d\u2019une petite ville dans l\u2019\u00c9tat de Washington, la trentenaire est principalement connue pour son r\u00f4le de Cheryl Blossom dans la s\u00e9rie\u00a0Riverdale. Elle y incarne une pom-pom girl capricieuse et manipulatrice avant que son personnage \u00e9volue de mani\u00e8re bien plus bienveillante.<\/p>\n<p class=\"asset asset-text\">Si certaines sc\u00e8nes de Riverdale ont \u00e9t\u00e9 \u00e9prouvantes pour l\u2019actrice, aucune n\u2019a atteint le coup de hache des\u00a0Intrus\u00a0: chapitre\u00a01\u00a0qu\u2019elle classe comme son exp\u00e9rience de tournage la plus marquante. \u00ab\u00a0J\u2019aurais probablement d\u00fb r\u00e9fl\u00e9chir davantage pour sauver ma propre vie\u00a0\u00bb, plaisante-t-elle. \u00ab\u00a0\u00c7a vous donne une id\u00e9e de mes capacit\u00e9s de survie en tant qu\u2019\u00eatre humain\u00a0: \u2019Frappe-moi la t\u00eate avec une hache, peu importe\u00a0!\u2019\u00a0\u00bb<\/p>\n<p class=\"asset asset-text\">Dans le premier film Les Intrus, sorti en 2024, Madelaine Petsch incarne Maya. Oblig\u00e9s de passer la nuit dans une maison isol\u00e9e au fin fond de l\u2019Oregon, la jeune femme et son petit ami sont la cible d\u2019un trio de psychopathes masqu\u00e9s qui s\u2019amusent \u00e0 les torturer. Le second volet de la trilogie est pr\u00e9vu le 29\u00a0octobre\u00a02025.<\/p>\n","protected":false},"excerpt":{"rendered":"Lionsgate Madelaine Petsch dans \u00ab\u00a0Les Intrus : chapitre 1\u00a0\u00bb CINEMA &#8211; Plus qu\u2019un et ce sera termin\u00e9. Le&hellip;\n","protected":false},"author":2,"featured_media":272839,"comment_status":"","ping_status":"","sticky":false,"template":"","format":"standard","meta":{"footnotes":""},"categories":[1354],"tags":[2594,650,41225,251,58,59,13351,1346,1011,27,1360],"class_list":{"0":"post-272838","1":"post","2":"type-post","3":"status-publish","4":"format-standard","5":"has-post-thumbnail","7":"category-films","8":"tag-actrice","9":"tag-cinema","10":"tag-comic-con","11":"tag-culture","12":"tag-divertissement","13":"tag-entertainment","14":"tag-film-d-horreur","15":"tag-films","16":"tag-fr","17":"tag-france","18":"tag-movies"},"share_on_mastodon":{"url":"https:\/\/pubeurope.com\/@fr\/114914081183600552","error":""},"_links":{"self":[{"href":"https:\/\/www.europesays.com\/fr\/wp-json\/wp\/v2\/posts\/272838","targetHints":{"allow":["GET"]}}],"collection":[{"href":"https:\/\/www.europesays.com\/fr\/wp-json\/wp\/v2\/posts"}],"about":[{"href":"https:\/\/www.europesays.com\/fr\/wp-json\/wp\/v2\/types\/post"}],"author":[{"embeddable":true,"href":"https:\/\/www.europesays.com\/fr\/wp-json\/wp\/v2\/users\/2"}],"replies":[{"embeddable":true,"href":"https:\/\/www.europesays.com\/fr\/wp-json\/wp\/v2\/comments?post=272838"}],"version-history":[{"count":0,"href":"https:\/\/www.europesays.com\/fr\/wp-json\/wp\/v2\/posts\/272838\/revisions"}],"wp:featuredmedia":[{"embeddable":true,"href":"https:\/\/www.europesays.com\/fr\/wp-json\/wp\/v2\/media\/272839"}],"wp:attachment":[{"href":"https:\/\/www.europesays.com\/fr\/wp-json\/wp\/v2\/media?parent=272838"}],"wp:term":[{"taxonomy":"category","embeddable":true,"href":"https:\/\/www.europesays.com\/fr\/wp-json\/wp\/v2\/categories?post=272838"},{"taxonomy":"post_tag","embeddable":true,"href":"https:\/\/www.europesays.com\/fr\/wp-json\/wp\/v2\/tags?post=272838"}],"curies":[{"name":"wp","href":"https:\/\/api.w.org\/{rel}","templated":true}]}}