{"id":272848,"date":"2025-07-25T13:25:10","date_gmt":"2025-07-25T13:25:10","guid":{"rendered":"https:\/\/www.europesays.com\/fr\/272848\/"},"modified":"2025-07-25T13:25:10","modified_gmt":"2025-07-25T13:25:10","slug":"environ-2000-entreprises-francaises-sont-tres-exposees-au-marche-americain","status":"publish","type":"post","link":"https:\/\/www.europesays.com\/fr\/272848\/","title":{"rendered":"environ 2000 entreprises fran\u00e7aises sont tr\u00e8s expos\u00e9es au march\u00e9 am\u00e9ricain"},"content":{"rendered":"<p>Plus de 10% du chiffre d\u2019affaires de ces soci\u00e9t\u00e9s tricolores d\u00e9pend de leurs exportations aux \u00c9tats-Unis, alertent les douanes fran\u00e7aises dans une \u00e9tude parue ce vendredi, alors que l\u2019UE n\u00e9gocie avec Donald Trump.<\/p>\n<p class=\"fig-paragraph\">Quelque 2000 entreprises qui r\u00e9alisent la moiti\u00e9 des exportations fran\u00e7aises vers les \u00c9tats-Unis sont expos\u00e9es au march\u00e9 am\u00e9ricain pour 10% ou plus de leur chiffre d&rsquo;affaires, et subiraient la moiti\u00e9 du\u00a0<a href=\"http:\/\/www.lefigaro.fr\/conjoncture\/droits-de-douane-un-accord-avec-washington-est-a-portee-de-main-estime-l-ue-20250724\" data-fig-type=\"NewsFlash\" data-gtm-custom-categorie=\"navigation\" data-gtm-custom-action=\"crossclick\" data-gtm-custom-label=\"Contextuel\" data-gtm-event=\"customEventSPE\" data-fig-domain=\"LEFIGARO\" rel=\"nofollow noopener\" target=\"_blank\">choc des droits de douane additionnels<\/a>, selon une \u00e9tude des douanes fran\u00e7aises parue ce vendredi 25 juillet. Avec 48,6 milliards d&rsquo;euros de biens export\u00e9s vers les \u00c9tats-Unis en 2024, dont l&rsquo;essentiel par 14.700 entreprises des secteurs marchands (hors biens agricoles et financiers), le pays est la deuxi\u00e8me destination d&rsquo;exportation de la France en valeur derri\u00e8re l&rsquo;Allemagne (78 milliards d&rsquo;euros).<\/p>\n<p class=\"fig-paragraph\">Alors que le d\u00e9nouement\u00a0<a href=\"http:\/\/www.lefigaro.fr\/conjoncture\/droits-de-douane-l-europe-envisage-un-accord-du-moindre-mal-avec-les-etats-unis-20250724\" data-fig-type=\"Article\" data-gtm-custom-categorie=\"navigation\" data-gtm-custom-action=\"crossclick\" data-gtm-custom-label=\"Contextuel\" data-gtm-event=\"customEventSPE\" data-fig-domain=\"LEFIGARO\" rel=\"nofollow noopener\" target=\"_blank\">des n\u00e9gociations sur les droits de douane entre l&rsquo;Union europ\u00e9enne (UE) et les \u00c9tats-Unis<\/a>\u00a0est esp\u00e9r\u00e9 le 1er ao\u00fbt, les discussions se poursuivent et un accord semblait se dessiner ces derniers jours avec des droits de douane am\u00e9ricains ramen\u00e9s \u00e0 15%, assortis d&rsquo;exemptions dans le secteur a\u00e9ronautique ou pharmaceutique. Temporairement, un droit de douane de 10% s&rsquo;applique sur les exportations europ\u00e9ennes vers les \u00c9tats-Unis.<\/p>\n<p class=\"fig-body-link\">\n            \u00c0 lire aussi<br \/>\n        <a class=\"fig-body-link__link\" href=\"http:\/\/www.lefigaro.fr\/conjoncture\/quels-sont-les-11-departements-francais-les-plus-vulnerables-aux-droits-de-douane-de-donald-trump-20250709\" data-fig-type=\"NewsFlash\" data-gtm-custom-categorie=\"navigation\" data-gtm-custom-action=\"crossclick\" data-gtm-custom-label=\"Contextuel\" data-gtm-event=\"customEventSPE\" data-fig-domain=\"LEFIGARO\" rel=\"nofollow noopener\" target=\"_blank\">Quels sont les 11 d\u00e9partements fran\u00e7ais les plus vuln\u00e9rables aux droits de douane de Donald Trump\u00a0?<br \/>\n    <\/a>\n<\/p>\n<p>                                    <a class=\"fig-a11y-skip a11y-hidden\" href=\"#fig-a11y-skip-main-inarticle\"><br \/>\n        Passer la publicit\u00e9<br \/>\n    <\/a><\/p>\n<p>Taux de marge faible pour certaines entreprises<\/p>\n<p class=\"fig-paragraph\">La moiti\u00e9 des droits de douane additionnels pourrait donc peser sur environ 2000 entreprises fran\u00e7aises qui r\u00e9alisent les trois quarts des exportations de mat\u00e9riel de transport (construction a\u00e9ronautique et navale), de boissons ou de produits de la maroquinerie vers les \u00c9tats-Unis, indique l&rsquo;\u00e9tude. La capacit\u00e9 de ces entreprises \u00e0 r\u00e9sister au choc de cette nouvelle donne douani\u00e8re r\u00e9side notamment dans les taux de marge\u00a0: un taux \u00e9lev\u00e9 peut-\u00eatre r\u00e9duit par une entreprise afin de \u00abconserver sa client\u00e8le\u00bb ou d&rsquo;\u00ababsorber en tout ou partie la hausse des droits de douane pour ses clients en abaissant ses prix\u00bb, ajoute le document.<\/p>\n<p class=\"fig-paragraph\">Le taux de marge des entreprises exportatrices vers le march\u00e9 am\u00e9ricain s&rsquo;\u00e9tablit en moyenne \u00e0 35,5% en 2024, contre 27,9% pour des entreprises en France en 2022, avec des situations contrast\u00e9es selon la taille ou le secteur d&rsquo;activit\u00e9. Ainsi, un quart de ces entreprises ont un taux de marge inf\u00e9rieur \u00e0 11%, et un quart sup\u00e9rieur \u00e0 52,1%, rel\u00e8ve l&rsquo;\u00e9tude.<\/p>\n<p class=\"fig-paragraph\">Dans l&rsquo;hypoth\u00e8se o\u00f9 les entreprises tenteraient de neutraliser int\u00e9gralement la hausse des prix en r\u00e9duisant le taux de marge, elles devraient les r\u00e9duire de 0,6 point avec des droits de douane de 10%, et de pr\u00e8s de 2 points avec des droits de douane \u00e0 30%. Compte tenu de l&rsquo;exposition au march\u00e9 am\u00e9ricain et des taux de marge des entreprises, la situation serait \u00abplus difficile pour les industries de fabrication de mat\u00e9riel de transport (construction a\u00e9ronautique et navale)\u00bb et \u00abpour les microentreprises et pour les entreprises ind\u00e9pendantes\u00bb, estiment les auteurs.<\/p>\n","protected":false},"excerpt":{"rendered":"Plus de 10% du chiffre d\u2019affaires de ces soci\u00e9t\u00e9s tricolores d\u00e9pend de leurs exportations aux \u00c9tats-Unis, alertent les&hellip;\n","protected":false},"author":2,"featured_media":272849,"comment_status":"","ping_status":"","sticky":false,"template":"","format":"standard","meta":{"footnotes":""},"categories":[6],"tags":[35,33,34,73,1011,27,1074],"class_list":{"0":"post-272848","1":"post","2":"type-post","3":"status-publish","4":"format-standard","5":"has-post-thumbnail","7":"category-economie","8":"tag-business","9":"tag-economie","10":"tag-economy","11":"tag-etats-unis","12":"tag-fr","13":"tag-france","14":"tag-guerre-commerciale"},"share_on_mastodon":{"url":"https:\/\/pubeurope.com\/@fr\/114914100710484897","error":""},"_links":{"self":[{"href":"https:\/\/www.europesays.com\/fr\/wp-json\/wp\/v2\/posts\/272848","targetHints":{"allow":["GET"]}}],"collection":[{"href":"https:\/\/www.europesays.com\/fr\/wp-json\/wp\/v2\/posts"}],"about":[{"href":"https:\/\/www.europesays.com\/fr\/wp-json\/wp\/v2\/types\/post"}],"author":[{"embeddable":true,"href":"https:\/\/www.europesays.com\/fr\/wp-json\/wp\/v2\/users\/2"}],"replies":[{"embeddable":true,"href":"https:\/\/www.europesays.com\/fr\/wp-json\/wp\/v2\/comments?post=272848"}],"version-history":[{"count":0,"href":"https:\/\/www.europesays.com\/fr\/wp-json\/wp\/v2\/posts\/272848\/revisions"}],"wp:featuredmedia":[{"embeddable":true,"href":"https:\/\/www.europesays.com\/fr\/wp-json\/wp\/v2\/media\/272849"}],"wp:attachment":[{"href":"https:\/\/www.europesays.com\/fr\/wp-json\/wp\/v2\/media?parent=272848"}],"wp:term":[{"taxonomy":"category","embeddable":true,"href":"https:\/\/www.europesays.com\/fr\/wp-json\/wp\/v2\/categories?post=272848"},{"taxonomy":"post_tag","embeddable":true,"href":"https:\/\/www.europesays.com\/fr\/wp-json\/wp\/v2\/tags?post=272848"}],"curies":[{"name":"wp","href":"https:\/\/api.w.org\/{rel}","templated":true}]}}