{"id":27285,"date":"2025-04-15T19:04:13","date_gmt":"2025-04-15T19:04:13","guid":{"rendered":"https:\/\/www.europesays.com\/fr\/27285\/"},"modified":"2025-04-15T19:04:13","modified_gmt":"2025-04-15T19:04:13","slug":"au-petit-matin-a-rennes-ils-applaudissent-les-cyclistes-qui-se-rendent-au-boulot","status":"publish","type":"post","link":"https:\/\/www.europesays.com\/fr\/27285\/","title":{"rendered":"au petit matin \u00e0 Rennes, ils applaudissent les cyclistes qui se rendent au boulot"},"content":{"rendered":"<p>            Par<br \/>\n        <strong><br \/>\n            <a href=\"https:\/\/actu.fr\/auteur\/laurene-fertin\" title=\"Consulter tous les articles de Laur\u00e8ne Fertin\" target=\"_blank\" rel=\"noopener\">Laur\u00e8ne Fertin<\/a><br \/>\n        <\/strong><\/p>\n<p>        Publi\u00e9 le<\/p>\n<p>            15 avr. 2025 \u00e0 11h19        <\/p>\n<p>Il faut quelques minutes avant que <strong>les visages se d\u00e9rident<\/strong>, avant d\u2019afficher <strong>un sourire amus\u00e9<\/strong>. Ce mardi 15 avril 2025, place de Bretagne \u00e0 Rennes, les cyclistes \u2013 un peu <strong>surpris<\/strong> \u2013 se font vivement <strong>encourager<\/strong> par des pi\u00e9tons haut en couleurs, \u00e0 coup de <strong>pancartes<\/strong> et de <strong>slogans.<\/strong><\/p>\n<p>\u00ab\u00a0P\u00e9daler, c\u2019est styl\u00e9\u00a0\u00bb<\/p>\n<p class=\" wall-content\"><strong>Quatre b\u00e9n\u00e9voles<\/strong> de<strong> l\u2019association Rayons d\u2019Action<\/strong> s\u2019affairent en effet \u00e0 <strong>applaudir<\/strong> avec <strong>vigueur<\/strong> celles et ceux qui se rendent <strong>sur le chemin du boulot :<\/strong> \u00ab\u00a0Bravo \u00e0 votre v\u00e9lo\u00a0\u00bb, \u00ab\u00a0votre v\u00e9lo est beau !\u00a0\u00bb, \u00ab\u00a0bonne journ\u00e9e \u00e0 v\u00e9lo\u00a0\u00bb, \u00ab\u00a0bravo\u00a0\u00bb, \u00ab\u00a0merci de faire le choix du v\u00e9lo\u00a0\u00bb, \u00ab\u00a0p\u00e9daler, c\u2019est styl\u00e9\u00a0\u00bb, peut-on entendre ou lire sur ce <strong>carrefour tr\u00e8s emprunt\u00e9.<\/strong><\/p>\n<p class=\" wall-content\">\u00ab\u00a0C\u2019est purement <strong>gratuit\u00a0\u00bb,<\/strong> sourit Armande, membre de l\u2019association qui promeut l\u2019int\u00e9r\u00eat des usagers du v\u00e9lo et des pi\u00e9tons dans la M\u00e9tropole de Rennes.<\/p>\n<blockquote class=\"ac-article-quote wall-content\">\n<p>On veut mettre de la bonne humeur sur le trajet matinal ! On les remercie de faire le choix du v\u00e9lo.<\/p>\n<p>    <strong>Armande<\/strong><br \/>\n        Membre de l&rsquo;association Rayons d&rsquo;Action    <\/p><\/blockquote>\n<p class=\" wall-content\">\n<p>Des encouragements r\u00e9guliers<\/p>\n<p class=\" wall-content\">Un job amusant auquel se pr\u00eatent les b\u00e9n\u00e9voles depuis un moment d\u00e9j\u00e0. Car ce n\u2019est <strong>pas la premi\u00e8re fois<\/strong> qu\u2019ils se postent aux feux rouges ou encore au stop pour c\u00e9l\u00e9brer les cyclistes.\u00a0<\/p>\n<blockquote class=\"ac-article-quote wall-content\">\n<p>Nous \u00e9tions \u00e9galement place Saint-Germain, c&rsquo;est d&rsquo;ailleurs \u00e0 cet endroit que nous avons men\u00e9 une action priorit\u00e9 aux pi\u00e9tons parce que certaines personnes nous faisaient part de leur difficult\u00e9 \u00e0 traverser ; les v\u00e9los ne c\u00e9dant pas facilement leur passage.<\/p>\n<p>    <strong>Armande<\/strong><br \/>\n        Membre de l&rsquo;association Rayons d&rsquo;Action    <\/p><\/blockquote>\n<p class=\" wall-content\"><strong>Semaine de la mobilit\u00e9<\/strong>, <strong>action<\/strong> <strong>\u00ab\u00a0coup de pompe\u00a0\u00bb<\/strong> pour regonfler les pneus et effectuer <strong>des entretiens sommaires<\/strong> sur les v\u00e9los\u2026 Les b\u00e9n\u00e9voles interviennent de nombreuses fois \u00e0 Rennes et dans sa M\u00e9tropole.<\/p>\n<p>      <img   decoding=\"async\" loading=\"lazy\" src=\"https:\/\/www.europesays.com\/fr\/wp-content\/uploads\/2025\/04\/velos-cyclistes-cyclisme-rennes-pistes-cyclables-circulation-1-960x640.jpg\" alt=\"xxx\" width=\"960\" height=\"640\"\/><br \/>\n    \u00ab\u00a0P\u00e9daler c\u2019est la sant\u00e9 !\u00a0\u00bb, peut-on lire sur la pancarte des b\u00e9n\u00e9voles de l\u2019Association Rayons d\u2019Action. (\u00a9Laur\u00e8ne Fertin \u2013 actu Rennes)Un barom\u00e8tre v\u00e9lo<\/p>\n<p class=\" wall-content\">Les b\u00e9n\u00e9voles en profitent pour glisser, \u00e0 celles et ceux qui sont le plus r\u00e9ceptifs, <strong>un flyer<\/strong> qui leur permette de participer au <strong>\u00ab\u00a0<a href=\"https:\/\/www.barometre-velo.fr\/\" target=\"_blank\" rel=\"noopener\">barom\u00e8tre du v\u00e9lo<\/a>\u00ab\u00a0.<\/strong><\/p>\n<p class=\" wall-content\">Par une s\u00e9rie de <strong>questions<\/strong> durant 10 minutes gr\u00e2ce \u00e0 un QR code, les cyclistes peuvent jusqu\u2019au 2 juin donner <strong>leur avis<\/strong> sur la circulation, sur l\u2019entente (ou des altercations) avec les v\u00e9hicules ou les pi\u00e9tons, les points dangereux, etc.<\/p>\n<p class=\" wall-content\">\u00ab\u00a0C\u2019est un outil qui permet \u00e0 la Ville et la M\u00e9tropole de <strong>conna\u00eetre<\/strong> et <strong>d\u2019\u00e9tudier<\/strong> les <strong>conditions<\/strong>\u00a0<strong>de d\u00e9placement\u00a0\u00bb,<\/strong> r\u00e9sume Armande. <strong>Les r\u00e9sultats<\/strong> seront disponibles en septembre en 2025.\u00a0<\/p>\n<p>Un lieu de contr\u00f4les fr\u00e9quents<\/p>\n<p class=\" wall-content\">Si les cyclistes \u00e9taient encourag\u00e9s ce mardi 15 avril 2025 place de Bretagne, dans une tout autre ambiance, en octobre 2024, ils \u00e9taient contr\u00f4l\u00e9s et pour certains enfreignant la loi, <strong>verbalis\u00e9s<\/strong> par les forces de l\u2019ordre. <a href=\"https:\/\/actu.fr\/bretagne\/rennes_35238\/les-amendes-sont-disproportionnees-a-rennes-les-cyclistes-verbalises-par-la-police-sont-en-colere_61699785.html\" target=\"_blank\" rel=\"noopener\">Des amendes qu\u2019ils jugeaient alors \u00ab\u00a0disproportionn\u00e9es\u00a0\u00bb<\/a>.<\/p>\n<p class=\" wall-content\"><strong>Une op\u00e9ration similaire,<\/strong> nomm\u00e9e \u00ab\u00a0La route se partage\u00a0\u00bb s\u2019\u00e9tait tenue en d\u00e9cembre 2024, o\u00f9 la presse \u00e9tait convi\u00e9e. <a href=\"https:\/\/actu.fr\/bretagne\/rennes_35238\/50-verbalisations-en-une-heure-voici-les-infractions-les-plus-relevees-par-la-police-de-rennes_61986166.html\" target=\"_blank\" rel=\"noopener\">Nous vous listions alors<strong> les infractions les plus relev\u00e9es<\/strong> par la police<\/a>.<\/p>\n<p class=\" wall-content\">Pour rappel, selon la pr\u00e9fecture d\u2019Ille-et-Vilaine,<strong> les op\u00e9rations pr\u00e9ventives<\/strong> (sans verbalisation) par la police sont r\u00e9alis\u00e9es depuis janvier 2023 \u00e0 une fr\u00e9quence d\u2019une fois par mois. <strong>Les op\u00e9rations avec verbalisations<\/strong>, toujours selon la pr\u00e9fecture, sont de l\u2019ordre d\u2019une fois par semaine.<\/p>\n<p class=\" wall-content\">Suivez toute l\u2019actualit\u00e9 de vos villes et m\u00e9dias favoris en vous inscrivant \u00e0 <a href=\"https:\/\/moncompte.actu.fr\" title=\"D\u00e9couvez Mon Actu\" rel=\"nofollow noopener\" data-trk=\"{&quot;cta&quot;:{&quot;action&quot;:&quot;https:\\\/\\\/moncompte.actu.fr&quot;,&quot;category&quot;:&quot;mon compte&quot;,&quot;from&quot;:&quot;article footer&quot;,&quot;name&quot;:&quot;Mon actu&quot;,&quot;type&quot;:&quot;cta&quot;}}\" target=\"_blank\">Mon Actu<\/a>.<\/p>\n","protected":false},"excerpt":{"rendered":"Par Laur\u00e8ne Fertin Publi\u00e9 le 15 avr. 2025 \u00e0 11h19 Il faut quelques minutes avant que les visages&hellip;\n","protected":false},"author":2,"featured_media":27286,"comment_status":"","ping_status":"","sticky":false,"template":"","format":"standard","meta":{"footnotes":""},"categories":[2821],"tags":[1111,11,829,1777,674,1011,27,12,4798,584,25,104,208],"class_list":{"0":"post-27285","1":"post","2":"type-post","3":"status-publish","4":"format-standard","5":"has-post-thumbnail","7":"category-rennes","8":"tag-actu","9":"tag-actualites","10":"tag-bretagne","11":"tag-eu","12":"tag-europe","13":"tag-fr","14":"tag-france","15":"tag-news","16":"tag-pistes-cyclables","17":"tag-rennes","18":"tag-republique-francaise","19":"tag-societe","20":"tag-velo"},"share_on_mastodon":{"url":"https:\/\/pubeurope.com\/@fr\/114343540483816346","error":""},"_links":{"self":[{"href":"https:\/\/www.europesays.com\/fr\/wp-json\/wp\/v2\/posts\/27285","targetHints":{"allow":["GET"]}}],"collection":[{"href":"https:\/\/www.europesays.com\/fr\/wp-json\/wp\/v2\/posts"}],"about":[{"href":"https:\/\/www.europesays.com\/fr\/wp-json\/wp\/v2\/types\/post"}],"author":[{"embeddable":true,"href":"https:\/\/www.europesays.com\/fr\/wp-json\/wp\/v2\/users\/2"}],"replies":[{"embeddable":true,"href":"https:\/\/www.europesays.com\/fr\/wp-json\/wp\/v2\/comments?post=27285"}],"version-history":[{"count":0,"href":"https:\/\/www.europesays.com\/fr\/wp-json\/wp\/v2\/posts\/27285\/revisions"}],"wp:featuredmedia":[{"embeddable":true,"href":"https:\/\/www.europesays.com\/fr\/wp-json\/wp\/v2\/media\/27286"}],"wp:attachment":[{"href":"https:\/\/www.europesays.com\/fr\/wp-json\/wp\/v2\/media?parent=27285"}],"wp:term":[{"taxonomy":"category","embeddable":true,"href":"https:\/\/www.europesays.com\/fr\/wp-json\/wp\/v2\/categories?post=27285"},{"taxonomy":"post_tag","embeddable":true,"href":"https:\/\/www.europesays.com\/fr\/wp-json\/wp\/v2\/tags?post=27285"}],"curies":[{"name":"wp","href":"https:\/\/api.w.org\/{rel}","templated":true}]}}