{"id":272852,"date":"2025-07-25T13:27:10","date_gmt":"2025-07-25T13:27:10","guid":{"rendered":"https:\/\/www.europesays.com\/fr\/272852\/"},"modified":"2025-07-25T13:27:10","modified_gmt":"2025-07-25T13:27:10","slug":"cedric-jubillar-conteste-avoir-fait-le-moindre-aveu-a-sa-derniere-compagne","status":"publish","type":"post","link":"https:\/\/www.europesays.com\/fr\/272852\/","title":{"rendered":"C\u00e9dric Jubillar \u00ab\u00a0conteste avoir fait le moindre aveu\u00a0\u00bb \u00e0 sa derni\u00e8re compagne"},"content":{"rendered":"<p>Il d\u00e9ment. <a href=\"https:\/\/www.20minutes.fr\/faits_divers\/affaire-jubillar\/\" class=\"color-ultramarine c-link\" target=\"_blank\" rel=\"noopener\">C\u00e9dric Jubillar<\/a> nie avoir avou\u00e9 qu\u2019il avait tu\u00e9 Delphine \u00e0 sa petite amie d\u2019alors, contrairement \u00e0 ce qu\u2019affirme cette derni\u00e8re, a indiqu\u00e9 ce vendredi l\u2019un de ses <a href=\"https:\/\/www.20minutes.fr\/dossier\/avocat\" class=\"color-ultramarine c-link\" target=\"_blank\" rel=\"noopener\">avocats<\/a>. \u00ab\u00a0Maintenant, c\u2019est \u00e0 la justice [\u2026] de nous dire la cr\u00e9dibilit\u00e9 qu\u2019elle entend donner \u00e0 ce t\u00e9moignage\u00a0\u00bb, a comment\u00e9 l\u2019avocat toulousain Alexandre Martin.<\/p>\n<p>L\u2019ex-petite amie de C\u00e9dric Jubillar a rapport\u00e9 aux enqu\u00eateurs que le peintre-plaquiste lui avait confi\u00e9 \u00ab\u00a0\u00e0 plusieurs reprises\u00a0\u00bb, au cours de discussions successives au parloir de la prison, qu\u2019il avait \u00e9trangl\u00e9 sa femme, selon des \u00e9l\u00e9ments de son audition dont l\u2019AFP a eu connaissance. Au cours d\u2019une audition de quatre heures mercredi devant les gendarmes de la section de recherches de <a href=\"https:\/\/www.20minutes.fr\/toulouse\/\" class=\"color-ultramarine c-link\" target=\"_blank\" rel=\"noopener\">Toulouse<\/a>, \u00ab\u00a0Justine\u00a0\u00bb, comme l\u2019a surnomm\u00e9e la presse, a racont\u00e9 que le suspect lui avait dit avoir \u00ab\u00a0tout pr\u00e9par\u00e9 et pens\u00e9 \u00e0 tout\u00a0\u00bb, persuad\u00e9 que \u00ab\u00a0personne ne l\u2019avait vu\u00a0\u00bb lors du meurtre suppos\u00e9, mais a refus\u00e9 de lui confier pr\u00e9cis\u00e9ment o\u00f9 se trouve le corps.<\/p>\n<p>Un autre d\u00e9tenu avait aussi affirm\u00e9 avoir recueilli des aveux<\/p>\n<p>Le suspect aurait, selon des documents judiciaires, d\u00e9j\u00e0 affirm\u00e9 \u00e0 un cod\u00e9tenu ainsi qu\u2019\u00e0 une autre ex-compagne avoir tu\u00e9 Delphine. \u00ab\u00a0On s\u2019est d\u00e9j\u00e0 expliqu\u00e9 sur le cod\u00e9tenu, pr\u00e9cise Alexandre Martin. Il avait dit qu\u2019il l\u2019exasp\u00e9rait. A force d\u2019\u00eatre emmerd\u00e9 par les uns et les autres, il avait pu dire ce qu\u2019il a dit \u00e0 l\u2019\u00e9poque. Mais l\u00e0, avec elle, il conteste absolument avoir fait quelque aveu que ce soit. [\u2026] Ce type de dossier extr\u00eamement m\u00e9diatique suscite [\u2026] un attrait chez des gens qui, \u00e0 un moment donn\u00e9, vont essayer de prendre la lumi\u00e8re.\u00a0\u00bb<\/p>\n<\/p>\n<p>Le proc\u00e8s de C\u00e9dric Jubillar pour meurtre sur conjoint doit s\u2019ouvrir le 22\u00a0septembre pour quatre semaines devant la <a href=\"https:\/\/www.20minutes.fr\/societe\/cour_d_assises-1\/\" class=\"color-ultramarine c-link\" target=\"_blank\" rel=\"noopener\">cour d\u2019assises<\/a> du Tarn. L\u2019accus\u00e9 a toujours ni\u00e9 toute implication dans la disparition fin\u00a02020 \u00e0 Cagnac-les-Mines (<a href=\"https:\/\/www.20minutes.fr\/toulouse\/tarn\/\" class=\"color-ultramarine c-link\" target=\"_blank\" rel=\"noopener\">Tarn<\/a>) de sa femme infirmi\u00e8re, dont le corps n\u2019a jamais \u00e9t\u00e9 retrouv\u00e9.<\/p>\n","protected":false},"excerpt":{"rendered":"Il d\u00e9ment. C\u00e9dric Jubillar nie avoir avou\u00e9 qu\u2019il avait tu\u00e9 Delphine \u00e0 sa petite amie d\u2019alors, contrairement \u00e0&hellip;\n","protected":false},"author":2,"featured_media":272853,"comment_status":"","ping_status":"","sticky":false,"template":"","format":"standard","meta":{"footnotes":""},"categories":[4],"tags":[47,11,33044,1067,118,3555,1011,27,2722,777,2721,12,2680,25,104,8412,2312],"class_list":{"0":"post-272852","1":"post","2":"type-post","3":"status-publish","4":"format-standard","5":"has-post-thumbnail","7":"category-france","8":"tag-actualite","9":"tag-actualites","10":"tag-affaire-jubillar","11":"tag-enquete","12":"tag-faits-divers","13":"tag-feminicide","14":"tag-fr","15":"tag-france","16":"tag-haute-garonne","17":"tag-meurtre","18":"tag-midi-pyrenees","19":"tag-news","20":"tag-occitanie","21":"tag-republique-francaise","22":"tag-societe","23":"tag-tarn","24":"tag-toulouse"},"share_on_mastodon":{"url":"https:\/\/pubeurope.com\/@fr\/114914108779444998","error":""},"_links":{"self":[{"href":"https:\/\/www.europesays.com\/fr\/wp-json\/wp\/v2\/posts\/272852","targetHints":{"allow":["GET"]}}],"collection":[{"href":"https:\/\/www.europesays.com\/fr\/wp-json\/wp\/v2\/posts"}],"about":[{"href":"https:\/\/www.europesays.com\/fr\/wp-json\/wp\/v2\/types\/post"}],"author":[{"embeddable":true,"href":"https:\/\/www.europesays.com\/fr\/wp-json\/wp\/v2\/users\/2"}],"replies":[{"embeddable":true,"href":"https:\/\/www.europesays.com\/fr\/wp-json\/wp\/v2\/comments?post=272852"}],"version-history":[{"count":0,"href":"https:\/\/www.europesays.com\/fr\/wp-json\/wp\/v2\/posts\/272852\/revisions"}],"wp:featuredmedia":[{"embeddable":true,"href":"https:\/\/www.europesays.com\/fr\/wp-json\/wp\/v2\/media\/272853"}],"wp:attachment":[{"href":"https:\/\/www.europesays.com\/fr\/wp-json\/wp\/v2\/media?parent=272852"}],"wp:term":[{"taxonomy":"category","embeddable":true,"href":"https:\/\/www.europesays.com\/fr\/wp-json\/wp\/v2\/categories?post=272852"},{"taxonomy":"post_tag","embeddable":true,"href":"https:\/\/www.europesays.com\/fr\/wp-json\/wp\/v2\/tags?post=272852"}],"curies":[{"name":"wp","href":"https:\/\/api.w.org\/{rel}","templated":true}]}}