{"id":272854,"date":"2025-07-25T13:28:16","date_gmt":"2025-07-25T13:28:16","guid":{"rendered":"https:\/\/www.europesays.com\/fr\/272854\/"},"modified":"2025-07-25T13:28:16","modified_gmt":"2025-07-25T13:28:16","slug":"lalgerie-accuse-la-france-davoir-viole-la-convention-de-vienne-que-prevoit-ce-traite","status":"publish","type":"post","link":"https:\/\/www.europesays.com\/fr\/272854\/","title":{"rendered":"L&rsquo;Alg\u00e9rie accuse la France d&rsquo;avoir viol\u00e9 la Convention de Vienne : que pr\u00e9voit ce trait\u00e9 ?"},"content":{"rendered":"<ul class=\"jsx-862013697 ArticleChapo__List\">\n<li class=\"jsx-862013697 ArticleChapo__List_Item flex\">La relation entre Paris et Alger conna\u00eet un nouveau regain de tensions ces derni\u00e8res heures.<\/li>\n<li class=\"jsx-862013697 ArticleChapo__List_Item flex\">En cause, une d\u00e9cision de Bruno Retailleau de restreindre les conditions de d\u00e9placement en France de dignitaires alg\u00e9riens.<\/li>\n<li class=\"jsx-862013697 ArticleChapo__List_Item flex\">L&rsquo;Alg\u00e9rie estime que cela viole la Convention de Vienne, sign\u00e9e en 1961.<\/li>\n<\/ul>\n<p><a href=\"https:\/\/www.tf1info.fr\/actualite\/crise-diplomatique-entre-la-france-et-l-algerie-boualem-sansal-influenceurs-doualemn-13872\/\" rel=\"noopener\" class=\"jsx-484472199 Link jsx-1428418400 jsx-554215408\" target=\"_blank\"><\/p>\n<p style=\"font-weight:400\" class=\"jsx-1837267516\">Suivez la couverture compl\u00e8te<\/p>\n<p style=\"font-weight:800\" class=\"jsx-1837267516\">Apr\u00e8s un r\u00e9chauffement, le ton remonte d&rsquo;un cran entre Paris et Alger<\/p>\n<p><\/a><\/p>\n<p data-module=\"article-paragraph\" class=\"jsx-3046738180 Paragraph\">Les tensions durent depuis des mois et elles sont encore loin de s&rsquo;apaiser. La porte-parole du gouvernement Sophie Primas a indiqu\u00e9 mercredi 23 juillet que le ministre de l&rsquo;Int\u00e9rieur \u00e9tait \u00ab\u00a0en train\u00a0\u00bb de <a href=\"https:\/\/www.tf1info.fr\/international\/algerie-paris-va-restreindre-les-deplacements-d-un-certain-nombre-de-dignitaires-en-france-2384709.html\" target=\"_blank\" rel=\"noopener\">restreindre les conditions de d\u00e9placement<\/a> en France d&rsquo;un \u00ab\u00a0certain nombre de dignitaires alg\u00e9riens\u00a0\u00bb. Une d\u00e9cision prise par <a href=\"https:\/\/www.tf1info.fr\/politique\/algerie-etat-de-droit-energies-renouvelables-ces-fois-ou-le-ministre-bruno-retailleau-est-sorti-du-rang-2384670.html\" target=\"_blank\" rel=\"noopener\">Bruno Retailleau<\/a> apr\u00e8s le refus d&rsquo;Alger de reprendre 120 ressortissants sous obligation de quitter le territoire fran\u00e7ais (OQTF).<\/p>\n<p data-module=\"article-paragraph\" class=\"jsx-3046738180 Paragraph Paragraph__End\">Vingt-quatre heures plus tard, le minist\u00e8re alg\u00e9rien des Affaires \u00e9trang\u00e8res a r\u00e9agi jeudi 24 juillet, via un communiqu\u00e9 publi\u00e9 sur X. Il dit \u00ab\u00a0avoir pris connaissance, avec \u00e9tonnement, de la mesure prise pour entraver l&rsquo;acc\u00e8s des agents accr\u00e9dit\u00e9s de l&rsquo;Ambassade d&rsquo;Alg\u00e9rie en France aux zones r\u00e9serv\u00e9es des a\u00e9roports parisiens aux fins de prise en charge des valises diplomatiques\u00a0\u00bb.<\/p>\n<p>Immunit\u00e9 diplomatique, protection des communications&#8230;<\/p>\n<p data-module=\"article-paragraph\" class=\"jsx-3046738180 Paragraph\">Les autorit\u00e9s ajoutent : \u00ab\u00a0Cette mesure constitue (&#8230;) une violation manifeste des dispositions de la <a href=\"https:\/\/legal.un.org\/ilc\/texts\/instruments\/french\/conventions\/9_1_1961.pdf\" target=\"_blank\" rel=\"noopener\">Convention de Vienne (nouvelle fen\u00eatre)<\/a>.\u00a0\u00bb Ce trait\u00e9 international organise les relations diplomatiques entre \u00c9tats, limite le risque d&rsquo;ing\u00e9rence et encadre notamment la gestion du personnel diplomatique. Adopt\u00e9 en 1961 en Autriche, d&rsquo;o\u00f9 son nom, il est ratifi\u00e9 par l&rsquo;Alg\u00e9rie le 14 avril 1964 et par la France le 31 d\u00e9cembre 1970, selon la liste des pays signataires \u00e9tablie par <a href=\"https:\/\/treaties.un.org\/Pages\/ViewDetails.aspx?src=IND&amp;mtdsg_no=III-3&amp;chapter=3&amp;clang=_fr\" target=\"_blank\" rel=\"noopener\">l&rsquo;ONU (nouvelle fen\u00eatre)<\/a>.<\/p>\n<p data-module=\"article-paragraph\" class=\"jsx-3046738180 Paragraph\">Plusieurs principes fondamentaux du droit international sont r\u00e9gis par cette convention. Elle permet par exemple aux \u00c9tats de <a href=\"https:\/\/www.tf1info.fr\/international\/la-france-va-renvoyer-a-son-tour-des-diplomates-algeriens-apres-l-expulsion-de-fonctionnaires-francais-d-algerie-2370695.html\" target=\"_blank\" rel=\"noopener\">renvoyer le personnel d&rsquo;une ambassade (nouvelle fen\u00eatre)<\/a> et de le d\u00e9clarer persona non grata sur son territoire national. L&rsquo;article 22 indique de son c\u00f4t\u00e9 que les ambassades sont des lieux \u00ab\u00a0inviolables\u00a0\u00bb et l&rsquo;article 29 organise l&rsquo;immunit\u00e9 diplomatique, principe selon lequel les membres du corps diplomatique ne peuvent g\u00e9n\u00e9ralement \u00eatre ni arr\u00eat\u00e9s ni d\u00e9tenus dans le pays o\u00f9 il travaille.<\/p>\n<p data-module=\"article-paragraph\" class=\"jsx-3046738180 Paragraph Paragraph__End\">L&rsquo;Alg\u00e9rie accuse aujourd&rsquo;hui la France d&rsquo;avoir plus particuli\u00e8rement port\u00e9 atteinte \u00e0 \u00ab\u00a0l&rsquo;article 27\u00a0\u00bb de la Convention de Vienne. Ce dernier prot\u00e8ge les communications entre les diplomates et leur pays d&rsquo;origine. Par exemple, les courriers ne peuvent pas \u00eatre lus. L&rsquo;alin\u00e9a 7 pr\u00e9cise m\u00eame que \u00ab\u00a0la valise diplomatique peut \u00eatre confi\u00e9e au commandant d\u2019un a\u00e9ronef commercial qui doit atterrir \u00e0 un point d\u2019entr\u00e9e autoris\u00e9\u00a0\u00bb. C&rsquo;est justement ce point concernant les d\u00e9placements en avion qui semble concentrer la col\u00e8re des responsables alg\u00e9riens.<\/p>\n<p><a href=\"https:\/\/www.tf1info.fr\/politique\/immigration-que-prevoit-l-accord-de-1968-liant-la-france-et-l-algerie-que-ancien-premier-ministre-edouard-philippe-remet-en-cause-2259465.html\" rel=\"noopener\" class=\"jsx-3308031228 Link flex\" target=\"_blank\"><img decoding=\"async\" src=\"https:\/\/www.europesays.com\/fr\/wp-content\/uploads\/2025\/07\/relations-france-algerie-drapeaux-b84c56-2@1x.jpeg\" alt=\"Alain JOCARD \/ AFP\" loading=\"lazy\" importance=\"low\" fetchpriority=\"low\" class=\"\" aria-hidden=\"true\"\/><\/p>\n<p class=\"jsx-3657663356 ReadMoreArticle__Title\">Lire aussi<\/p>\n<p class=\"jsx-3657663356\">Immigration : remis en cause par la France, que pr\u00e9voit l&rsquo;accord de 1968 avec l&rsquo;Alg\u00e9rie ?<\/p>\n<p><\/a><\/p>\n<p data-module=\"article-paragraph\" class=\"jsx-3046738180 Paragraph\">Devant ce qu&rsquo;elle consid\u00e8re comme une \u00ab\u00a0atteinte grave au bon fonctionnement de la mission diplomatique alg\u00e9rienne en France\u00a0\u00bb, l&rsquo;Alg\u00e9rie a annonc\u00e9 sa riposte en appliquant \u00ab\u00a0avec rigueur et sans d\u00e9lai le principe de la r\u00e9ciprocit\u00e9\u00a0\u00bb. Le r\u00e9gime d&rsquo;Abdelmadjid Tebboune n&rsquo;exclut pas de recourir \u00ab\u00a0y compris \u00e0 la saisine des Nations unies\u00a0\u00bb. Un acte qui serait in\u00e9dit et qui marquerait une nouvelle escalade dans la crise diplomatique aigu\u00eb entre la France et l&rsquo;Alg\u00e9rie.<\/p>\n<p data-module=\"article-paragraph\" class=\"jsx-3046738180 Paragraph Paragraph__End\">Les deux pays ont vu leurs relations se d\u00e9t\u00e9riorer depuis le soutien appuy\u00e9 de la France au plan d&rsquo;autonomie du Sahara occidental \u00ab\u00a0sous souverainet\u00e9 marocaine\u00a0\u00bb propos\u00e9 par Rabat. L&rsquo;arrestation mi-novembre de l&rsquo;\u00e9crivain Boualem Sansal et la d\u00e9tention du journaliste Christophe Gleizes n&rsquo;ont depuis fait qu&rsquo;accentuer les tensions.<\/p>\n<p>Zo\u00e9 SAMIN<\/p>\n","protected":false},"excerpt":{"rendered":"La relation entre Paris et Alger conna\u00eet un nouveau regain de tensions ces derni\u00e8res heures. En cause, une&hellip;\n","protected":false},"author":2,"featured_media":272855,"comment_status":"","ping_status":"","sticky":false,"template":"","format":"standard","meta":{"footnotes":""},"categories":[2],"tags":[1111,11,15,41228,1921,1013,1011,27,1922,41229,12,133,1920],"class_list":{"0":"post-272854","1":"post","2":"type-post","3":"status-publish","4":"format-standard","5":"has-post-thumbnail","7":"category-actualites","8":"tag-actu","9":"tag-actualites","10":"tag-algerie","11":"tag-apres-un-rechauffement","12":"tag-article-video","13":"tag-bruno-retailleau","14":"tag-fr","15":"tag-france","16":"tag-info","17":"tag-le-ton-remonte-dun-cran-entre-paris-et-alger","18":"tag-news","19":"tag-video","20":"tag-video-international"},"share_on_mastodon":{"url":"https:\/\/pubeurope.com\/@fr\/114914112517905256","error":""},"_links":{"self":[{"href":"https:\/\/www.europesays.com\/fr\/wp-json\/wp\/v2\/posts\/272854","targetHints":{"allow":["GET"]}}],"collection":[{"href":"https:\/\/www.europesays.com\/fr\/wp-json\/wp\/v2\/posts"}],"about":[{"href":"https:\/\/www.europesays.com\/fr\/wp-json\/wp\/v2\/types\/post"}],"author":[{"embeddable":true,"href":"https:\/\/www.europesays.com\/fr\/wp-json\/wp\/v2\/users\/2"}],"replies":[{"embeddable":true,"href":"https:\/\/www.europesays.com\/fr\/wp-json\/wp\/v2\/comments?post=272854"}],"version-history":[{"count":0,"href":"https:\/\/www.europesays.com\/fr\/wp-json\/wp\/v2\/posts\/272854\/revisions"}],"wp:featuredmedia":[{"embeddable":true,"href":"https:\/\/www.europesays.com\/fr\/wp-json\/wp\/v2\/media\/272855"}],"wp:attachment":[{"href":"https:\/\/www.europesays.com\/fr\/wp-json\/wp\/v2\/media?parent=272854"}],"wp:term":[{"taxonomy":"category","embeddable":true,"href":"https:\/\/www.europesays.com\/fr\/wp-json\/wp\/v2\/categories?post=272854"},{"taxonomy":"post_tag","embeddable":true,"href":"https:\/\/www.europesays.com\/fr\/wp-json\/wp\/v2\/tags?post=272854"}],"curies":[{"name":"wp","href":"https:\/\/api.w.org\/{rel}","templated":true}]}}