{"id":272862,"date":"2025-07-25T13:32:09","date_gmt":"2025-07-25T13:32:09","guid":{"rendered":"https:\/\/www.europesays.com\/fr\/272862\/"},"modified":"2025-07-25T13:32:09","modified_gmt":"2025-07-25T13:32:09","slug":"ils-menaient-des-actions-violentes-pour-faire-pression-sur-des-agents-de-la-prison-de-nancy-12-interpelles","status":"publish","type":"post","link":"https:\/\/www.europesays.com\/fr\/272862\/","title":{"rendered":"Ils menaient des actions violentes pour faire pression sur des agents de la prison de Nancy : 12 interpell\u00e9s"},"content":{"rendered":"<p>            Par<br \/>\n        <strong><br \/>\n            <a href=\"https:\/\/actu.fr\/auteur\/amandine-mehl\" title=\"Consulter tous les articles de Amandine Mehl\" target=\"_blank\" rel=\"noopener\">Amandine Mehl<\/a><br \/>\n        <\/strong><\/p>\n<p>        Publi\u00e9 le<\/p>\n<p>            25 juil. 2025 \u00e0 15h06        <\/p>\n<p>Une <strong>douzaine d\u2019individus<\/strong> suspect\u00e9s d\u2019\u00eatre impliqu\u00e9s dans des <strong>actions violentes<\/strong> ciblant des <strong>personnels de la maison d\u2019arr\u00eat de Nancy<\/strong> ont \u00e9t\u00e9 interpell\u00e9s, annonce par communiqu\u00e9 la Juridiction interr\u00e9gionale sp\u00e9cialis\u00e9e (JIRS) de Nancy.<\/p>\n<p class=\" wall-content\">Douze personnes ont \u00e9t\u00e9 <strong>mises en examen<\/strong>, dont neuf plac\u00e9es en <strong>d\u00e9tention provisoire<\/strong> et trois <strong>sous contr\u00f4le judiciaire<\/strong>.<\/p>\n<p>Plusieurs incendies ou tentatives d\u2019agressions visant des agents p\u00e9nitentiaires<\/p>\n<p class=\" wall-content\">\u00ab\u2009\u00c0 partir du mois d\u2019avril\u00a02025, <strong>plusieurs incendies<\/strong> ou <strong>tentatives d\u2019agressions graves<\/strong> \u00e9taient commis dans le secteur de Nancy <strong>aux domiciles ou aux abords de domiciles d\u2019agents p\u00e9nitentiaires<\/strong>. Ces actions violentes visaient \u00e0 exercer des pressions sur le personnel de la maison d\u2019arr\u00eat de Nancy-Max\u00e9ville\u2009\u00bb, peut-on lire.<\/p>\n<p class=\" wall-content\">Les investigations men\u00e9es ont permis \u00ab\u2009de mettre rapidement en \u00e9vidence les agissements d\u2019une <strong>bande structur\u00e9e<\/strong>\u2009\u00bb. Plusieurs suspects, <strong>\u00e2g\u00e9s de 18 \u00e0 26\u00a0ans<\/strong>, originaires de la r\u00e9gion parisienne ou des d\u00e9partements du Nord et de la Moselle, \u00ab\u2009\u00e9taient mis en cause pour s\u2019\u00eatre rendus dans le secteur de Nancy pour commettre des incendies ou des agressions physiques au pr\u00e9judice d\u2019agents p\u00e9nitentiaires\u2009\u00bb, poursuit la JIRS.<\/p>\n<p>Plusieurs suspects \u00e0 l\u2019origine des ordres \u00e9taient d\u00e9j\u00e0 incarc\u00e9r\u00e9s<\/p>\n<p class=\" wall-content\">Sur place, les ex\u00e9cutants <strong>attendaient de recevoir les instructions des commanditaires<\/strong> et se mettaient en attente afin d\u2019agresser les agents vis\u00e9s ou de commettre des destructions et des d\u00e9gradations.<\/p>\n<p class=\" wall-content\">Plusieurs suspects, certains \u00e9taient <strong>d\u00e9j\u00e0 incarc\u00e9r\u00e9s<\/strong>, ont \u00e9t\u00e9 mis en cause pour avoir donn\u00e9 des instructions en vue des diff\u00e9rents passages \u00e0 l\u2019acte.<\/p>\n<p class=\" wall-content\">Ce sont plusieurs op\u00e9rations successives de <a href=\"https:\/\/actu.fr\/tag\/police\" target=\"_blank\" rel=\"noopener\">police<\/a> judiciaire, conduites par la Section de recherches de Nancy et la Division de la criminalit\u00e9 organis\u00e9e et sp\u00e9cialis\u00e9e de Nancy, avec l\u2019appui du GIGN sous la direction de magistrats instructeurs de la JIRS de Nancy qui ont conduit \u00e0 l\u2019interpellation des mis en cause.<\/p>\n<p class=\" wall-content\">Suivez toute l\u2019actualit\u00e9 de vos villes et m\u00e9dias favoris en vous inscrivant \u00e0 <a href=\"https:\/\/moncompte.actu.fr\" title=\"D\u00e9couvez Mon Actu\" rel=\"nofollow noopener\" data-trk=\"{&quot;cta&quot;:{&quot;action&quot;:&quot;https:\\\/\\\/moncompte.actu.fr&quot;,&quot;category&quot;:&quot;mon compte&quot;,&quot;from&quot;:&quot;article footer&quot;,&quot;name&quot;:&quot;Mon actu&quot;,&quot;type&quot;:&quot;cta&quot;}}\" target=\"_blank\">Mon Actu<\/a>.<\/p>\n","protected":false},"excerpt":{"rendered":"Par Amandine Mehl Publi\u00e9 le 25 juil. 2025 \u00e0 15h06 Une douzaine d\u2019individus suspect\u00e9s d\u2019\u00eatre impliqu\u00e9s dans des&hellip;\n","protected":false},"author":2,"featured_media":272863,"comment_status":"","ping_status":"","sticky":false,"template":"","format":"standard","meta":{"footnotes":""},"categories":[9635],"tags":[1111,11,1777,674,118,1011,27,775,1702,12,1072,899,25],"class_list":{"0":"post-272862","1":"post","2":"type-post","3":"status-publish","4":"format-standard","5":"has-post-thumbnail","7":"category-nancy","8":"tag-actu","9":"tag-actualites","10":"tag-eu","11":"tag-europe","12":"tag-faits-divers","13":"tag-fr","14":"tag-france","15":"tag-grand-est","16":"tag-nancy","17":"tag-news","18":"tag-police","19":"tag-prisons","20":"tag-republique-francaise"},"share_on_mastodon":{"url":"https:\/\/pubeurope.com\/@fr\/114914128235920617","error":""},"_links":{"self":[{"href":"https:\/\/www.europesays.com\/fr\/wp-json\/wp\/v2\/posts\/272862","targetHints":{"allow":["GET"]}}],"collection":[{"href":"https:\/\/www.europesays.com\/fr\/wp-json\/wp\/v2\/posts"}],"about":[{"href":"https:\/\/www.europesays.com\/fr\/wp-json\/wp\/v2\/types\/post"}],"author":[{"embeddable":true,"href":"https:\/\/www.europesays.com\/fr\/wp-json\/wp\/v2\/users\/2"}],"replies":[{"embeddable":true,"href":"https:\/\/www.europesays.com\/fr\/wp-json\/wp\/v2\/comments?post=272862"}],"version-history":[{"count":0,"href":"https:\/\/www.europesays.com\/fr\/wp-json\/wp\/v2\/posts\/272862\/revisions"}],"wp:featuredmedia":[{"embeddable":true,"href":"https:\/\/www.europesays.com\/fr\/wp-json\/wp\/v2\/media\/272863"}],"wp:attachment":[{"href":"https:\/\/www.europesays.com\/fr\/wp-json\/wp\/v2\/media?parent=272862"}],"wp:term":[{"taxonomy":"category","embeddable":true,"href":"https:\/\/www.europesays.com\/fr\/wp-json\/wp\/v2\/categories?post=272862"},{"taxonomy":"post_tag","embeddable":true,"href":"https:\/\/www.europesays.com\/fr\/wp-json\/wp\/v2\/tags?post=272862"}],"curies":[{"name":"wp","href":"https:\/\/api.w.org\/{rel}","templated":true}]}}