{"id":272867,"date":"2025-07-25T13:35:24","date_gmt":"2025-07-25T13:35:24","guid":{"rendered":"https:\/\/www.europesays.com\/fr\/272867\/"},"modified":"2025-07-25T13:35:24","modified_gmt":"2025-07-25T13:35:24","slug":"pourquoi-vingt-trois-vehicules-auto-ecoles-ont-ete-controles-par-la-police","status":"publish","type":"post","link":"https:\/\/www.europesays.com\/fr\/272867\/","title":{"rendered":"pourquoi vingt-trois v\u00e9hicules auto-\u00e9coles ont \u00e9t\u00e9 contr\u00f4l\u00e9s par la police"},"content":{"rendered":"<p>            Par<br \/>\n        <strong><br \/>\n            <a href=\"https:\/\/actu.fr\/auteur\/jm-aubert\" title=\"Consulter tous les articles de Jean-Marc Aubert\" target=\"_blank\" rel=\"noopener\">Jean-Marc Aubert<\/a><br \/>\n        <\/strong><\/p>\n<p>        Publi\u00e9 le<\/p>\n<p>            25 juil. 2025 \u00e0 12h16        <\/p>\n<p>Trop de morts sur les routes, le<strong> pr\u00e9fet de l\u2019H\u00e9rault<\/strong> monte au cr\u00e9neau avec des contr\u00f4les renforc\u00e9s : en 2024, en effet, sur les <strong>routes de l\u2019H\u00e9rault<\/strong>, 58 personnes ont perdu la vie et 1 000 ont \u00e9t\u00e9 bless\u00e9es lors d\u2019accidents de la circulation. La consommation d\u2019alcool et\/ou de stup\u00e9fiants \u00e9tait en cause dans vingt-quatre accidents mortels.<\/p>\n<p class=\" wall-content\">Le premier semestre 2025 est marqu\u00e9 par une recrudescence significative du nombre de personnes tu\u00e9es\u00a0: 34 morts \u00e0 ce jour, contre 24 \u00e0 la m\u00eame p\u00e9riode en 2024, selon l\u2019<strong>Observatoire\u00a0d\u00e9partemental de la s\u00e9curit\u00e9 routi\u00e8re<\/strong>, soit une augmentation de 42%. La consommation d\u2019alcool et\/ou de stup\u00e9fiants a \u00e9t\u00e9 constat\u00e9e dans onze accidents mortels.<\/p>\n<p>    <a href=\"https:\/\/www.google.com\/maps\/embed?pb=!1m18!1m12!1m3!1d8576.742614170531!2d3.9104504113451006!3d43.61238873991306!2m3!1f0!2f0!3f0!3m2!1i1024!2i768!4f13.1!3m3!1m2!1s0x12b6a583cf4a0609%3A0xc9718353ff936db3!2sDDTM%2034%20-%20Maison%20S%C3%A9curit%C3%A9%20Routi%C3%A8re%20-%20Centre%20examen%20permis%20de%20conduire!5e0!3m2!1sfr!2sfr!4v1753437694719!5m2!1sfr!2sfr\" title=\"Ouvrie le lien\" target=\"_blank\" rel=\"noopener\">Cliquez ici pour visualiser le contenu<\/a><\/p>\n<p class=\" wall-content\">Pour lutter contre les facteurs aggravants -vitesse, alcool, stup\u00e9fiant- \u00e0 l\u2019origine de trop nombreux accidents mortels sur les routes,\u00a0le <strong>pr\u00e9fet de l\u2019H\u00e9rault<\/strong> a demand\u00e9 une intensification des contr\u00f4les.\u00a0Tous les conducteurs sont concern\u00e9s, y compris ceux en voie d\u2019obtention du permis de conduire.<\/p>\n<p class=\" wall-content\">La premi\u00e8re op\u00e9ration n\u2019a pas tard\u00e9 : ainsi, ce lundi 21 juillet 2025, \u00e0 <strong>Montpellier<\/strong>, des contr\u00f4les ont cibl\u00e9\u00a0les<strong> \u00e9l\u00e8ves des auto-\u00e9coles<\/strong> en cours de conduite ou en examen, mais aussi les accompagnateurs, moniteurs d\u2019auto-\u00e9cole et inspecteurs du permis de conduire. Post\u00e9s aux abords de la Maison de la s\u00e9curit\u00e9 routi\u00e8re, rue Alfred Nobel, dans le quartier du Mill\u00e9naire, les policiers nationaux de la DIPN 34, notamment ceux de la compagnie d\u2019intervention, ont proc\u00e9d\u00e9 \u00e0 des d\u00e9pistages alcool et stup\u00e9fiants.\u00a0<strong>23 v\u00e9hicules auto-\u00e9coles<\/strong> ont fait l\u2019objet d\u2019un contr\u00f4le, avec un d\u00e9pistage positif sur un \u00e9l\u00e8ve en cours de conduite.<\/p>\n<p>Vid\u00e9os : en ce moment sur Actu<br \/>\n    <img   decoding=\"async\" loading=\"lazy\" src=\"https:\/\/www.europesays.com\/fr\/wp-content\/uploads\/2025\/07\/0-4-1-960x530.png\" alt=\"Les auto-\u00e9coles dans le collimateur des policiers \u00e0 Montpellier \" width=\"960\" height=\"530\"\/><br \/>\n    Rue Alfred Nobel : les auto-\u00e9coles dans le collimateur des policiers \u00e0 Montpellier (\u00a9DIPN 34)<\/p>\n<p class=\" wall-content\">\u00ab\u00a0Les consommateurs de stup\u00e9fiants constituent une cible particuli\u00e8re\u00a0: ces personnes qui alimentent le narcotrafic et qui, de surcroit, causent des dommages irr\u00e9versibles sur les routes, brisant des familles.\u00a0Les usagers de stup\u00e9fiants doivent \u00eatre mis face \u00e0 leurs responsabilit\u00e9s\u00a0\u00bb, souligne Fran\u00e7ois-Xavier Lauch, le pr\u00e9fet.<\/p>\n<p>1 549 permis de conduire suspendus<\/p>\n<p class=\" wall-content\">A l\u2019issue des contr\u00f4les positifs, des sanctions administratives (six mois de suspension imm\u00e9diate pour d\u00e9pistage positif de stup\u00e9fiants, retrait de points, annulation du permis, interdiction de repasser l\u2019examen pendant plusieurs ann\u00e9es\u2026) et p\u00e9nales sont encourues.\u00a0<br \/>Une r\u00e8gle en vigueur\u00a0:<strong> tol\u00e9rance z\u00e9ro pour les d\u00e9linquants de la route<\/strong>. Depuis le d\u00e9but de l\u2019ann\u00e9e le pr\u00e9fet a prononc\u00e9 \u00a0<strong>1 549 suspensions de permis de conduire,<\/strong> dont 376 pour conduite sous l\u2019emprise de stup\u00e9fiants.<\/p>\n<p>Encore deux accidents mortels\u00a0<\/p>\n<p class=\" wall-content\">Ces actions du pr\u00e9fet de l\u2019H\u00e9rault concernant la s\u00e9curit\u00e9 routi\u00e8re ont lieu, alors que deux nouveaux drames de la circulation sont survenus, l\u2019un mercredi 23 juillet avec le d\u00e9c\u00e8s d\u2019un cycliste sur la route de Ganges, \u00e0 Montpellier, \u00e9cras\u00e9 par les roues d\u2019un poids lourd et dans la nuit de ce jeudi 24 \u00e0 ce vendredi 25 juillet, sur la voie rapide reliant Montpellier et La Grande-Motte au niveau de la bretelle de sortie de\u00a0<strong>P\u00e9rols<\/strong> : un jeune motard est d\u00e9c\u00e9d\u00e9, un autre pilote d\u2019une moto est gri\u00e8vement bless\u00e9.<\/p>\n<p class=\" wall-content\">Suivez toute l\u2019actualit\u00e9 de vos villes et m\u00e9dias favoris en vous inscrivant \u00e0 <a href=\"https:\/\/moncompte.actu.fr\" title=\"D\u00e9couvez Mon Actu\" rel=\"nofollow noopener\" data-trk=\"{&quot;cta&quot;:{&quot;action&quot;:&quot;https:\\\/\\\/moncompte.actu.fr&quot;,&quot;category&quot;:&quot;mon compte&quot;,&quot;from&quot;:&quot;article footer&quot;,&quot;name&quot;:&quot;Mon actu&quot;,&quot;type&quot;:&quot;cta&quot;}}\" target=\"_blank\">Mon Actu<\/a>.<\/p>\n<ul class=\"ac-article-tag wall-content\">\n<li><a href=\"https:\/\/actu.fr\/tag\/police\" data-trk=\"{&quot;cta&quot;:{&quot;action&quot;:&quot;Police&quot;,&quot;category&quot;:&quot;tag&quot;,&quot;from&quot;:&quot;article footer&quot;,&quot;name&quot;:&quot;Police&quot;,&quot;type&quot;:&quot;cta&quot;}}\" target=\"_blank\" rel=\"noopener\">#Police<\/a><\/li>\n<li><a href=\"https:\/\/actu.fr\/tag\/securite-routiere\" data-trk=\"{&quot;cta&quot;:{&quot;action&quot;:&quot;S\\u00e9curit\\u00e9 routi\\u00e8re&quot;,&quot;category&quot;:&quot;tag&quot;,&quot;from&quot;:&quot;article footer&quot;,&quot;name&quot;:&quot;S\\u00e9curit\\u00e9 routi\\u00e8re&quot;,&quot;type&quot;:&quot;cta&quot;}}\" target=\"_blank\" rel=\"noopener\">#S\u00e9curit\u00e9 routi\u00e8re<\/a><\/li>\n<\/ul>\n","protected":false},"excerpt":{"rendered":"Par Jean-Marc Aubert Publi\u00e9 le 25 juil. 2025 \u00e0 12h16 Trop de morts sur les routes, le pr\u00e9fet&hellip;\n","protected":false},"author":2,"featured_media":272868,"comment_status":"","ping_status":"","sticky":false,"template":"","format":"standard","meta":{"footnotes":""},"categories":[9599],"tags":[1111,11,1777,674,118,1011,27,2208,12,2680,1072,25,5009],"class_list":{"0":"post-272867","1":"post","2":"type-post","3":"status-publish","4":"format-standard","5":"has-post-thumbnail","7":"category-montpellier","8":"tag-actu","9":"tag-actualites","10":"tag-eu","11":"tag-europe","12":"tag-faits-divers","13":"tag-fr","14":"tag-france","15":"tag-montpellier","16":"tag-news","17":"tag-occitanie","18":"tag-police","19":"tag-republique-francaise","20":"tag-securite-routiere"},"share_on_mastodon":{"url":"https:\/\/pubeurope.com\/@fr\/114914140093243859","error":""},"_links":{"self":[{"href":"https:\/\/www.europesays.com\/fr\/wp-json\/wp\/v2\/posts\/272867","targetHints":{"allow":["GET"]}}],"collection":[{"href":"https:\/\/www.europesays.com\/fr\/wp-json\/wp\/v2\/posts"}],"about":[{"href":"https:\/\/www.europesays.com\/fr\/wp-json\/wp\/v2\/types\/post"}],"author":[{"embeddable":true,"href":"https:\/\/www.europesays.com\/fr\/wp-json\/wp\/v2\/users\/2"}],"replies":[{"embeddable":true,"href":"https:\/\/www.europesays.com\/fr\/wp-json\/wp\/v2\/comments?post=272867"}],"version-history":[{"count":0,"href":"https:\/\/www.europesays.com\/fr\/wp-json\/wp\/v2\/posts\/272867\/revisions"}],"wp:featuredmedia":[{"embeddable":true,"href":"https:\/\/www.europesays.com\/fr\/wp-json\/wp\/v2\/media\/272868"}],"wp:attachment":[{"href":"https:\/\/www.europesays.com\/fr\/wp-json\/wp\/v2\/media?parent=272867"}],"wp:term":[{"taxonomy":"category","embeddable":true,"href":"https:\/\/www.europesays.com\/fr\/wp-json\/wp\/v2\/categories?post=272867"},{"taxonomy":"post_tag","embeddable":true,"href":"https:\/\/www.europesays.com\/fr\/wp-json\/wp\/v2\/tags?post=272867"}],"curies":[{"name":"wp","href":"https:\/\/api.w.org\/{rel}","templated":true}]}}