{"id":27287,"date":"2025-04-15T19:04:48","date_gmt":"2025-04-15T19:04:48","guid":{"rendered":"https:\/\/www.europesays.com\/fr\/27287\/"},"modified":"2025-04-15T19:04:48","modified_gmt":"2025-04-15T19:04:48","slug":"un-vol-de-telephone-degenere-la-victime-poignardee-au-visage","status":"publish","type":"post","link":"https:\/\/www.europesays.com\/fr\/27287\/","title":{"rendered":"un vol de t\u00e9l\u00e9phone d\u00e9g\u00e9n\u00e8re, la victime poignard\u00e9e au visage"},"content":{"rendered":"<p>            Par<br \/>\n        <strong><br \/>\n            <a href=\"https:\/\/actu.fr\/auteur\/lea-pippinato\" title=\"Consulter tous les articles de L\u00e9a Pippinato\" rel=\"nofollow noopener\" target=\"_blank\">L\u00e9a Pippinato<\/a><br \/>\n        <\/strong><\/p>\n<p>        Publi\u00e9 le<\/p>\n<p>            15 avr. 2025 \u00e0 18h49        <\/p>\n<p>Le quartier de Malbosc, \u00e0 <strong>Montpellier<\/strong>, a connu une violente sc\u00e8ne<strong> ce samedi 12 avril 2025<\/strong> au soir. Il est environ 22h30 quand un homme de 53 ans se fait agresser sur la route Ernest Hemingway. Selon les premiers \u00e9l\u00e9ments recueillis, <strong>l\u2019agresseur tente de lui voler son t\u00e9l\u00e9phone portable<\/strong>. La victime refuse de c\u00e9der. <strong>L\u2019agresseur sort un couteau et frappe \u00e0 plusieurs reprises<\/strong>.<\/p>\n<p>    <a href=\"https:\/\/www.google.com\/maps\/embed?pb=!1m18!1m12!1m3!1d5775.332496162684!2d3.8343735!3d43.634305!2m3!1f0!2f0!3f0!3m2!1i1024!2i768!4f13.1!3m3!1m2!1s0x12b6aea352cc76e1%3A0x17509cb5b0576b14!2sRte%20Ernest%20Hemingway%2C%20Montpellier!5e0!3m2!1sfr!2sfr!4v1744735147583!5m2!1sfr!2sfr\" title=\"Ouvrie le lien\" rel=\"nofollow noopener\" target=\"_blank\">Cliquez ici pour visualiser le contenu<\/a><\/p>\n<p class=\" wall-content\">Le quinquag\u00e9naire est bless\u00e9, notamment \u00e0 la joue et \u00e0 l\u2019avant-bras. Son t\u00e9l\u00e9phone, vis\u00e9 au d\u00e9part, ne sera jamais vol\u00e9. La r\u00e9sistance du propri\u00e9taire l\u2019a emp\u00each\u00e9. Prise en charge par les secours, la victime reste consciente et ses jours ne sont pas en danger.<\/p>\n<p>Une piste rapide, un suspect identifi\u00e9<\/p>\n<p class=\" wall-content\">L\u2019enqu\u00eate d\u00e9bute aussit\u00f4t. Les policiers interrogent les t\u00e9moins pr\u00e9sents. Les premiers r\u00e9cits orientent les recherches vers un homme de 49 ans, connu de la victime. Vers 23h, les forces de l\u2019ordre le rep\u00e8rent non loin du lieu de l\u2019agression. L\u2019homme est interpell\u00e9 sans difficult\u00e9. Sur lui, les enqu\u00eateurs trouvent une cha\u00eene appartenant \u00e0 la victime, ainsi qu\u2019une sacoche macul\u00e9e de sang. Le signalement correspond. Le quinquag\u00e9naire reconna\u00eet formellement son agresseur et d\u00e9pose plainte dans la foul\u00e9e.<\/p>\n<p class=\" wall-content\">Un autre homme, pr\u00e9sent lors des faits, a lui aussi \u00e9t\u00e9 interpell\u00e9. Tr\u00e8s vite, il est mis hors de cause. La victime explique m\u00eame que ce dernier a tent\u00e9 de calmer la situation, sans prendre part \u00e0 l\u2019agression. \u00a0Le suspect, lui, nie toute implication. Plac\u00e9 en garde \u00e0 vue puis d\u00e9f\u00e9r\u00e9, il sera jug\u00e9 en comparution imm\u00e9diate <strong>ce mercredi 16 avril<\/strong>.<\/p>\n<p>Vid\u00e9os : en ce moment sur Actu<\/p>\n<p class=\" wall-content\">Suivez toute l\u2019actualit\u00e9 de vos villes et m\u00e9dias favoris en vous inscrivant \u00e0 <a href=\"https:\/\/moncompte.actu.fr\" title=\"D\u00e9couvez Mon Actu\" rel=\"nofollow noopener\" data-trk=\"{&quot;cta&quot;:{&quot;action&quot;:&quot;https:\\\/\\\/moncompte.actu.fr&quot;,&quot;category&quot;:&quot;mon compte&quot;,&quot;from&quot;:&quot;article footer&quot;,&quot;name&quot;:&quot;Mon actu&quot;,&quot;type&quot;:&quot;cta&quot;}}\" target=\"_blank\">Mon Actu<\/a>.<\/p>\n<ul class=\"ac-article-tag wall-content\">\n<li><a href=\"https:\/\/actu.fr\/tag\/police\" data-trk=\"{&quot;cta&quot;:{&quot;action&quot;:&quot;Police&quot;,&quot;category&quot;:&quot;tag&quot;,&quot;from&quot;:&quot;article footer&quot;,&quot;name&quot;:&quot;Police&quot;,&quot;type&quot;:&quot;cta&quot;}}\" rel=\"nofollow noopener\" target=\"_blank\">#Police<\/a><\/li>\n<li><a href=\"https:\/\/actu.fr\/tag\/violences-urbaines\" data-trk=\"{&quot;cta&quot;:{&quot;action&quot;:&quot;Violences urbaines&quot;,&quot;category&quot;:&quot;tag&quot;,&quot;from&quot;:&quot;article footer&quot;,&quot;name&quot;:&quot;Violences urbaines&quot;,&quot;type&quot;:&quot;cta&quot;}}\" rel=\"nofollow noopener\" target=\"_blank\">#Violences urbaines<\/a><\/li>\n<\/ul>\n","protected":false},"excerpt":{"rendered":"Par L\u00e9a Pippinato Publi\u00e9 le 15 avr. 2025 \u00e0 18h49 Le quartier de Malbosc, \u00e0 Montpellier, a connu&hellip;\n","protected":false},"author":2,"featured_media":27288,"comment_status":"","ping_status":"","sticky":false,"template":"","format":"standard","meta":{"footnotes":""},"categories":[9599],"tags":[1111,11,1777,674,118,1011,27,2208,12,2680,1072,25,7501],"class_list":{"0":"post-27287","1":"post","2":"type-post","3":"status-publish","4":"format-standard","5":"has-post-thumbnail","7":"category-montpellier","8":"tag-actu","9":"tag-actualites","10":"tag-eu","11":"tag-europe","12":"tag-faits-divers","13":"tag-fr","14":"tag-france","15":"tag-montpellier","16":"tag-news","17":"tag-occitanie","18":"tag-police","19":"tag-republique-francaise","20":"tag-violences-urbaines"},"share_on_mastodon":{"url":"https:\/\/pubeurope.com\/@fr\/114343544585907617","error":""},"_links":{"self":[{"href":"https:\/\/www.europesays.com\/fr\/wp-json\/wp\/v2\/posts\/27287","targetHints":{"allow":["GET"]}}],"collection":[{"href":"https:\/\/www.europesays.com\/fr\/wp-json\/wp\/v2\/posts"}],"about":[{"href":"https:\/\/www.europesays.com\/fr\/wp-json\/wp\/v2\/types\/post"}],"author":[{"embeddable":true,"href":"https:\/\/www.europesays.com\/fr\/wp-json\/wp\/v2\/users\/2"}],"replies":[{"embeddable":true,"href":"https:\/\/www.europesays.com\/fr\/wp-json\/wp\/v2\/comments?post=27287"}],"version-history":[{"count":0,"href":"https:\/\/www.europesays.com\/fr\/wp-json\/wp\/v2\/posts\/27287\/revisions"}],"wp:featuredmedia":[{"embeddable":true,"href":"https:\/\/www.europesays.com\/fr\/wp-json\/wp\/v2\/media\/27288"}],"wp:attachment":[{"href":"https:\/\/www.europesays.com\/fr\/wp-json\/wp\/v2\/media?parent=27287"}],"wp:term":[{"taxonomy":"category","embeddable":true,"href":"https:\/\/www.europesays.com\/fr\/wp-json\/wp\/v2\/categories?post=27287"},{"taxonomy":"post_tag","embeddable":true,"href":"https:\/\/www.europesays.com\/fr\/wp-json\/wp\/v2\/tags?post=27287"}],"curies":[{"name":"wp","href":"https:\/\/api.w.org\/{rel}","templated":true}]}}