{"id":272871,"date":"2025-07-25T13:39:11","date_gmt":"2025-07-25T13:39:11","guid":{"rendered":"https:\/\/www.europesays.com\/fr\/272871\/"},"modified":"2025-07-25T13:39:11","modified_gmt":"2025-07-25T13:39:11","slug":"isere-loktoberfest-debarque-a-grenoble-pour-la-premiere-fois","status":"publish","type":"post","link":"https:\/\/www.europesays.com\/fr\/272871\/","title":{"rendered":"Is\u00e8re. L\u2019Oktoberfest d\u00e9barque \u00e0 Grenoble pour la premi\u00e8re fois"},"content":{"rendered":"<p>Le Summum de Grenoble accueille l\u2019Oktoberfest les 17, 18 et 19\u00a0octobre. Import\u00e9e de Munich (Allemagne) cette f\u00eate de la bi\u00e8re sera c\u00e9l\u00e9br\u00e9e pour la premi\u00e8re fois dans la capitale des Alpes. Deux soir\u00e9es festives, r\u00e9serv\u00e9es aux majeurs, sont propos\u00e9es les 17 et 18\u00a0octobre entre 17\u00a0h\u00a030 et 23 heures et un d\u00e9jeuner familial ouvert \u00e0 tous est organis\u00e9 le dimanche 19\u00a0octobre de 11 heures \u00e0 16 heures.<\/p>\n<p>Au menu\u00a0: un repas bavarois revisit\u00e9, une bi\u00e8re aux malts bavarois brass\u00e9e localement et une fanfare.<\/p>\n<p class=\"note\">Pour plus d\u2019information et pour r\u00e9server une table\u00a0: <a href=\"https:\/\/oktoberfestgrenoble.fr\/\" target=\"_blank\" rel=\"noopener\">oktoberfestgrenoble.fr<\/a><\/p>\n","protected":false},"excerpt":{"rendered":"Le Summum de Grenoble accueille l\u2019Oktoberfest les 17, 18 et 19\u00a0octobre. Import\u00e9e de Munich (Allemagne) cette f\u00eate de&hellip;\n","protected":false},"author":2,"featured_media":272872,"comment_status":"","ping_status":"","sticky":false,"template":"","format":"standard","meta":{"footnotes":""},"categories":[9566],"tags":[1111,11,2430,1687,112,1777,674,3326,1011,27,2731,2732,108,12,25],"class_list":{"0":"post-272871","1":"post","2":"type-post","3":"status-publish","4":"format-standard","5":"has-post-thumbnail","7":"category-grenoble","8":"tag-actu","9":"tag-actualites","10":"tag-auvergne-rhone-alpes","11":"tag-culture-loisirs","12":"tag-edition-grenoble-agglomeration","13":"tag-eu","14":"tag-europe","15":"tag-fete-locale","16":"tag-fr","17":"tag-france","18":"tag-grenoble","19":"tag-grenoble-bassin","20":"tag-isere","21":"tag-news","22":"tag-republique-francaise"},"share_on_mastodon":{"url":"https:\/\/pubeurope.com\/@fr\/114914155784032028","error":""},"_links":{"self":[{"href":"https:\/\/www.europesays.com\/fr\/wp-json\/wp\/v2\/posts\/272871","targetHints":{"allow":["GET"]}}],"collection":[{"href":"https:\/\/www.europesays.com\/fr\/wp-json\/wp\/v2\/posts"}],"about":[{"href":"https:\/\/www.europesays.com\/fr\/wp-json\/wp\/v2\/types\/post"}],"author":[{"embeddable":true,"href":"https:\/\/www.europesays.com\/fr\/wp-json\/wp\/v2\/users\/2"}],"replies":[{"embeddable":true,"href":"https:\/\/www.europesays.com\/fr\/wp-json\/wp\/v2\/comments?post=272871"}],"version-history":[{"count":0,"href":"https:\/\/www.europesays.com\/fr\/wp-json\/wp\/v2\/posts\/272871\/revisions"}],"wp:featuredmedia":[{"embeddable":true,"href":"https:\/\/www.europesays.com\/fr\/wp-json\/wp\/v2\/media\/272872"}],"wp:attachment":[{"href":"https:\/\/www.europesays.com\/fr\/wp-json\/wp\/v2\/media?parent=272871"}],"wp:term":[{"taxonomy":"category","embeddable":true,"href":"https:\/\/www.europesays.com\/fr\/wp-json\/wp\/v2\/categories?post=272871"},{"taxonomy":"post_tag","embeddable":true,"href":"https:\/\/www.europesays.com\/fr\/wp-json\/wp\/v2\/tags?post=272871"}],"curies":[{"name":"wp","href":"https:\/\/api.w.org\/{rel}","templated":true}]}}