{"id":272881,"date":"2025-07-25T13:44:11","date_gmt":"2025-07-25T13:44:11","guid":{"rendered":"https:\/\/www.europesays.com\/fr\/272881\/"},"modified":"2025-07-25T13:44:11","modified_gmt":"2025-07-25T13:44:11","slug":"circulation-et-stationnement-interdit-a-partir-de-22-h","status":"publish","type":"post","link":"https:\/\/www.europesays.com\/fr\/272881\/","title":{"rendered":"circulation et stationnement interdit \u00e0 partir de 22 h"},"content":{"rendered":"<p>Le centre-ville se pi\u00e9tonnise \u00e0 l\u2019occasion de <a href=\"https:\/\/www.dna.fr\/culture-loisirs\/2025\/07\/22\/deux-brocantes-350-commercants-dans-les-rues-la-grande-braderie-fait-son-retour-ce-samedi\" target=\"_blank\" rel=\"nofollow noopener\">la traditionnelle grande braderie<\/a> qui se tiendra samedi 26 juillet de 7 h 30 \u00e0 19 h 30. La circulation et le stationnement seront interdits sur la partie ouest de la Grande-Ile du vendredi 25 juillet 2025 \u00e0 22 h 00 au dimanche 27 juillet 2025 \u00e0 1 h.<\/p>\n<p>Une souplesse permettra aux v\u00e9hicules quittant un stationnement privatif ou un parking de sortir du p\u00e9rim\u00e8tre entre 22 h et 4 h 30 par le pont du Th\u00e9\u00e2tre et par le pont Saint-Nicolas.<\/p>\n<p>Les v\u00e9hicules des commer\u00e7ants non-s\u00e9dentaires participant \u00e0 la braderie pourront de leur c\u00f4t\u00e9 circuler de 5 h \u00e0 7 h pour l\u2019installation puis de 19 h 30 \u00e0 20 h 30 samedi 26 juillet pour le remballage.<\/p>\n<p>C\u00f4t\u00e9 transports en commun, les stations \u00c9toile Bourse, Porte de l\u2019H\u00f4pital, Langstross Grand\u2019rue et Homme de Fer ne seront pas desservies. Pour se rapprocher du centre-ville depuis la place de l\u2019\u00c9toile (toutes les 12 minutes), une navette sp\u00e9cifique sera mise en place et desservira les arr\u00eats de la ligne C8 : \u00c9toile Polygone, \u00c9toile Bourse, Porte de l\u2019H\u00f4pital et le terminus Pont Saint-Nicolas.<\/p>\n","protected":false},"excerpt":{"rendered":"Le centre-ville se pi\u00e9tonnise \u00e0 l\u2019occasion de la traditionnelle grande braderie qui se tiendra samedi 26 juillet de&hellip;\n","protected":false},"author":2,"featured_media":272882,"comment_status":"","ping_status":"","sticky":false,"template":"","format":"standard","meta":{"footnotes":""},"categories":[2820],"tags":[1111,11,2880,27337,1777,674,107,1011,27,775,12,25,801,104,640,2879,1631,216],"class_list":{"0":"post-272881","1":"post","2":"type-post","3":"status-publish","4":"format-standard","5":"has-post-thumbnail","7":"category-strasbourg","8":"tag-actu","9":"tag-actualites","10":"tag-edition-strasbourg","11":"tag-estivales","12":"tag-eu","13":"tag-europe","14":"tag-fil-info","15":"tag-fr","16":"tag-france","17":"tag-grand-est","18":"tag-news","19":"tag-republique-francaise","20":"tag-social","21":"tag-societe","22":"tag-strasbourg","23":"tag-strasbourg-ville","24":"tag-vie-associative","25":"tag-vie-des-entreprises"},"share_on_mastodon":{"url":"https:\/\/pubeurope.com\/@fr\/114914175538284456","error":""},"_links":{"self":[{"href":"https:\/\/www.europesays.com\/fr\/wp-json\/wp\/v2\/posts\/272881","targetHints":{"allow":["GET"]}}],"collection":[{"href":"https:\/\/www.europesays.com\/fr\/wp-json\/wp\/v2\/posts"}],"about":[{"href":"https:\/\/www.europesays.com\/fr\/wp-json\/wp\/v2\/types\/post"}],"author":[{"embeddable":true,"href":"https:\/\/www.europesays.com\/fr\/wp-json\/wp\/v2\/users\/2"}],"replies":[{"embeddable":true,"href":"https:\/\/www.europesays.com\/fr\/wp-json\/wp\/v2\/comments?post=272881"}],"version-history":[{"count":0,"href":"https:\/\/www.europesays.com\/fr\/wp-json\/wp\/v2\/posts\/272881\/revisions"}],"wp:featuredmedia":[{"embeddable":true,"href":"https:\/\/www.europesays.com\/fr\/wp-json\/wp\/v2\/media\/272882"}],"wp:attachment":[{"href":"https:\/\/www.europesays.com\/fr\/wp-json\/wp\/v2\/media?parent=272881"}],"wp:term":[{"taxonomy":"category","embeddable":true,"href":"https:\/\/www.europesays.com\/fr\/wp-json\/wp\/v2\/categories?post=272881"},{"taxonomy":"post_tag","embeddable":true,"href":"https:\/\/www.europesays.com\/fr\/wp-json\/wp\/v2\/tags?post=272881"}],"curies":[{"name":"wp","href":"https:\/\/api.w.org\/{rel}","templated":true}]}}