{"id":272883,"date":"2025-07-25T13:45:14","date_gmt":"2025-07-25T13:45:14","guid":{"rendered":"https:\/\/www.europesays.com\/fr\/272883\/"},"modified":"2025-07-25T13:45:14","modified_gmt":"2025-07-25T13:45:14","slug":"groupe-spada-la-construction-et-bien-plus","status":"publish","type":"post","link":"https:\/\/www.europesays.com\/fr\/272883\/","title":{"rendered":"Groupe SPADA : la construction et bien plus"},"content":{"rendered":"<p>                    <img loading=\"lazy\" decoding=\"async\" src=\"https:\/\/www.europesays.com\/fr\/wp-content\/uploads\/2025\/07\/79ac5e65b7c92e2894c378783baf07.jpg\" class=\"img-responsive post-image\" width=\"680\" height=\"510\" alt=\"Groupe SPADA : la constru\" title=\"Groupe SPADA : la construction et bien plus\"\/><\/p>\n<p class=\"chapo\">Le groupe SPADA, qui a b\u00e2ti de nombreux ouvrages repr\u00e9sentatifs de la C\u00f4te d\u2019Azur, s\u2019inscrit toujours dans ce pr\u00e9cieux h\u00e9ritage de construction, tout en d\u00e9veloppant de nouvelles branches.<\/p>\n<p>Difficile quand on vit sur la C\u00f4te d\u2019Azur de ne pas avoir fr\u00e9quent\u00e9 l\u2019un des nombreux ouvrages \u00e9rig\u00e9s par l\u2019entreprise SPADA, pour laquelle le b\u00e9ton n\u2019a pas de secret. La soci\u00e9t\u00e9 fond\u00e9e par Jean Spada en 1920\u00a0est en effet responsable de l\u2019\u00e9largissement de la Croisette \u00e0 Cannes, de la station Isola 2000, de l\u2019autoroute A8, du stade Louis-II \u00e0 Monaco, du MAMAC, de l\u2019extension de l\u2019a\u00e9roport Nice C\u00f4te d\u2019Azur ou encore d\u2019Anth\u00e9a. Et cette liste est loin d\u2019\u00eatre exhaustive.<\/p>\n<p>\t\t<img loading=\"lazy\" decoding=\"async\" src=\"https:\/\/www.europesays.com\/fr\/wp-content\/uploads\/2025\/07\/vertical_article_small-24.png\" width=\"375\" height=\"463\" alt=\"\"\/><\/p>\n<p>Florent Noiray \u00a9Groupe SPADA \/ Agence Comback\n<\/p>\n<p>Le <a href=\"https:\/\/www.facebook.com\/spadaconstruction\/?locale=fr_FR\" class=\"spip_out\" rel=\"external nofollow noopener\" target=\"_blank\">groupe SPADA,<\/a> qui f\u00eate cette ann\u00e9e ses 105 ans, a compt\u00e9 jusqu\u2019\u00e0 1 200 collaborateurs et a rayonn\u00e9 assez largement au-del\u00e0 des fronti\u00e8res azur\u00e9ennes. \u00ab\u00a0Notre grosse force, c\u2019\u00e9tait les ports maritimes. On en a fait plusieurs sur la C\u00f4te d\u2019Azur mais \u00e9galement en Corse, en Italie et en Espagne\u00a0\u00a0\u00bb, explique <strong>Florent Noiray,<\/strong> arriv\u00e9 en 2016 apr\u00e8s 10 ans pass\u00e9s dans l\u2019industrie automobile et directeur g\u00e9n\u00e9ral du groupe depuis 2022.  \u00ab\u00a0On avait un tr\u00e8s gros d\u00e9partement carri\u00e8res \u00e0 l\u2019\u00e9poque. C\u2019\u00e9tait l\u2019\u00e2ge d\u2019or de l\u2019entreprise. Apr\u00e8s, nous avons connu des p\u00e9riodes un peu plus difficiles, ce qui a fait qu\u2019on a c\u00e9d\u00e9 certaines activit\u00e9s, notamment les carri\u00e8res et les travaux publics. Et on s\u2019est recentr\u00e9 sur le b\u00e2timent, aujourd\u2019hui colonne vert\u00e9brale du groupe.\u00a0\u00bb SPADA est, selon son directeur g\u00e9n\u00e9ral, \u00ab\u00a0\u00a0une entreprise locale et une PME bien structur\u00e9e\u00a0\u00bb qui n\u2019a plus, pour le moment, de vell\u00e9it\u00e9s de d\u00e9veloppement \u00e0 l\u2019international.<\/p>\n<p>Esprit de famille<\/p>\n<p>\u00ab\u00a0Notre souhait est de travailler sur la diversification de nos branches d\u2019activit\u00e9 sur notre <br class=\"autobr\"\/><br \/>\nterritoire actuel, confie Florent Noiray. Quand je suis arriv\u00e9, j\u2019ai souhait\u00e9 engager une politique de diversification pour ne pas d\u00e9pendre que de la construction. C\u2019est pour cela que nous avons lanc\u00e9 la branche SPADA Promotion et am\u00e9nagement il y a quatre ans. Et puis nous avons aussi des projets tr\u00e8s ambitieux sur le volet environnemental, avec des d\u00e9ch\u00e8teries professionnelles qui permettront de faire du tri, du recyclage et de la valorisation.\u00a0\u00a0\u00bb Petit-fils de <strong>Paul Noiray,<\/strong> ing\u00e9nieur savoyard recrut\u00e9 par <strong>Jean Spada<\/strong> auquel il avait succ\u00e9d\u00e9 \u00e0 la t\u00eate du groupe en 1962, fils de Pierre <br class=\"autobr\"\/><br \/>\nNoiray, ancien dirigeant aux c\u00f4t\u00e9s de sa s\u0153ur <strong>Laure Carladous<\/strong>, Florent Noiray est tr\u00e8s <br class=\"autobr\"\/><br \/>\nattentif \u00e0 l\u2019esprit de famille de l\u2019entreprise. Au sens large. \u00ab\u00a0Monsieur Spada \u00e9tait quelqu\u2019un de proche des collaborateurs et il a toujours eu une politique sociale assez avanc\u00e9e pour l\u2019\u00e9poque. Nous essayons de garder cette attention \u00e0 l\u2019humain et au bien-\u00eatre des collaborateurs et je pense qu\u2019ils se sentent appartenir \u00e0 la famille SPADA.\u00a0\u00bb<\/p>\n<p>\u00c9lu \u00e0 la CCI Nice C\u00f4te d\u2019Azur, vice-pr\u00e9sident de la FBTP 06, Florent Noiray croit \u00e9galement beaucoup au collectif.\u00a0\u00ab\u00a0C\u2019est important de ne pas r\u00e9fl\u00e9chir tout seul dans son coin\u00a0\u00bb. Conscient de porter \u00ab\u00a0une certaine responsabilit\u00e9\u00a0\u00a0\u00bb, il n\u2019envisage pas autre chose que de voir tr\u00e8s loin pour son groupe\u00a0:\u00a0\u00ab\u00a0Je travaille pour qu\u2019on f\u00eate notre prochain centenaire\u00a0! C\u2019est comme cela que j\u2019essaie de m\u2019inscrire dans l\u2019histoire centenaire de l\u2019entreprise.\u00a0\u00bb <br class=\"autobr\"\/><br \/>\nEt d\u2019ajouter dans un \u00e9clat de rire\u00a0: \u00ab\u00a0\u00a0C\u2019est facile, je ne serai pas l\u00e0 pour voir si j\u2019y arrive.\u00a0\u00bb<\/p>\n<p>\t\t<img loading=\"lazy\" decoding=\"async\" src=\"https:\/\/www.europesays.com\/fr\/wp-content\/uploads\/2025\/07\/revue_de_presse_1_.png\" width=\"750\" height=\"525\" alt=\"\"\/><\/p>\n<p>Un chantier SPADA \u00e0 La Colle-sur-Loup \u00a9S.G\n<\/p>\n<p>Visuel de Une\u00a0: Jonathan Teadi, directeur du d\u00e9veloppement, Florent Noiray, Laure Carladous, membre du Comit\u00e9 de surveillance et de pilotage, et Pierre Noiray, membre du Comit\u00e9 de surveillance et de pilotage \u00a9Groupe SPADA \/ Agence Comback<\/p>\n","protected":false},"excerpt":{"rendered":"Le groupe SPADA, qui a b\u00e2ti de nombreux ouvrages repr\u00e9sentatifs de la C\u00f4te d\u2019Azur, s\u2019inscrit toujours dans ce&hellip;\n","protected":false},"author":2,"featured_media":272884,"comment_status":"","ping_status":"","sticky":false,"template":"","format":"standard","meta":{"footnotes":""},"categories":[2819],"tags":[1111,11,2408,1777,674,1011,27,12,2401,882,25],"class_list":{"0":"post-272883","1":"post","2":"type-post","3":"status-publish","4":"format-standard","5":"has-post-thumbnail","7":"category-nice","8":"tag-actu","9":"tag-actualites","10":"tag-appels-d","11":"tag-eu","12":"tag-europe","13":"tag-fr","14":"tag-france","15":"tag-news","16":"tag-nice","17":"tag-provence-alpes-cote-dazur","18":"tag-republique-francaise"},"share_on_mastodon":{"url":"https:\/\/pubeurope.com\/@fr\/114914179472607408","error":""},"_links":{"self":[{"href":"https:\/\/www.europesays.com\/fr\/wp-json\/wp\/v2\/posts\/272883","targetHints":{"allow":["GET"]}}],"collection":[{"href":"https:\/\/www.europesays.com\/fr\/wp-json\/wp\/v2\/posts"}],"about":[{"href":"https:\/\/www.europesays.com\/fr\/wp-json\/wp\/v2\/types\/post"}],"author":[{"embeddable":true,"href":"https:\/\/www.europesays.com\/fr\/wp-json\/wp\/v2\/users\/2"}],"replies":[{"embeddable":true,"href":"https:\/\/www.europesays.com\/fr\/wp-json\/wp\/v2\/comments?post=272883"}],"version-history":[{"count":0,"href":"https:\/\/www.europesays.com\/fr\/wp-json\/wp\/v2\/posts\/272883\/revisions"}],"wp:featuredmedia":[{"embeddable":true,"href":"https:\/\/www.europesays.com\/fr\/wp-json\/wp\/v2\/media\/272884"}],"wp:attachment":[{"href":"https:\/\/www.europesays.com\/fr\/wp-json\/wp\/v2\/media?parent=272883"}],"wp:term":[{"taxonomy":"category","embeddable":true,"href":"https:\/\/www.europesays.com\/fr\/wp-json\/wp\/v2\/categories?post=272883"},{"taxonomy":"post_tag","embeddable":true,"href":"https:\/\/www.europesays.com\/fr\/wp-json\/wp\/v2\/tags?post=272883"}],"curies":[{"name":"wp","href":"https:\/\/api.w.org\/{rel}","templated":true}]}}