{"id":272893,"date":"2025-07-25T13:50:10","date_gmt":"2025-07-25T13:50:10","guid":{"rendered":"https:\/\/www.europesays.com\/fr\/272893\/"},"modified":"2025-07-25T13:50:10","modified_gmt":"2025-07-25T13:50:10","slug":"dans-un-hopital-bordelais-leau-courante-contaminee-par-une-bacterie","status":"publish","type":"post","link":"https:\/\/www.europesays.com\/fr\/272893\/","title":{"rendered":"Dans un h\u00f4pital bordelais, l\u2019eau courante contamin\u00e9e par une bact\u00e9rie"},"content":{"rendered":"<p>Des analyses en date du 16 juillet ont conduit l\u2019h\u00f4pital Charles Perrens, \u00e0 Bordeaux, \u00e0 ne plus utiliser l\u2019eau courante par pr\u00e9caution, apprend-on dans un communiqu\u00e9 ce vendredi.<\/p>\n<p class=\"fig-paragraph\"><a href=\"http:\/\/www.lefigaro.fr\/societes\/empetre-dans-un-scandale-d-eaux-contaminees-nestle-au-defi-de-sauver-le-business-perrier-20250507\" data-fig-type=\"Article\" data-gtm-custom-categorie=\"navigation\" data-gtm-custom-action=\"crossclick\" data-gtm-custom-label=\"Contextuel\" data-gtm-event=\"customEventSPE\" data-fig-domain=\"LEFIGARO\" target=\"_blank\" rel=\"noopener\">27.000 litres d\u2019eaux<\/a>\u00a0ont \u00e9t\u00e9 stock\u00e9s pour \u00eatre distribu\u00e9s aux patients et aux\u00a0<a href=\"http:\/\/www.lefigaro.fr\/bordeaux\/on-met-ceinture-et-bretelles-retour-du-masque-face-au-covid-19-a-l-hopital-du-bassin-d-arcachon-20230810\" data-fig-type=\"NewsFlash\" data-gtm-custom-categorie=\"navigation\" data-gtm-custom-action=\"crossclick\" data-gtm-custom-label=\"Contextuel\" data-gtm-event=\"customEventSPE\" data-fig-domain=\"LEFIGARO\" target=\"_blank\" rel=\"noopener\">professionnels de sant\u00e9<\/a>. \u00abDes analyses r\u00e9alis\u00e9es le 16 juillet 2025 au Centre Hospitalier\u00a0<a href=\"http:\/\/www.lefigaro.fr\/bordeaux\/bordeaux-un-journal-et-un-podcast-inspires-du-papotin-realises-au-sein-de-l-hopital-psychiatrique-charles-perrens-20241204\" data-fig-type=\"NewsFlash\" data-gtm-custom-categorie=\"navigation\" data-gtm-custom-action=\"crossclick\" data-gtm-custom-label=\"Contextuel\" data-gtm-event=\"customEventSPE\" data-fig-domain=\"LEFIGARO\" target=\"_blank\" rel=\"noopener\">Charles Perrens<\/a> \u00a0ont mis en \u00e9vidence la pr\u00e9sence d\u2019une bact\u00e9rie dans le r\u00e9seau d\u2019eau froide\u00bb, indique un communiqu\u00e9 de l\u2019h\u00f4pital diffus\u00e9 ce vendredi.<\/p>\n<p class=\"fig-paragraph\">Les travaux de chloration destin\u00e9s \u00e0 r\u00e9soudre le probl\u00e8me doivent durer \u00abquelques semaines\u00bb. Pour l\u2019instant, l\u2019h\u00f4pital assure que ni les patients ni les soignants n\u2019ont \u00e9t\u00e9 infect\u00e9s par cette eau contamin\u00e9e. La bact\u00e9rie est toutefois suffisamment ind\u00e9sirable pour que m\u00eame la vaisselle de l\u2019\u00e9tablissement soit r\u00e9alis\u00e9e avec de l\u2019eau en bouteille.<\/p>\n<p>                                    <a class=\"fig-a11y-skip a11y-hidden\" href=\"#fig-a11y-skip-main-inarticle\"><br \/>\n        Passer la publicit\u00e9<br \/>\n    <\/a><\/p>\n<p class=\"fig-paragraph\">\u00abNos \u00e9quipes restent pleinement mobilis\u00e9es pour garantir la s\u00e9curit\u00e9 de tous, assurer la continuit\u00e9 des soins et veiller \u00e0 l\u2019approvisionnement en eau potable\u00bb, indique encore le centre hospitalier sans plus de d\u00e9tail.<\/p>\n","protected":false},"excerpt":{"rendered":"Des analyses en date du 16 juillet ont conduit l\u2019h\u00f4pital Charles Perrens, \u00e0 Bordeaux, \u00e0 ne plus utiliser&hellip;\n","protected":false},"author":2,"featured_media":272894,"comment_status":"","ping_status":"","sticky":false,"template":"","format":"standard","meta":{"footnotes":""},"categories":[2817],"tags":[1111,11,1997,5826,4858,1777,674,1011,27,100,12,2219,25],"class_list":{"0":"post-272893","1":"post","2":"type-post","3":"status-publish","4":"format-standard","5":"has-post-thumbnail","7":"category-bordeaux","8":"tag-actu","9":"tag-actualites","10":"tag-bordeaux","11":"tag-contamination","12":"tag-eau","13":"tag-eu","14":"tag-europe","15":"tag-fr","16":"tag-france","17":"tag-hopital","18":"tag-news","19":"tag-nouvelle-aquitaine","20":"tag-republique-francaise"},"share_on_mastodon":{"url":"https:\/\/pubeurope.com\/@fr\/114914199012330497","error":""},"_links":{"self":[{"href":"https:\/\/www.europesays.com\/fr\/wp-json\/wp\/v2\/posts\/272893","targetHints":{"allow":["GET"]}}],"collection":[{"href":"https:\/\/www.europesays.com\/fr\/wp-json\/wp\/v2\/posts"}],"about":[{"href":"https:\/\/www.europesays.com\/fr\/wp-json\/wp\/v2\/types\/post"}],"author":[{"embeddable":true,"href":"https:\/\/www.europesays.com\/fr\/wp-json\/wp\/v2\/users\/2"}],"replies":[{"embeddable":true,"href":"https:\/\/www.europesays.com\/fr\/wp-json\/wp\/v2\/comments?post=272893"}],"version-history":[{"count":0,"href":"https:\/\/www.europesays.com\/fr\/wp-json\/wp\/v2\/posts\/272893\/revisions"}],"wp:featuredmedia":[{"embeddable":true,"href":"https:\/\/www.europesays.com\/fr\/wp-json\/wp\/v2\/media\/272894"}],"wp:attachment":[{"href":"https:\/\/www.europesays.com\/fr\/wp-json\/wp\/v2\/media?parent=272893"}],"wp:term":[{"taxonomy":"category","embeddable":true,"href":"https:\/\/www.europesays.com\/fr\/wp-json\/wp\/v2\/categories?post=272893"},{"taxonomy":"post_tag","embeddable":true,"href":"https:\/\/www.europesays.com\/fr\/wp-json\/wp\/v2\/tags?post=272893"}],"curies":[{"name":"wp","href":"https:\/\/api.w.org\/{rel}","templated":true}]}}