{"id":272895,"date":"2025-07-25T13:51:11","date_gmt":"2025-07-25T13:51:11","guid":{"rendered":"https:\/\/www.europesays.com\/fr\/272895\/"},"modified":"2025-07-25T13:51:11","modified_gmt":"2025-07-25T13:51:11","slug":"meurtres-apocalyptiques-a-toulouse-dans-le-nouveau-thriller-esoterique-de-christelle-rousseau","status":"publish","type":"post","link":"https:\/\/www.europesays.com\/fr\/272895\/","title":{"rendered":"Meurtres apocalyptiques \u00e0 Toulouse dans le nouveau thriller \u00e9sot\u00e9rique de Christelle Rousseau"},"content":{"rendered":"<p>\n                                                                    l&rsquo;essentiel<br \/>\n                                                                Un thriller \u00e9sot\u00e9rique s\u2019empare de Toulouse\u00a0: dans \u00ab\u00a0Les Fils de l\u2019Apocalypse\u00a0\u00bb, le mot-cl\u00e9 apocalypse prend vie \u00e0 travers des meurtres rituels et une secte en qu\u00eate d\u2019un artefact diabolique\n                            <\/p>\n<p data-end=\"512\" data-start=\"157\">Un vent noir souffle sur Toulouse dans le nouveau roman de la Chaurienne Christelle Rousseau, \u00ab\u00a0Les Fils de l\u2019Apocalypse\u00a0\u00bb, un thriller haletant aux fronti\u00e8res du polar \u00e9sot\u00e9rique, publi\u00e9 r\u00e9cemment aux \u00e9ditions MVO.<\/p>\n<p data-end=\"512\" data-start=\"157\">Tout commence dans la Ville rose, frapp\u00e9e par une s\u00e9rie de meurtres sordides, chacun reproduisant les m\u00e9thodes des trois premiers cavaliers de l\u2019Apocalypse. L\u2019enqu\u00eate est confi\u00e9e au capitaine Nathan Kepler, un policier m\u00e9thodique et \u00e9l\u00e9gant, inspir\u00e9 par le flegme d\u2019un Hercule Poirot moderne, costume trois-pi\u00e8ces impeccable et moustache taill\u00e9e au cordeau. Il se met \u00e0 suspecter\u00a0Harry Roquebert, un \u00e9crivain dont le roman \u00ab\u00a0Code Apocalypse\u00a0\u00bb semble myst\u00e9rieusement li\u00e9 aux meurtres. Un groupe obscur \u2013 une secte oubli\u00e9e \u2013 croit avoir trouv\u00e9, dans ses pages, un code menant \u00e0 un artefact l\u00e9gendaire\u00a0: la Bible Satanique, capable de bouleverser l\u2019ordre du monde et de renverser le Vatican.\u00a0De r\u00e9v\u00e9lations en poursuites, le duo improbable est entra\u00een\u00e9 de Toulouse jusqu\u2019\u00e0 Rome, en passant par les canaux brumeux de Venise et l\u2019\u00eele de Poveglia, r\u00e9put\u00e9e pour \u00eatre le lieu le plus hant\u00e9 d\u2019Italie.<\/p>\n","protected":false},"excerpt":{"rendered":"l&rsquo;essentiel Un thriller \u00e9sot\u00e9rique s\u2019empare de Toulouse\u00a0: dans \u00ab\u00a0Les Fils de l\u2019Apocalypse\u00a0\u00bb, le mot-cl\u00e9 apocalypse prend vie \u00e0&hellip;\n","protected":false},"author":2,"featured_media":272896,"comment_status":"","ping_status":"","sticky":false,"template":"","format":"standard","meta":{"footnotes":""},"categories":[2816],"tags":[1111,11,1777,674,1011,27,12,2680,25,2312],"class_list":{"0":"post-272895","1":"post","2":"type-post","3":"status-publish","4":"format-standard","5":"has-post-thumbnail","7":"category-toulouse","8":"tag-actu","9":"tag-actualites","10":"tag-eu","11":"tag-europe","12":"tag-fr","13":"tag-france","14":"tag-news","15":"tag-occitanie","16":"tag-republique-francaise","17":"tag-toulouse"},"share_on_mastodon":{"url":"https:\/\/pubeurope.com\/@fr\/114914204806912063","error":""},"_links":{"self":[{"href":"https:\/\/www.europesays.com\/fr\/wp-json\/wp\/v2\/posts\/272895","targetHints":{"allow":["GET"]}}],"collection":[{"href":"https:\/\/www.europesays.com\/fr\/wp-json\/wp\/v2\/posts"}],"about":[{"href":"https:\/\/www.europesays.com\/fr\/wp-json\/wp\/v2\/types\/post"}],"author":[{"embeddable":true,"href":"https:\/\/www.europesays.com\/fr\/wp-json\/wp\/v2\/users\/2"}],"replies":[{"embeddable":true,"href":"https:\/\/www.europesays.com\/fr\/wp-json\/wp\/v2\/comments?post=272895"}],"version-history":[{"count":0,"href":"https:\/\/www.europesays.com\/fr\/wp-json\/wp\/v2\/posts\/272895\/revisions"}],"wp:featuredmedia":[{"embeddable":true,"href":"https:\/\/www.europesays.com\/fr\/wp-json\/wp\/v2\/media\/272896"}],"wp:attachment":[{"href":"https:\/\/www.europesays.com\/fr\/wp-json\/wp\/v2\/media?parent=272895"}],"wp:term":[{"taxonomy":"category","embeddable":true,"href":"https:\/\/www.europesays.com\/fr\/wp-json\/wp\/v2\/categories?post=272895"},{"taxonomy":"post_tag","embeddable":true,"href":"https:\/\/www.europesays.com\/fr\/wp-json\/wp\/v2\/tags?post=272895"}],"curies":[{"name":"wp","href":"https:\/\/api.w.org\/{rel}","templated":true}]}}