{"id":272901,"date":"2025-07-25T13:54:14","date_gmt":"2025-07-25T13:54:14","guid":{"rendered":"https:\/\/www.europesays.com\/fr\/272901\/"},"modified":"2025-07-25T13:54:14","modified_gmt":"2025-07-25T13:54:14","slug":"savoir-nager-pour-prevenir-les-noyades-actualites","status":"publish","type":"post","link":"https:\/\/www.europesays.com\/fr\/272901\/","title":{"rendered":"\u00ab Savoir nager \u00bb, pour pr\u00e9venir les noyades \/ Actualit\u00e9s"},"content":{"rendered":"<p>La Ville de Lille se mobilise et met en place, du 8 juillet au 18 ao\u00fbt, la quatri\u00e8me \u00e9dition du dispositif \u00ab\u00a0Savoir nager\u00a0\u00bb.<\/p>\n<p>            <img loading=\"lazy\" decoding=\"async\" src=\"\/var\/www\/storage\/images\/mediatheque\/mairie-de-lille\/actualites\/images\/2025\/juillet-2025\/savoir-nager\/3825542-1-fre-FR\/savoir-nager_news_image_top.jpg\" width=\"779\" height=\"519\" alt=\"\"\/><\/p>\n<p>Les noyades constituent la premi\u00e8re cause de d\u00e9c\u00e8s par accident de la vie courante chez les moins de 25 ans, selon une publication de l\u2019Institut national de la jeunesse et de l\u2019\u00e9ducation populaire (analyse en juin 2021).<\/p>\n<p>Pour pr\u00e9venir ce risque, <strong>la Ville de Lille met en place de nombreuses initiatives<\/strong> visant \u00e0 apprendre \u00e0 nager aux jeunes sur le temps scolaire.<\/p>\n<p>Les dispositifs de la Ville<\/p>\n<ul class=\"listPuce\">\n<li>\nDepuis plus de 20 ans, dans le cadre du PEG <strong>la Ville de Lille, d\u00e9ploie un plan sport afin d\u2019accompagner tous les \u00e9l\u00e8ves lillois<\/strong>, du CP au CM2, pour apprendre \u00e0 nager. Les maitres-nageurs sauveteurs de la Ville, qui ont l\u2019agr\u00e9ment de l\u2019Education Nationale, sont aux c\u00f4t\u00e9s de tous les \u00e9l\u00e8ves lillois du CP au CM1, d\u2019abord pour r\u00e9aliser des s\u00e9ances aquatiques puis des s\u00e9ances \u00ab\u00a0apprendre \u00e0 nager\u00a0\u00bb. Pour celles et ceux qui rencontrent des difficult\u00e9s d\u2019apprentissage, des s\u00e9ances de rattrapage sont organis\u00e9es en CM2.<br \/>\u00a0<\/li>\n<li>\nPendant les vacances scolaires, <strong>des stages sont \u00e9galement organis\u00e9s<\/strong> dans les piscines.<br \/>\u00a0<\/li>\n<li><strong>Depuis 2022, la Ville de Lille a mis en place un dispositif estival \u00ab savoir nager \u00bb<\/strong>, prioritairement pour les enfants non-nageurs ou en cours de familiarisation avec la natation. Au total, 273 enfants ont b\u00e9n\u00e9fici\u00e9 de ces stages au cours des trois ann\u00e9es pr\u00e9c\u00e9dentes.<\/li>\n<\/ul>\n<p>\u00ab savoir nager \u00bb<\/p>\n<p>Pour cet \u00e9t\u00e9 2025, du 8 juillet au 18 ao\u00fbt, <strong>12 stages d\u2019apprentissage sont organis\u00e9s<\/strong> : 6 stages de dix jours chacun \u00e0 la piscine Plein Sud et 6 stages de quatre jours chacun \u00e0 la piscine Marx-Dormoy. Chaque s\u00e9ance dure 30 minutes (Marx-Dormoy) ou 40 minutes (Plein Sud). Les s\u00e9ances sont encadr\u00e9es par des ma\u00eetres-nageurs sauveteurs (MNS) de la Ville. Un MNS est charg\u00e9 d\u2019un groupe de 10 enfants par stage.<\/p>\n<p><strong>120 places ont \u00e9t\u00e9 offertes pour les enfants \u00e2g\u00e9s de 6 \u00e0 12 ans<\/strong>. Les enfants sont principalement s\u00e9lectionn\u00e9s parmi les listes d\u2019attente d\u2019enfants non-nageurs ou en cours de familiarisation avec la natation qui n\u2019ont pas pu int\u00e9grer les dispositifs municipaux \u00e0 l\u2019ann\u00e9e. Les enfants s\u2019inscrivent pour toute la dur\u00e9e de chaque stage.<\/p>\n<p>Les tarifs sont de <strong>4,5 euros par le\u00e7on pour les Lillois<\/strong> et 7 euros par le\u00e7on pour les non-lillois.\u00a0A l\u2019issue du stage et \u00e0 la demande des parents, un certificat d\u2019aisance aquatique peut \u00eatre d\u00e9livr\u00e9 par les MNS si le test est concluant.<\/p>\n<p>Calendrier des stages<\/p>\n<p><strong>Pour la piscine Marx Dormoy<\/strong><\/p>\n<p>Deux s\u00e9ances simultan\u00e9es de 30 minutes sont organis\u00e9es du mardi au vendredi de 11h45 \u00e0 12h15 selon le planning suivant :<\/p>\n<ul class=\"listPuce\">\n<li>Du 8 au 11 juillet 2025 (r\u00e9alis\u00e9),<\/li>\n<li>Du 15 au 18 juillet 2025 (r\u00e9alis\u00e9),<\/li>\n<li>Du 22 au 25 juillet 2025 (en cours).<\/li>\n<\/ul>\n<p><strong>Pour la piscine Plein Sud<\/strong><\/p>\n<p>Deux s\u00e9ances cons\u00e9cutives de 40 minutes seront dispens\u00e9es du lundi au vendredi de 09h00 \u00e0 09h40 et de 09h40 \u00e0 10h20 selon le planning suivant (il est pr\u00e9cis\u00e9 que chaque enfant s\u2019engage \u00e0 participer \u00e0 deux semaines d\u2019apprentissage) :<\/p>\n<ul class=\"listPuce\">\n<li>Du 21 juillet au 1er ao\u00fbt 2025 (en cours)<\/li>\n<li>Du 4 au 14 ao\u00fbt 2025 (\u00e0 venir)<\/li>\n<li>Du 18 au 29 ao\u00fbt 2025 (\u00e0 venir)<\/li>\n<\/ul>\n","protected":false},"excerpt":{"rendered":"La Ville de Lille se mobilise et met en place, du 8 juillet au 18 ao\u00fbt, la quatri\u00e8me&hellip;\n","protected":false},"author":2,"featured_media":272902,"comment_status":"","ping_status":"","sticky":false,"template":"","format":"standard","meta":{"footnotes":""},"categories":[2815],"tags":[1111,11,4763,1777,674,1011,27,811,1307,5415,12,25],"class_list":{"0":"post-272901","1":"post","2":"type-post","3":"status-publish","4":"format-standard","5":"has-post-thumbnail","7":"category-lille","8":"tag-actu","9":"tag-actualites","10":"tag-agenda","11":"tag-eu","12":"tag-europe","13":"tag-fr","14":"tag-france","15":"tag-hauts-de-france","16":"tag-lille","17":"tag-mairie","18":"tag-news","19":"tag-republique-francaise"},"share_on_mastodon":{"url":"https:\/\/pubeurope.com\/@fr\/114914214808597632","error":""},"_links":{"self":[{"href":"https:\/\/www.europesays.com\/fr\/wp-json\/wp\/v2\/posts\/272901","targetHints":{"allow":["GET"]}}],"collection":[{"href":"https:\/\/www.europesays.com\/fr\/wp-json\/wp\/v2\/posts"}],"about":[{"href":"https:\/\/www.europesays.com\/fr\/wp-json\/wp\/v2\/types\/post"}],"author":[{"embeddable":true,"href":"https:\/\/www.europesays.com\/fr\/wp-json\/wp\/v2\/users\/2"}],"replies":[{"embeddable":true,"href":"https:\/\/www.europesays.com\/fr\/wp-json\/wp\/v2\/comments?post=272901"}],"version-history":[{"count":0,"href":"https:\/\/www.europesays.com\/fr\/wp-json\/wp\/v2\/posts\/272901\/revisions"}],"wp:featuredmedia":[{"embeddable":true,"href":"https:\/\/www.europesays.com\/fr\/wp-json\/wp\/v2\/media\/272902"}],"wp:attachment":[{"href":"https:\/\/www.europesays.com\/fr\/wp-json\/wp\/v2\/media?parent=272901"}],"wp:term":[{"taxonomy":"category","embeddable":true,"href":"https:\/\/www.europesays.com\/fr\/wp-json\/wp\/v2\/categories?post=272901"},{"taxonomy":"post_tag","embeddable":true,"href":"https:\/\/www.europesays.com\/fr\/wp-json\/wp\/v2\/tags?post=272901"}],"curies":[{"name":"wp","href":"https:\/\/api.w.org\/{rel}","templated":true}]}}