{"id":272903,"date":"2025-07-25T13:55:11","date_gmt":"2025-07-25T13:55:11","guid":{"rendered":"https:\/\/www.europesays.com\/fr\/272903\/"},"modified":"2025-07-25T13:55:11","modified_gmt":"2025-07-25T13:55:11","slug":"situation-dinsalubrite-dans-le-metro-marseillais-les-usagers-alertent-lars-sur-les-risques-sanitaires","status":"publish","type":"post","link":"https:\/\/www.europesays.com\/fr\/272903\/","title":{"rendered":"\u00ab\u00a0Situation d\u2019insalubrit\u00e9\u00a0\u00bb dans le m\u00e9tro marseillais\u00a0: les usagers alertent l\u2019ARS sur les risques sanitaires"},"content":{"rendered":"<p class=\"paragraph text_align_left lp-f-body-02\">Trop c\u2019est trop pour le comit\u00e9 des usagers des transports marseillais, qui vient de saisir l\u2019Agence r\u00e9gionale de sant\u00e9 pour \u00ab mener une mission d\u2019inspection afin de conna\u00eetre <a href=\"https:\/\/www.leparisien.fr\/bouches-du-rhone-13\/cest-repugnant-a-marseille-une-salete-record-dans-les-stations-de-metro-25-09-2024-6YW6WLH4M5GLXE27XUVLTZ3VPQ.php\" target=\"_blank\" rel=\"noreferrer noopener\">l\u2019\u00e9tat d\u2019insalubrit\u00e9 et d\u2019hygi\u00e8ne des stations du m\u00e9tro marseillais<\/a> et potentiellement des risques encourus par la population \u00bb.<\/p>\n<p class=\"paragraph text_align_left lp-f-body-02\">Englu\u00e9e depuis des mois dans des <a href=\"https:\/\/www.leparisien.fr\/bouches-du-rhone-13\/menaces-plaintes-pourquoi-la-greve-du-nettoyage-dans-le-metro-senlise-a-marseille-14-11-2024-GIATYR4X5BEWTB6AEWVV7KBQDY.php\" target=\"_blank\" rel=\"noreferrer noopener\">conflits avec des prestataires successifs<\/a> contre lesquels elle a port\u00e9 plainte et dont les contrats ont \u00e9t\u00e9 cass\u00e9s pour manque de r\u00e9sultats, la R\u00e9gie des transports m\u00e9tropolitains (RTM) a de son c\u00f4t\u00e9 promis des am\u00e9liorations, en demandant notamment \u00e0 la pr\u00e9fecture la r\u00e9quisition d\u2019une entreprise de nettoyage.<\/p>\n<p class=\"paragraph text_align_left lp-f-body-02\">Les traces au sol et sur les murs, les poubelles d\u00e9bordantes, mais aussi la salet\u00e9 dans les rames, qui avaient conduit les agents \u00e0 exercer leur droit de retrait en juin, devraient donc dispara\u00eetre sans que le probl\u00e8me de fond ne soit rapidement r\u00e9gl\u00e9.<\/p>\n<p>\u00ab Il y aura un d\u00e9lai avant un retour \u00e0 la normale \u00bb<\/p>\n<p class=\"paragraph text_align_left lp-f-body-02\">\u00ab La RTM a lanc\u00e9 un appel d\u2019offres pour de nouveaux march\u00e9s de nettoyage du m\u00e9tro \u00bb, indique la soci\u00e9t\u00e9. \u00ab Le cahier des charges comporte des dispositions permettant d\u2019\u00e9chapper aux travers ayant conduit \u00e0 la situation actuelle, dont la RTM est elle aussi victime. \u00bb<\/p>\n<p class=\"paragraph text_align_left lp-f-body-02\">\u00ab La r\u00e9quisition ne r\u00e9glera pas tout et sera limit\u00e9e dans le temps, les r\u00e8gles administratives des appels d\u2019offres feront qu\u2019il y aura un d\u00e9lai avant un retour \u00e0 la normale \u00bb, pr\u00e9vient Nicolas Hue, pr\u00e9sident du comit\u00e9 des usagers des <a href=\"https:\/\/www.leparisien.fr\/bouches-du-rhone-13\/marseille-en-route-pour-une-gratuite-partielle-de-ses-transports-04-02-2025-QEL2Z33MFNFMNHOS2BNDEDIKKE.php\" target=\"_blank\" rel=\"noreferrer noopener\">transports marseillais<\/a>.<\/p>\n<p class=\"paragraph text_align_left lp-f-body-02\">\u00ab C\u2019est pourquoi nous demandons un vrai suivi de l\u2019ARS sur ce sujet, on en appelle au r\u00e8glement d\u00e9partemental de sant\u00e9 qui inclue l\u2019\u00e9limination et le traitement des d\u00e9chets. On est clairement sur une situation d\u2019insalubrit\u00e9 qui peut avoir des cons\u00e9quences n\u00e9fastes. Cette situation dure depuis des mois et nous n\u2019avons aucune visibilit\u00e9. \u00bb L\u2019ARS a simplement r\u00e9pondu au collectif que \u00ab le pr\u00e9fet des Bouches-du-Rh\u00f4ne s\u2019est saisi de la situation \u00bb.<\/p>\n","protected":false},"excerpt":{"rendered":"Trop c\u2019est trop pour le comit\u00e9 des usagers des transports marseillais, qui vient de saisir l\u2019Agence r\u00e9gionale de&hellip;\n","protected":false},"author":2,"featured_media":272904,"comment_status":"","ping_status":"","sticky":false,"template":"","format":"standard","meta":{"footnotes":""},"categories":[2814],"tags":[1111,917,11,11004,459,1777,674,1011,27,884,12,882,25,104],"class_list":{"0":"post-272903","1":"post","2":"type-post","3":"status-publish","4":"format-standard","5":"has-post-thumbnail","7":"category-marseille","8":"tag-actu","9":"tag-actu-locale","10":"tag-actualites","11":"tag-bouches-du-rhone-13","12":"tag-departements-horsidfo","13":"tag-eu","14":"tag-europe","15":"tag-fr","16":"tag-france","17":"tag-marseille","18":"tag-news","19":"tag-provence-alpes-cote-dazur","20":"tag-republique-francaise","21":"tag-societe"},"share_on_mastodon":{"url":"https:\/\/pubeurope.com\/@fr\/114914218638231586","error":""},"_links":{"self":[{"href":"https:\/\/www.europesays.com\/fr\/wp-json\/wp\/v2\/posts\/272903","targetHints":{"allow":["GET"]}}],"collection":[{"href":"https:\/\/www.europesays.com\/fr\/wp-json\/wp\/v2\/posts"}],"about":[{"href":"https:\/\/www.europesays.com\/fr\/wp-json\/wp\/v2\/types\/post"}],"author":[{"embeddable":true,"href":"https:\/\/www.europesays.com\/fr\/wp-json\/wp\/v2\/users\/2"}],"replies":[{"embeddable":true,"href":"https:\/\/www.europesays.com\/fr\/wp-json\/wp\/v2\/comments?post=272903"}],"version-history":[{"count":0,"href":"https:\/\/www.europesays.com\/fr\/wp-json\/wp\/v2\/posts\/272903\/revisions"}],"wp:featuredmedia":[{"embeddable":true,"href":"https:\/\/www.europesays.com\/fr\/wp-json\/wp\/v2\/media\/272904"}],"wp:attachment":[{"href":"https:\/\/www.europesays.com\/fr\/wp-json\/wp\/v2\/media?parent=272903"}],"wp:term":[{"taxonomy":"category","embeddable":true,"href":"https:\/\/www.europesays.com\/fr\/wp-json\/wp\/v2\/categories?post=272903"},{"taxonomy":"post_tag","embeddable":true,"href":"https:\/\/www.europesays.com\/fr\/wp-json\/wp\/v2\/tags?post=272903"}],"curies":[{"name":"wp","href":"https:\/\/api.w.org\/{rel}","templated":true}]}}