{"id":272909,"date":"2025-07-25T13:58:11","date_gmt":"2025-07-25T13:58:11","guid":{"rendered":"https:\/\/www.europesays.com\/fr\/272909\/"},"modified":"2025-07-25T13:58:11","modified_gmt":"2025-07-25T13:58:11","slug":"a-la-croix-rousse-la-rue-du-mail-devenue-pietonne-fait-lunanimite","status":"publish","type":"post","link":"https:\/\/www.europesays.com\/fr\/272909\/","title":{"rendered":"\u00e0 la Croix-Rousse, la rue du Mail devenue pi\u00e9tonne fait l\u2019unanimit\u00e9"},"content":{"rendered":"<p>Encore plus de monde que d\u2019habitude dans cette petite rue de la Croix-Rousse qui depuis quelques mois s\u2019est d\u00e9couvert une nouvelle vocation. D\u00e9sormais pi\u00e9tonne et ferm\u00e9e \u00e0 la circulation, elle est, selon les habitu\u00e9s, en passe de devenir la rue la plus agr\u00e9able du plateau. Bienvenue dans la rue du Mail, nouvelle g\u00e9n\u00e9ration, l\u2019une des art\u00e8res centrales et commer\u00e7antes du c\u0153ur Croix-Rousse qui accueillait ce vendredi, le maire du 4e Remi Zinck, le maire de Lyon Gr\u00e9gory Doucet et le pr\u00e9sident de la M\u00e9tropole Bruno Bernard. Du beau monde\u00a0pour son inauguration. L\u2019occasion&#8230;<\/p>\n","protected":false},"excerpt":{"rendered":"Encore plus de monde que d\u2019habitude dans cette petite rue de la Croix-Rousse qui depuis quelques mois s\u2019est&hellip;\n","protected":false},"author":2,"featured_media":272910,"comment_status":"","ping_status":"","sticky":false,"template":"","format":"standard","meta":{"footnotes":""},"categories":[1889],"tags":[1111,11,2430,4749,33,2757,1777,674,1011,27,2428,10928,10927,12,25],"class_list":{"0":"post-272909","1":"post","2":"type-post","3":"status-publish","4":"format-standard","5":"has-post-thumbnail","7":"category-lyon","8":"tag-actu","9":"tag-actualites","10":"tag-auvergne-rhone-alpes","11":"tag-btp-et-chantiers","12":"tag-economie","13":"tag-edition-lyon-villeurbanne","14":"tag-eu","15":"tag-europe","16":"tag-fr","17":"tag-france","18":"tag-lyon","19":"tag-lyon-4e","20":"tag-lyon-4e-arrondissement","21":"tag-news","22":"tag-republique-francaise"},"share_on_mastodon":{"url":"https:\/\/pubeurope.com\/@fr\/114914230473058426","error":""},"_links":{"self":[{"href":"https:\/\/www.europesays.com\/fr\/wp-json\/wp\/v2\/posts\/272909","targetHints":{"allow":["GET"]}}],"collection":[{"href":"https:\/\/www.europesays.com\/fr\/wp-json\/wp\/v2\/posts"}],"about":[{"href":"https:\/\/www.europesays.com\/fr\/wp-json\/wp\/v2\/types\/post"}],"author":[{"embeddable":true,"href":"https:\/\/www.europesays.com\/fr\/wp-json\/wp\/v2\/users\/2"}],"replies":[{"embeddable":true,"href":"https:\/\/www.europesays.com\/fr\/wp-json\/wp\/v2\/comments?post=272909"}],"version-history":[{"count":0,"href":"https:\/\/www.europesays.com\/fr\/wp-json\/wp\/v2\/posts\/272909\/revisions"}],"wp:featuredmedia":[{"embeddable":true,"href":"https:\/\/www.europesays.com\/fr\/wp-json\/wp\/v2\/media\/272910"}],"wp:attachment":[{"href":"https:\/\/www.europesays.com\/fr\/wp-json\/wp\/v2\/media?parent=272909"}],"wp:term":[{"taxonomy":"category","embeddable":true,"href":"https:\/\/www.europesays.com\/fr\/wp-json\/wp\/v2\/categories?post=272909"},{"taxonomy":"post_tag","embeddable":true,"href":"https:\/\/www.europesays.com\/fr\/wp-json\/wp\/v2\/tags?post=272909"}],"curies":[{"name":"wp","href":"https:\/\/api.w.org\/{rel}","templated":true}]}}