{"id":272919,"date":"2025-07-25T14:03:12","date_gmt":"2025-07-25T14:03:12","guid":{"rendered":"https:\/\/www.europesays.com\/fr\/272919\/"},"modified":"2025-07-25T14:03:12","modified_gmt":"2025-07-25T14:03:12","slug":"si-tu-parles-on-te-tue-apres-le-meurtre-dun-dentiste-aux-lilas-le-calvaire-du-suspect-qui-a-brise-lomerta","status":"publish","type":"post","link":"https:\/\/www.europesays.com\/fr\/272919\/","title":{"rendered":"\u00ab\u00a0Si tu parles, on te tue\u00a0\u00bb\u00a0: apr\u00e8s le meurtre d\u2019un dentiste aux\u00a0Lilas, le calvaire du suspect qui a bris\u00e9 l\u2019omerta"},"content":{"rendered":"<p class=\"paragraph text_align_left lp-f-body-02\">Il est le seul \u00e0 avoir voulu briser l\u2019omerta apr\u00e8s le drame qui a co\u00fbt\u00e9 la vie \u00e0 <a href=\"https:\/\/www.leparisien.fr\/seine-saint-denis-93\/ce-sera-la-rue-ou-le-docteur-rayane-lemmouchi-a-ete-assassine-lhommage-au-jeune-dentiste-tue-aux-lilas-03-06-2023-Y7D56ZK4PBHGPO6BO2353CY6LA.php\" target=\"_self\" rel=\"nofollow noopener\">Rayane Lemmouchi<\/a>. Le 20 mai 2023, ce jeune chirurgien-dentiste de 25 ans, avait \u00e9t\u00e9 frapp\u00e9 mortellement d\u2019un coup de machette, aux <a href=\"https:\/\/www.leparisien.fr\/seine-saint-denis-93\/les-lilas-93260\/\" target=\"_blank\" rel=\"noreferrer nofollow noopener\">Lilas<\/a> (Seine-Saint-Denis). Simplement parce qu\u2019il se trouvait sur la route d\u2019une bande du Pr\u00e9-Saint-Gervais venue en d\u00e9coudre avec quiconque aux Lilas, apr\u00e8s une embrouille lors d\u2019un anniversaire quelques heures plus t\u00f4t. Pris \u00e0 partie puis touch\u00e9 \u00e0 l\u2019art\u00e8re f\u00e9morale alors qu\u2019il prot\u00e9geait ses deux cousins, il n\u2019avait pas surv\u00e9cu.<\/p>\n<p class=\"paragraph text_align_left lp-f-body-02\">Interpell\u00e9 au lendemain du meurtre, Moussa (le pr\u00e9nom a \u00e9t\u00e9 chang\u00e9), un mineur de 17 ans, est mis en examen pour \u00ab meurtre en bande organis\u00e9e \u00bb, plac\u00e9 sous contr\u00f4le judiciaire et confi\u00e9 \u00e0 un foyer. Comme les <a href=\"https:\/\/www.leparisien.fr\/seine-saint-denis-93\/meurtre-de-rayane-aux-lilas-interpellation-de-huit-jeunes-originaires-du-pre-saint-gervais-11-12-2023-GRBMVVTXV5DVRIYQTHWWAOHLVA.php\" target=\"_self\" rel=\"nofollow noopener\">9 autres jeunes interpell\u00e9s pendant l\u2019enqu\u00eate<\/a> du SDPJ 93, il est originaire du quartier de la ZAC au Pr\u00e9 Saint-Gervais. Mais contrairement \u00e0 eux, il s\u2019est montr\u00e9 un peu plus disert devant les policiers lors de sa garde \u00e0 vue. Ce qui lui a valu de gros soucis.<\/p>\n","protected":false},"excerpt":{"rendered":"Il est le seul \u00e0 avoir voulu briser l\u2019omerta apr\u00e8s le drame qui a co\u00fbt\u00e9 la vie \u00e0&hellip;\n","protected":false},"author":2,"featured_media":272920,"comment_status":"","ping_status":"","sticky":false,"template":"","format":"standard","meta":{"footnotes":""},"categories":[1888],"tags":[11,1777,674,118,1011,27,1944,12,626,25,1945],"class_list":{"0":"post-272919","1":"post","2":"type-post","3":"status-publish","4":"format-standard","5":"has-post-thumbnail","7":"category-paris","8":"tag-actualites","9":"tag-eu","10":"tag-europe","11":"tag-faits-divers","12":"tag-fr","13":"tag-france","14":"tag-ma-ville","15":"tag-news","16":"tag-paris","17":"tag-republique-francaise","18":"tag-seine-saint-denis"},"share_on_mastodon":{"url":"https:\/\/pubeurope.com\/@fr\/114914250271804311","error":""},"_links":{"self":[{"href":"https:\/\/www.europesays.com\/fr\/wp-json\/wp\/v2\/posts\/272919","targetHints":{"allow":["GET"]}}],"collection":[{"href":"https:\/\/www.europesays.com\/fr\/wp-json\/wp\/v2\/posts"}],"about":[{"href":"https:\/\/www.europesays.com\/fr\/wp-json\/wp\/v2\/types\/post"}],"author":[{"embeddable":true,"href":"https:\/\/www.europesays.com\/fr\/wp-json\/wp\/v2\/users\/2"}],"replies":[{"embeddable":true,"href":"https:\/\/www.europesays.com\/fr\/wp-json\/wp\/v2\/comments?post=272919"}],"version-history":[{"count":0,"href":"https:\/\/www.europesays.com\/fr\/wp-json\/wp\/v2\/posts\/272919\/revisions"}],"wp:featuredmedia":[{"embeddable":true,"href":"https:\/\/www.europesays.com\/fr\/wp-json\/wp\/v2\/media\/272920"}],"wp:attachment":[{"href":"https:\/\/www.europesays.com\/fr\/wp-json\/wp\/v2\/media?parent=272919"}],"wp:term":[{"taxonomy":"category","embeddable":true,"href":"https:\/\/www.europesays.com\/fr\/wp-json\/wp\/v2\/categories?post=272919"},{"taxonomy":"post_tag","embeddable":true,"href":"https:\/\/www.europesays.com\/fr\/wp-json\/wp\/v2\/tags?post=272919"}],"curies":[{"name":"wp","href":"https:\/\/api.w.org\/{rel}","templated":true}]}}